{"id":53161,"date":"2023-04-27T10:48:11","date_gmt":"2023-04-27T08:48:11","guid":{"rendered":"https:\/\/tierheim-moers.de\/Wordpress\/?p=53161"},"modified":"2023-04-27T10:49:02","modified_gmt":"2023-04-27T08:49:02","slug":"paula-die-grande-dame-hat-sich-auf-den-weg-gemacht-%f0%9f%8c%88-26-04-2023","status":"publish","type":"post","link":"https:\/\/tierheim-moers.de\/Wordpress\/paula-die-grande-dame-hat-sich-auf-den-weg-gemacht-%f0%9f%8c%88-26-04-2023\/","title":{"rendered":"Paula &#8230; die Grande Dame hat sich auf den Weg gemacht &#8211; &#x1f308; 26.04.2023"},"content":{"rendered":"<p>&nbsp;<\/p>\n<div dir=\"auto\">Ein St\u00fcck weit fehlen uns die Worte, Euch die n\u00e4chste Nachricht zu \u00fcberbringen, weil es f\u00fcr uns selbst so derart pl\u00f6tzlich und unerwartet kam, dass wir es kaum fassen k\u00f6nnen &#8230;<\/div>\n<div dir=\"auto\">Auch unserer Hof-Chefin Paula hat gestern ihre letzte Reise angetreten &#8230; die Grande Dame des Tierheims hat uns verlassen &#8211; und das genau so, wie sie uns all die Jahre begleitet hat:<\/div>\n<div dir=\"auto\">Paula war keine Katze der halben Sachen &#8230; wenn sie hungrig war, dann gab es keine Sekunde mehr, die F\u00fctterung hinauszuschieben &#8230; wenn sie ihre Milch wollte, dann subito &#8230; streicheln lie\u00df sie sich gerne &#8230; auf den Arm nehmen war tabu<\/div>\n<div dir=\"auto\">Auch ihr letzter Tag war so &#8230; es gab keine Vorzeichen oder Ahnungen &#8230; ihr Herz versagte und sie drohte zu ersticken.<\/div>\n<div dir=\"auto\">Das einzige, was gestern anders war, als all die Jahre zuvor, war, dass wir sie im Arm halten durften. Im Arm ihrer vertrauten Pflegerin bewahrten wir sie vor dem Erstickungstod. Ihren letzten Herzschlag durften wir mit mehr N\u00e4he begleiten, als sie uns zuvor jemals zugestanden hatte. Vielleicht war das Paula\u00b4s Abschiedsgeschenk an uns.<\/div>\n<div dir=\"auto\">Paula, Du wirst ein Teil des Tierheims bleiben. Es gibt keine Stelle, an der wir nicht sagen werden &#8220;Wei\u00dft Du noch, als Paula hier &#8230; &#8221; &#8211; sogar im Hundehaus hast Du Deine Pfotenabdr\u00fccke hinterlassen.<\/div>\n<div dir=\"auto\">&nbsp;<\/div>\n<div dir=\"auto\">Run free <span class=\"x3nfvp2 x1j61x8r x1fcty0u xdj266r xhhsvwb xat24cr xgzva0m xxymvpz xlup9mm x1kky2od\"><img decoding=\"async\" src=\"https:\/\/static.xx.fbcdn.net\/images\/emoji.php\/v9\/te7\/1\/16\/1f494.png\" alt=\"&#x1f494;\" width=\"16\" height=\"16\"><\/span><\/div>\n<div dir=\"auto\">&nbsp;<\/div>\n<div dir=\"auto\"><a href=\"https:\/\/tierheim-moers.de\/Wordpress\/wp-content\/uploads\/2023\/04\/Paula16.jpg\"><img fetchpriority=\"high\" decoding=\"async\" class=\"alignnone size-medium wp-image-53157\" src=\"https:\/\/tierheim-moers.de\/Wordpress\/wp-content\/uploads\/2023\/04\/Paula16-300x300.jpg\" alt=\"\" width=\"300\" height=\"300\"><\/a><\/div>\n<div class=\"shariff shariff-align-flex-start shariff-widget-align-center\" data-url=\"https%3A%2F%2Ftierheim-moers.de%2FWordpress%2Fpaula-die-grande-dame-hat-sich-auf-den-weg-gemacht-%25f0%259f%258c%2588-26-04-2023%2F\" data-timestamp=\"1682592542\" data-hidezero=\"1\" data-backendurl=\"https:\/\/tierheim-moers.de\/Wordpress\/wp-json\/shariff\/v1\/share_counts?\"><ul class=\"shariff-buttons theme-round orientation-horizontal buttonsize-small\"><li class=\"shariff-button facebook shariff-nocustomcolor\" style=\"background-color:#4273c8\"><a href=\"https:\/\/www.facebook.com\/sharer\/sharer.php?u=https%3A%2F%2Ftierheim-moers.de%2FWordpress%2Fpaula-die-grande-dame-hat-sich-auf-den-weg-gemacht-%25f0%259f%258c%2588-26-04-2023%2F\" title=\"Bei Facebook teilen\" aria-label=\"Bei Facebook teilen\" role=\"button\" rel=\"nofollow\" class=\"shariff-link\" style=\"; background-color:#3b5998; color:#fff\" target=\"_blank\"><span class=\"shariff-icon\" style=\"\"><svg width=\"32px\" height=\"20px\" xmlns=\"http:\/\/www.w3.org\/2000\/svg\" viewBox=\"0 0 18 32\"><path fill=\"#3b5998\" d=\"M17.1 0.2v4.7h-2.8q-1.5 0-2.1 0.6t-0.5 1.9v3.4h5.2l-0.7 5.3h-4.5v13.6h-5.5v-13.6h-4.5v-5.3h4.5v-3.9q0-3.3 1.9-5.2t5-1.8q2.6 0 4.1 0.2z\"\/><\/svg><\/span><\/a><\/li><li class=\"shariff-button twitter shariff-nocustomcolor\" style=\"background-color:#595959\"><a href=\"https:\/\/twitter.com\/share?url=https%3A%2F%2Ftierheim-moers.de%2FWordpress%2Fpaula-die-grande-dame-hat-sich-auf-den-weg-gemacht-%25f0%259f%258c%2588-26-04-2023%2F&text=Paula%20%E2%80%A6%20die%20Grande%20Dame%20hat%20sich%20auf%20den%20Weg%20gemacht%20%E2%80%93%20%F0%9F%8C%88%2026.04.2023\" title=\"Bei X teilen\" aria-label=\"Bei X teilen\" role=\"button\" rel=\"noopener nofollow\" class=\"shariff-link\" style=\"; background-color:#000; color:#fff\" target=\"_blank\"><span class=\"shariff-icon\" style=\"\"><svg width=\"32px\" height=\"20px\" xmlns=\"http:\/\/www.w3.org\/2000\/svg\" viewBox=\"0 0 24 24\"><path fill=\"#000\" d=\"M14.258 10.152L23.176 0h-2.113l-7.747 8.813L7.133 0H0l9.352 13.328L0 23.973h2.113l8.176-9.309 6.531 9.309h7.133zm-2.895 3.293l-.949-1.328L2.875 1.56h3.246l6.086 8.523.945 1.328 7.91 11.078h-3.246zm0 0\"\/><\/svg><\/span><\/a><\/li><li class=\"shariff-button whatsapp shariff-nocustomcolor\" style=\"background-color:#5cbe4a\"><a href=\"https:\/\/api.whatsapp.com\/send?text=https%3A%2F%2Ftierheim-moers.de%2FWordpress%2Fpaula-die-grande-dame-hat-sich-auf-den-weg-gemacht-%25f0%259f%258c%2588-26-04-2023%2F%20Paula%20%E2%80%A6%20die%20Grande%20Dame%20hat%20sich%20auf%20den%20Weg%20gemacht%20%E2%80%93%20%F0%9F%8C%88%2026.04.2023\" title=\"Bei Whatsapp teilen\" aria-label=\"Bei Whatsapp teilen\" role=\"button\" rel=\"noopener nofollow\" class=\"shariff-link\" style=\"; background-color:#34af23; color:#fff\" target=\"_blank\"><span class=\"shariff-icon\" style=\"\"><svg width=\"32px\" height=\"20px\" xmlns=\"http:\/\/www.w3.org\/2000\/svg\" viewBox=\"0 0 32 32\"><path fill=\"#34af23\" d=\"M17.6 17.4q0.2 0 1.7 0.8t1.6 0.9q0 0.1 0 0.3 0 0.6-0.3 1.4-0.3 0.7-1.3 1.2t-1.8 0.5q-1 0-3.4-1.1-1.7-0.8-3-2.1t-2.6-3.3q-1.3-1.9-1.3-3.5v-0.1q0.1-1.6 1.3-2.8 0.4-0.4 0.9-0.4 0.1 0 0.3 0t0.3 0q0.3 0 0.5 0.1t0.3 0.5q0.1 0.4 0.6 1.6t0.4 1.3q0 0.4-0.6 1t-0.6 0.8q0 0.1 0.1 0.3 0.6 1.3 1.8 2.4 1 0.9 2.7 1.8 0.2 0.1 0.4 0.1 0.3 0 1-0.9t0.9-0.9zM14 26.9q2.3 0 4.3-0.9t3.6-2.4 2.4-3.6 0.9-4.3-0.9-4.3-2.4-3.6-3.6-2.4-4.3-0.9-4.3 0.9-3.6 2.4-2.4 3.6-0.9 4.3q0 3.6 2.1 6.6l-1.4 4.2 4.3-1.4q2.8 1.9 6.2 1.9zM14 2.2q2.7 0 5.2 1.1t4.3 2.9 2.9 4.3 1.1 5.2-1.1 5.2-2.9 4.3-4.3 2.9-5.2 1.1q-3.5 0-6.5-1.7l-7.4 2.4 2.4-7.2q-1.9-3.2-1.9-6.9 0-2.7 1.1-5.2t2.9-4.3 4.3-2.9 5.2-1.1z\"\/><\/svg><\/span><\/a><\/li><li class=\"shariff-button sms shariff-nocustomcolor shariff-mobile\" style=\"background-color:#d7d9d8\"><a href=\"sms:?&body=https%3A%2F%2Ftierheim-moers.de%2FWordpress%2Fpaula-die-grande-dame-hat-sich-auf-den-weg-gemacht-%25f0%259f%258c%2588-26-04-2023%2F\" title=\"Per SMS teilen\" aria-label=\"Per SMS teilen\" role=\"button\" rel=\"noopener nofollow\" class=\"shariff-link\" style=\"; background-color:#a1e877; color:#fff\" target=\"_blank\"><span class=\"shariff-icon\" style=\"\"><svg xmlns=\"http:\/\/www.w3.org\/2000\/svg\" width=\"510\" height=\"510\" viewBox=\"0 0 510 510\"><path fill=\"#a1e877\" d=\"M459 0H51C23 0 0 23 0 51v459l102-102h357c28.1 0 51-22.9 51-51V51C510 23 487.1 0 459 0zM178.5 229.5h-51v-51h51V229.5zM280.5 229.5h-51v-51h51V229.5zM382.5 229.5h-51v-51h51V229.5z\"\/><\/svg><\/span><\/a><\/li><\/ul><\/div>","protected":false},"excerpt":{"rendered":"<p>&nbsp; Ein St\u00fcck weit fehlen uns die Worte, Euch die n\u00e4chste Nachricht zu \u00fcberbringen, weil es f\u00fcr uns selbst so derart pl\u00f6tzlich und unerwartet kam, dass wir es kaum fassen k\u00f6nnen &#8230; Auch unserer Hof-Chefin Paula hat gestern ihre letzte Reise angetreten &#8230; die Grande Dame des Tierheims hat uns &#8230;<\/p>\n","protected":false},"author":7,"featured_media":53157,"comment_status":"closed","ping_status":"open","sticky":false,"template":"","format":"standard","meta":{"ngg_post_thumbnail":0,"footnotes":""},"categories":[35],"tags":[],"class_list":["post-53161","post","type-post","status-publish","format-standard","has-post-thumbnail","hentry","category-regenbogenbruecke","column","threecol","has-thumbnail"],"yoast_head":"<!-- This site is optimized with the Yoast SEO plugin v24.6 - https:\/\/yoast.com\/wordpress\/plugins\/seo\/ -->\n<title>Paula ... die Grande Dame hat sich auf den Weg gemacht - &#x1f308; 26.04.2023 | TIERHEIM MOERS<\/title>\n<meta name=\"robots\" content=\"index, follow, max-snippet:-1, max-image-preview:large, max-video-preview:-1\" \/>\n<link rel=\"canonical\" href=\"https:\/\/tierheim-moers.de\/Wordpress\/paula-die-grande-dame-hat-sich-auf-den-weg-gemacht-\ud83c\udf08-26-04-2023\/\" \/>\n<meta property=\"og:locale\" content=\"de_DE\" \/>\n<meta property=\"og:type\" content=\"article\" \/>\n<meta property=\"og:title\" content=\"Paula ... die Grande Dame hat sich auf den Weg gemacht - &#x1f308; 26.04.2023 | TIERHEIM MOERS\" \/>\n<meta property=\"og:description\" content=\"&nbsp; Ein St\u00fcck weit fehlen uns die Worte, Euch die n\u00e4chste Nachricht zu \u00fcberbringen, weil es f\u00fcr uns selbst so derart pl\u00f6tzlich &#8230;\" \/>\n<meta property=\"og:url\" content=\"https:\/\/tierheim-moers.de\/Wordpress\/paula-die-grande-dame-hat-sich-auf-den-weg-gemacht-\ud83c\udf08-26-04-2023\/\" \/>\n<meta property=\"og:site_name\" content=\"TIERHEIM MOERS\" \/>\n<meta property=\"article:publisher\" content=\"https:\/\/de-de.facebook.com\/moers.tierheim\" \/>\n<meta property=\"article:published_time\" content=\"2023-04-27T08:48:11+00:00\" \/>\n<meta property=\"article:modified_time\" content=\"2023-04-27T08:49:02+00:00\" \/>\n<meta property=\"og:image\" content=\"https:\/\/tierheim-moers.de\/Wordpress\/wp-content\/uploads\/2023\/04\/Paula16-e1682585281292.jpg\" \/>\n\t<meta property=\"og:image:width\" content=\"1156\" \/>\n\t<meta property=\"og:image:height\" content=\"752\" \/>\n\t<meta property=\"og:image:type\" content=\"image\/jpeg\" \/>\n<meta name=\"author\" content=\"Kathrin Novotny\" \/>\n<meta name=\"twitter:card\" content=\"summary_large_image\" \/>\n<meta name=\"twitter:label1\" content=\"Verfasst von\" \/>\n\t<meta name=\"twitter:data1\" content=\"Kathrin Novotny\" \/>\n\t<meta name=\"twitter:label2\" content=\"Gesch\u00e4tzte Lesezeit\" \/>\n\t<meta name=\"twitter:data2\" content=\"2\u00a0Minuten\" \/>\n<script type=\"application\/ld+json\" class=\"yoast-schema-graph\">{\"@context\":\"https:\/\/schema.org\",\"@graph\":[{\"@type\":\"Article\",\"@id\":\"https:\/\/tierheim-moers.de\/Wordpress\/paula-die-grande-dame-hat-sich-auf-den-weg-gemacht-%f0%9f%8c%88-26-04-2023\/#article\",\"isPartOf\":{\"@id\":\"https:\/\/tierheim-moers.de\/Wordpress\/paula-die-grande-dame-hat-sich-auf-den-weg-gemacht-%f0%9f%8c%88-26-04-2023\/\"},\"author\":{\"name\":\"Kathrin Novotny\",\"@id\":\"https:\/\/tierheim-moers.de\/Wordpress\/#\/schema\/person\/167de77fdd5ff85153606cdd34a5ffbc\"},\"headline\":\"Paula &#8230; die Grande Dame hat sich auf den Weg gemacht &#8211; &#x1f308; 26.04.2023\",\"datePublished\":\"2023-04-27T08:48:11+00:00\",\"dateModified\":\"2023-04-27T08:49:02+00:00\",\"mainEntityOfPage\":{\"@id\":\"https:\/\/tierheim-moers.de\/Wordpress\/paula-die-grande-dame-hat-sich-auf-den-weg-gemacht-%f0%9f%8c%88-26-04-2023\/\"},\"wordCount\":233,\"publisher\":{\"@id\":\"https:\/\/tierheim-moers.de\/Wordpress\/#organization\"},\"image\":{\"@id\":\"https:\/\/tierheim-moers.de\/Wordpress\/paula-die-grande-dame-hat-sich-auf-den-weg-gemacht-%f0%9f%8c%88-26-04-2023\/#primaryimage\"},\"thumbnailUrl\":\"https:\/\/tierheim-moers.de\/Wordpress\/wp-content\/uploads\/2023\/04\/Paula16-e1682585281292.jpg\",\"articleSection\":[\"Regenbogenbr\u00fccke\"],\"inLanguage\":\"de\"},{\"@type\":\"WebPage\",\"@id\":\"https:\/\/tierheim-moers.de\/Wordpress\/paula-die-grande-dame-hat-sich-auf-den-weg-gemacht-%f0%9f%8c%88-26-04-2023\/\",\"url\":\"https:\/\/tierheim-moers.de\/Wordpress\/paula-die-grande-dame-hat-sich-auf-den-weg-gemacht-%f0%9f%8c%88-26-04-2023\/\",\"name\":\"Paula ... die Grande Dame hat sich auf den Weg gemacht - &#x1f308; 26.04.2023 | TIERHEIM MOERS\",\"isPartOf\":{\"@id\":\"https:\/\/tierheim-moers.de\/Wordpress\/#website\"},\"primaryImageOfPage\":{\"@id\":\"https:\/\/tierheim-moers.de\/Wordpress\/paula-die-grande-dame-hat-sich-auf-den-weg-gemacht-%f0%9f%8c%88-26-04-2023\/#primaryimage\"},\"image\":{\"@id\":\"https:\/\/tierheim-moers.de\/Wordpress\/paula-die-grande-dame-hat-sich-auf-den-weg-gemacht-%f0%9f%8c%88-26-04-2023\/#primaryimage\"},\"thumbnailUrl\":\"https:\/\/tierheim-moers.de\/Wordpress\/wp-content\/uploads\/2023\/04\/Paula16-e1682585281292.jpg\",\"datePublished\":\"2023-04-27T08:48:11+00:00\",\"dateModified\":\"2023-04-27T08:49:02+00:00\",\"breadcrumb\":{\"@id\":\"https:\/\/tierheim-moers.de\/Wordpress\/paula-die-grande-dame-hat-sich-auf-den-weg-gemacht-%f0%9f%8c%88-26-04-2023\/#breadcrumb\"},\"inLanguage\":\"de\",\"potentialAction\":[{\"@type\":\"ReadAction\",\"target\":[\"https:\/\/tierheim-moers.de\/Wordpress\/paula-die-grande-dame-hat-sich-auf-den-weg-gemacht-%f0%9f%8c%88-26-04-2023\/\"]}]},{\"@type\":\"ImageObject\",\"inLanguage\":\"de\",\"@id\":\"https:\/\/tierheim-moers.de\/Wordpress\/paula-die-grande-dame-hat-sich-auf-den-weg-gemacht-%f0%9f%8c%88-26-04-2023\/#primaryimage\",\"url\":\"https:\/\/tierheim-moers.de\/Wordpress\/wp-content\/uploads\/2023\/04\/Paula16-e1682585281292.jpg\",\"contentUrl\":\"https:\/\/tierheim-moers.de\/Wordpress\/wp-content\/uploads\/2023\/04\/Paula16-e1682585281292.jpg\",\"width\":1156,\"height\":752},{\"@type\":\"BreadcrumbList\",\"@id\":\"https:\/\/tierheim-moers.de\/Wordpress\/paula-die-grande-dame-hat-sich-auf-den-weg-gemacht-%f0%9f%8c%88-26-04-2023\/#breadcrumb\",\"itemListElement\":[{\"@type\":\"ListItem\",\"position\":1,\"name\":\"Startseite\",\"item\":\"https:\/\/tierheim-moers.de\/Wordpress\/\"},{\"@type\":\"ListItem\",\"position\":2,\"name\":\"Paula &#8230; die Grande Dame hat sich auf den Weg gemacht &#8211; &#x1f308; 26.04.2023\"}]},{\"@type\":\"WebSite\",\"@id\":\"https:\/\/tierheim-moers.de\/Wordpress\/#website\",\"url\":\"https:\/\/tierheim-moers.de\/Wordpress\/\",\"name\":\"Tierheim Moers\",\"description\":\"Tierheim | Hundepension | Tierschutz | Moers\",\"publisher\":{\"@id\":\"https:\/\/tierheim-moers.de\/Wordpress\/#organization\"},\"potentialAction\":[{\"@type\":\"SearchAction\",\"target\":{\"@type\":\"EntryPoint\",\"urlTemplate\":\"https:\/\/tierheim-moers.de\/Wordpress\/?s={search_term_string}\"},\"query-input\":{\"@type\":\"PropertyValueSpecification\",\"valueRequired\":true,\"valueName\":\"search_term_string\"}}],\"inLanguage\":\"de\"},{\"@type\":\"Organization\",\"@id\":\"https:\/\/tierheim-moers.de\/Wordpress\/#organization\",\"name\":\"Tierheim Moers\",\"url\":\"https:\/\/tierheim-moers.de\/Wordpress\/\",\"logo\":{\"@type\":\"ImageObject\",\"inLanguage\":\"de\",\"@id\":\"https:\/\/tierheim-moers.de\/Wordpress\/#\/schema\/logo\/image\/\",\"url\":\"https:\/\/tierheim-moers.de\/Wordpress\/wp-content\/uploads\/2014\/04\/Logo-TSV-Moers-V01-RGB-300.png\",\"contentUrl\":\"https:\/\/tierheim-moers.de\/Wordpress\/wp-content\/uploads\/2014\/04\/Logo-TSV-Moers-V01-RGB-300.png\",\"width\":1052,\"height\":1038,\"caption\":\"Tierheim Moers\"},\"image\":{\"@id\":\"https:\/\/tierheim-moers.de\/Wordpress\/#\/schema\/logo\/image\/\"},\"sameAs\":[\"https:\/\/de-de.facebook.com\/moers.tierheim\"]},{\"@type\":\"Person\",\"@id\":\"https:\/\/tierheim-moers.de\/Wordpress\/#\/schema\/person\/167de77fdd5ff85153606cdd34a5ffbc\",\"name\":\"Kathrin Novotny\",\"image\":{\"@type\":\"ImageObject\",\"inLanguage\":\"de\",\"@id\":\"https:\/\/tierheim-moers.de\/Wordpress\/#\/schema\/person\/image\/\",\"url\":\"https:\/\/secure.gravatar.com\/avatar\/8dbd3a3cd58d0e299cb5bd95a6d53c79eebe36713eda62bbb3c41a749d06346f?s=96&d=mm&r=g\",\"contentUrl\":\"https:\/\/secure.gravatar.com\/avatar\/8dbd3a3cd58d0e299cb5bd95a6d53c79eebe36713eda62bbb3c41a749d06346f?s=96&d=mm&r=g\",\"caption\":\"Kathrin Novotny\"},\"url\":\"https:\/\/tierheim-moers.de\/Wordpress\/author\/kathrin\/\"}]}<\/script>\n<!-- \/ Yoast SEO plugin. -->","yoast_head_json":{"title":"Paula ... die Grande Dame hat sich auf den Weg gemacht - &#x1f308; 26.04.2023 | TIERHEIM MOERS","robots":{"index":"index","follow":"follow","max-snippet":"max-snippet:-1","max-image-preview":"max-image-preview:large","max-video-preview":"max-video-preview:-1"},"canonical":"https:\/\/tierheim-moers.de\/Wordpress\/paula-die-grande-dame-hat-sich-auf-den-weg-gemacht-\ud83c\udf08-26-04-2023\/","og_locale":"de_DE","og_type":"article","og_title":"Paula ... die Grande Dame hat sich auf den Weg gemacht - &#x1f308; 26.04.2023 | TIERHEIM MOERS","og_description":"&nbsp; Ein St\u00fcck weit fehlen uns die Worte, Euch die n\u00e4chste Nachricht zu \u00fcberbringen, weil es f\u00fcr uns selbst so derart pl\u00f6tzlich &#8230;","og_url":"https:\/\/tierheim-moers.de\/Wordpress\/paula-die-grande-dame-hat-sich-auf-den-weg-gemacht-\ud83c\udf08-26-04-2023\/","og_site_name":"TIERHEIM MOERS","article_publisher":"https:\/\/de-de.facebook.com\/moers.tierheim","article_published_time":"2023-04-27T08:48:11+00:00","article_modified_time":"2023-04-27T08:49:02+00:00","og_image":[{"width":1156,"height":752,"url":"https:\/\/tierheim-moers.de\/Wordpress\/wp-content\/uploads\/2023\/04\/Paula16-e1682585281292.jpg","type":"image\/jpeg"}],"author":"Kathrin Novotny","twitter_card":"summary_large_image","twitter_misc":{"Verfasst von":"Kathrin Novotny","Gesch\u00e4tzte Lesezeit":"2\u00a0Minuten"},"schema":{"@context":"https:\/\/schema.org","@graph":[{"@type":"Article","@id":"https:\/\/tierheim-moers.de\/Wordpress\/paula-die-grande-dame-hat-sich-auf-den-weg-gemacht-%f0%9f%8c%88-26-04-2023\/#article","isPartOf":{"@id":"https:\/\/tierheim-moers.de\/Wordpress\/paula-die-grande-dame-hat-sich-auf-den-weg-gemacht-%f0%9f%8c%88-26-04-2023\/"},"author":{"name":"Kathrin Novotny","@id":"https:\/\/tierheim-moers.de\/Wordpress\/#\/schema\/person\/167de77fdd5ff85153606cdd34a5ffbc"},"headline":"Paula &#8230; die Grande Dame hat sich auf den Weg gemacht &#8211; &#x1f308; 26.04.2023","datePublished":"2023-04-27T08:48:11+00:00","dateModified":"2023-04-27T08:49:02+00:00","mainEntityOfPage":{"@id":"https:\/\/tierheim-moers.de\/Wordpress\/paula-die-grande-dame-hat-sich-auf-den-weg-gemacht-%f0%9f%8c%88-26-04-2023\/"},"wordCount":233,"publisher":{"@id":"https:\/\/tierheim-moers.de\/Wordpress\/#organization"},"image":{"@id":"https:\/\/tierheim-moers.de\/Wordpress\/paula-die-grande-dame-hat-sich-auf-den-weg-gemacht-%f0%9f%8c%88-26-04-2023\/#primaryimage"},"thumbnailUrl":"https:\/\/tierheim-moers.de\/Wordpress\/wp-content\/uploads\/2023\/04\/Paula16-e1682585281292.jpg","articleSection":["Regenbogenbr\u00fccke"],"inLanguage":"de"},{"@type":"WebPage","@id":"https:\/\/tierheim-moers.de\/Wordpress\/paula-die-grande-dame-hat-sich-auf-den-weg-gemacht-%f0%9f%8c%88-26-04-2023\/","url":"https:\/\/tierheim-moers.de\/Wordpress\/paula-die-grande-dame-hat-sich-auf-den-weg-gemacht-%f0%9f%8c%88-26-04-2023\/","name":"Paula ... die Grande Dame hat sich auf den Weg gemacht - &#x1f308; 26.04.2023 | TIERHEIM MOERS","isPartOf":{"@id":"https:\/\/tierheim-moers.de\/Wordpress\/#website"},"primaryImageOfPage":{"@id":"https:\/\/tierheim-moers.de\/Wordpress\/paula-die-grande-dame-hat-sich-auf-den-weg-gemacht-%f0%9f%8c%88-26-04-2023\/#primaryimage"},"image":{"@id":"https:\/\/tierheim-moers.de\/Wordpress\/paula-die-grande-dame-hat-sich-auf-den-weg-gemacht-%f0%9f%8c%88-26-04-2023\/#primaryimage"},"thumbnailUrl":"https:\/\/tierheim-moers.de\/Wordpress\/wp-content\/uploads\/2023\/04\/Paula16-e1682585281292.jpg","datePublished":"2023-04-27T08:48:11+00:00","dateModified":"2023-04-27T08:49:02+00:00","breadcrumb":{"@id":"https:\/\/tierheim-moers.de\/Wordpress\/paula-die-grande-dame-hat-sich-auf-den-weg-gemacht-%f0%9f%8c%88-26-04-2023\/#breadcrumb"},"inLanguage":"de","potentialAction":[{"@type":"ReadAction","target":["https:\/\/tierheim-moers.de\/Wordpress\/paula-die-grande-dame-hat-sich-auf-den-weg-gemacht-%f0%9f%8c%88-26-04-2023\/"]}]},{"@type":"ImageObject","inLanguage":"de","@id":"https:\/\/tierheim-moers.de\/Wordpress\/paula-die-grande-dame-hat-sich-auf-den-weg-gemacht-%f0%9f%8c%88-26-04-2023\/#primaryimage","url":"https:\/\/tierheim-moers.de\/Wordpress\/wp-content\/uploads\/2023\/04\/Paula16-e1682585281292.jpg","contentUrl":"https:\/\/tierheim-moers.de\/Wordpress\/wp-content\/uploads\/2023\/04\/Paula16-e1682585281292.jpg","width":1156,"height":752},{"@type":"BreadcrumbList","@id":"https:\/\/tierheim-moers.de\/Wordpress\/paula-die-grande-dame-hat-sich-auf-den-weg-gemacht-%f0%9f%8c%88-26-04-2023\/#breadcrumb","itemListElement":[{"@type":"ListItem","position":1,"name":"Startseite","item":"https:\/\/tierheim-moers.de\/Wordpress\/"},{"@type":"ListItem","position":2,"name":"Paula &#8230; die Grande Dame hat sich auf den Weg gemacht &#8211; &#x1f308; 26.04.2023"}]},{"@type":"WebSite","@id":"https:\/\/tierheim-moers.de\/Wordpress\/#website","url":"https:\/\/tierheim-moers.de\/Wordpress\/","name":"Tierheim Moers","description":"Tierheim | Hundepension | Tierschutz | Moers","publisher":{"@id":"https:\/\/tierheim-moers.de\/Wordpress\/#organization"},"potentialAction":[{"@type":"SearchAction","target":{"@type":"EntryPoint","urlTemplate":"https:\/\/tierheim-moers.de\/Wordpress\/?s={search_term_string}"},"query-input":{"@type":"PropertyValueSpecification","valueRequired":true,"valueName":"search_term_string"}}],"inLanguage":"de"},{"@type":"Organization","@id":"https:\/\/tierheim-moers.de\/Wordpress\/#organization","name":"Tierheim Moers","url":"https:\/\/tierheim-moers.de\/Wordpress\/","logo":{"@type":"ImageObject","inLanguage":"de","@id":"https:\/\/tierheim-moers.de\/Wordpress\/#\/schema\/logo\/image\/","url":"https:\/\/tierheim-moers.de\/Wordpress\/wp-content\/uploads\/2014\/04\/Logo-TSV-Moers-V01-RGB-300.png","contentUrl":"https:\/\/tierheim-moers.de\/Wordpress\/wp-content\/uploads\/2014\/04\/Logo-TSV-Moers-V01-RGB-300.png","width":1052,"height":1038,"caption":"Tierheim Moers"},"image":{"@id":"https:\/\/tierheim-moers.de\/Wordpress\/#\/schema\/logo\/image\/"},"sameAs":["https:\/\/de-de.facebook.com\/moers.tierheim"]},{"@type":"Person","@id":"https:\/\/tierheim-moers.de\/Wordpress\/#\/schema\/person\/167de77fdd5ff85153606cdd34a5ffbc","name":"Kathrin Novotny","image":{"@type":"ImageObject","inLanguage":"de","@id":"https:\/\/tierheim-moers.de\/Wordpress\/#\/schema\/person\/image\/","url":"https:\/\/secure.gravatar.com\/avatar\/8dbd3a3cd58d0e299cb5bd95a6d53c79eebe36713eda62bbb3c41a749d06346f?s=96&d=mm&r=g","contentUrl":"https:\/\/secure.gravatar.com\/avatar\/8dbd3a3cd58d0e299cb5bd95a6d53c79eebe36713eda62bbb3c41a749d06346f?s=96&d=mm&r=g","caption":"Kathrin Novotny"},"url":"https:\/\/tierheim-moers.de\/Wordpress\/author\/kathrin\/"}]}},"_links":{"self":[{"href":"https:\/\/tierheim-moers.de\/Wordpress\/wp-json\/wp\/v2\/posts\/53161","targetHints":{"allow":["GET"]}}],"collection":[{"href":"https:\/\/tierheim-moers.de\/Wordpress\/wp-json\/wp\/v2\/posts"}],"about":[{"href":"https:\/\/tierheim-moers.de\/Wordpress\/wp-json\/wp\/v2\/types\/post"}],"author":[{"embeddable":true,"href":"https:\/\/tierheim-moers.de\/Wordpress\/wp-json\/wp\/v2\/users\/7"}],"replies":[{"embeddable":true,"href":"https:\/\/tierheim-moers.de\/Wordpress\/wp-json\/wp\/v2\/comments?post=53161"}],"version-history":[{"count":2,"href":"https:\/\/tierheim-moers.de\/Wordpress\/wp-json\/wp\/v2\/posts\/53161\/revisions"}],"predecessor-version":[{"id":53163,"href":"https:\/\/tierheim-moers.de\/Wordpress\/wp-json\/wp\/v2\/posts\/53161\/revisions\/53163"}],"wp:featuredmedia":[{"embeddable":true,"href":"https:\/\/tierheim-moers.de\/Wordpress\/wp-json\/wp\/v2\/media\/53157"}],"wp:attachment":[{"href":"https:\/\/tierheim-moers.de\/Wordpress\/wp-json\/wp\/v2\/media?parent=53161"}],"wp:term":[{"taxonomy":"category","embeddable":true,"href":"https:\/\/tierheim-moers.de\/Wordpress\/wp-json\/wp\/v2\/categories?post=53161"},{"taxonomy":"post_tag","embeddable":true,"href":"https:\/\/tierheim-moers.de\/Wordpress\/wp-json\/wp\/v2\/tags?post=53161"}],"curies":[{"name":"wp","href":"https:\/\/api.w.org\/{rel}","templated":true}]}}