{"id":5358,"date":"2014-12-20T21:11:03","date_gmt":"2014-12-20T19:11:03","guid":{"rendered":"http:\/\/tierheim-moers.de\/Wordpress\/?p=5358"},"modified":"2014-12-21T20:11:57","modified_gmt":"2014-12-21T18:11:57","slug":"der-kleine-grinch-im-paradies","status":"publish","type":"post","link":"https:\/\/tierheim-moers.de\/Wordpress\/der-kleine-grinch-im-paradies\/","title":{"rendered":"Der kleine Grinch im Paradies"},"content":{"rendered":"<p><a href=\"http:\/\/tierheim-moers.de\/Wordpress\/wp-content\/uploads\/2014\/12\/grinch-klein.jpg\"><img fetchpriority=\"high\" decoding=\"async\" src=\"http:\/\/tierheim-moers.de\/Wordpress\/wp-content\/uploads\/2014\/12\/grinch-klein.jpg\" alt=\"grinch-klein\" width=\"400\" height=\"606\" class=\"alignleft size-full wp-image-5364\" \/><\/a><br \/>\nHey Ihr Lieben!<\/p>\n<p>Ich bin`s, euer Grinch. Ich dachte, ich lass mal was von mir h\u00f6ren. Mir geht`s hier tierisch gut und ich habe mich in meiner neuen Familie bestens eingelebt.<\/p>\n<p>Oma Braun gibt mir jederzeit meine Schmuseeinheiten, die ich brauche, mittlerweile teilen wir uns sogar schon die Couch, &#8230;und herzhafte Leckerchen kann ich auch \u00f6fter durch meinen atemberaubenden Charme bei ihr abstauben.<\/p>\n<p>Von Onkel Dirk bekomme ich meine t\u00e4glichen Sportaktivit\u00e4ten, poah, hat der vielleicht Augen gemacht, wie flott ich bin und wie hoch ich springen kann. Begr\u00fc\u00dfe ihn schon direkt an der Haust\u00fcre, wenn er von der Arbeit nach Hause kommt.<\/p>\n<p>Aber fangen wir mal von vorne an.<\/p>\n<p>Als ich in meinem neuen Zuhause ankam, hielt ich es erst mal f\u00fcr das Beste, hinter der Wohnzimmercouch in Deckung zu gehen, um mir so erst mal einen Gesamt\u00fcberblick zu verschaffen, was ich sah war ja schon mal nicht schlecht, &#8230;.&#8221;sehr gem\u00fctlich eingerichtet, das ganze hier&#8221; &#8230;und ein riesiger Kratzbaum mit neon-gr\u00fcnem und schwarzem Puschelfell stand auch dort.<\/p>\n<p>&#8220;Mann, war ich aufgeregt&#8221;.<\/p>\n<p><a href=\"http:\/\/tierheim-moers.de\/Wordpress\/wp-content\/uploads\/2014\/12\/grinch1-kl.jpg\"><img decoding=\"async\" src=\"http:\/\/tierheim-moers.de\/Wordpress\/wp-content\/uploads\/2014\/12\/grinch1-kl.jpg\" alt=\"grinch1-kl\" width=\"400\" height=\"591\" class=\"alignleft size-full wp-image-5363\" \/><\/a><\/p>\n<p>Dann lie\u00dfen sie mich erst mal allein in meinem Versteck hinter der Couch.<\/p>\n<p>Heute wei\u00df ich, dass sie mir erst mal Zeit lassen wollten anzukommen, aber da ich ja ein geselliger und neugieriger Kater bin und ich keinen Grund habe mich zu verstecken, beschloss ich mal nachzusehen, um sie zu suchen. &#8220;Schlie\u00dflich haben die mich mitgenommen, da k\u00f6nnte es denen so passen, sich dann einfach aus dem Staub zu machen&#8221;.<\/p>\n<p>Ich kam in die K\u00fcche und zack&#8230;. mit einmal ging es nur noch um mich, was die sich gefreut haben, nur weil ich in die K\u00fcche gelaufen kam, und einen von meinen hei\u00dfgeliebten Leckerchen bekam ich auch gleich.<\/p>\n<p>&#8220;Ja, so kann es weitergehen&#8221;, dachte ich mir.<\/p>\n<p>Und das ging es auch.<\/p>\n<p>Ich lebe hier wie im Schlaraffenland und heeey Leute, ich habe jetzt sogar einen Spitznamen &#8230; hehe&#8230; Oma Braun nennt mich immer &#8220;mein Puschel&#8221;.<\/p>\n<p>&#8220;Finde ich ja ganz s\u00fc\u00df von ihr&#8221;.<\/p>\n<p>Mittlerweile habe ich auch den Rest der Familie kennengelernt und ich kann euch sagen, ich hab`s richtig gut getroffen und ich hoffe, dass all meine Freunde auch so ein liebevolles Zuhause bekommen, wie ich es bei Oma Braun und Onkel Dirk gefunden habe.<\/p>\n<p>Anbei hab ich euch mal Bilder von mir mitgeschickt.<\/p>\n<p>Also, macht`s gut<br \/>\nund vergesst mich nicht<\/p>\n<div class=\"shariff shariff-align-flex-start shariff-widget-align-center\" data-url=\"https%3A%2F%2Ftierheim-moers.de%2FWordpress%2Fder-kleine-grinch-im-paradies%2F\" data-timestamp=\"1419192717\" data-hidezero=\"1\" data-backendurl=\"https:\/\/tierheim-moers.de\/Wordpress\/wp-json\/shariff\/v1\/share_counts?\"><ul class=\"shariff-buttons theme-round orientation-horizontal buttonsize-small\"><li class=\"shariff-button facebook shariff-nocustomcolor\" style=\"background-color:#4273c8\"><a href=\"https:\/\/www.facebook.com\/sharer\/sharer.php?u=https%3A%2F%2Ftierheim-moers.de%2FWordpress%2Fder-kleine-grinch-im-paradies%2F\" title=\"Bei Facebook teilen\" aria-label=\"Bei Facebook teilen\" role=\"button\" rel=\"nofollow\" class=\"shariff-link\" style=\"; background-color:#3b5998; color:#fff\" target=\"_blank\"><span class=\"shariff-icon\" style=\"\"><svg width=\"32px\" height=\"20px\" xmlns=\"http:\/\/www.w3.org\/2000\/svg\" viewBox=\"0 0 18 32\"><path fill=\"#3b5998\" d=\"M17.1 0.2v4.7h-2.8q-1.5 0-2.1 0.6t-0.5 1.9v3.4h5.2l-0.7 5.3h-4.5v13.6h-5.5v-13.6h-4.5v-5.3h4.5v-3.9q0-3.3 1.9-5.2t5-1.8q2.6 0 4.1 0.2z\"\/><\/svg><\/span><\/a><\/li><li class=\"shariff-button twitter shariff-nocustomcolor\" style=\"background-color:#595959\"><a href=\"https:\/\/twitter.com\/share?url=https%3A%2F%2Ftierheim-moers.de%2FWordpress%2Fder-kleine-grinch-im-paradies%2F&text=Der%20kleine%20Grinch%20im%20Paradies\" title=\"Bei X teilen\" aria-label=\"Bei X teilen\" role=\"button\" rel=\"noopener nofollow\" class=\"shariff-link\" style=\"; background-color:#000; color:#fff\" target=\"_blank\"><span class=\"shariff-icon\" style=\"\"><svg width=\"32px\" height=\"20px\" xmlns=\"http:\/\/www.w3.org\/2000\/svg\" viewBox=\"0 0 24 24\"><path fill=\"#000\" d=\"M14.258 10.152L23.176 0h-2.113l-7.747 8.813L7.133 0H0l9.352 13.328L0 23.973h2.113l8.176-9.309 6.531 9.309h7.133zm-2.895 3.293l-.949-1.328L2.875 1.56h3.246l6.086 8.523.945 1.328 7.91 11.078h-3.246zm0 0\"\/><\/svg><\/span><\/a><\/li><li class=\"shariff-button whatsapp shariff-nocustomcolor\" style=\"background-color:#5cbe4a\"><a href=\"https:\/\/api.whatsapp.com\/send?text=https%3A%2F%2Ftierheim-moers.de%2FWordpress%2Fder-kleine-grinch-im-paradies%2F%20Der%20kleine%20Grinch%20im%20Paradies\" title=\"Bei Whatsapp teilen\" aria-label=\"Bei Whatsapp teilen\" role=\"button\" rel=\"noopener nofollow\" class=\"shariff-link\" style=\"; background-color:#34af23; color:#fff\" target=\"_blank\"><span class=\"shariff-icon\" style=\"\"><svg width=\"32px\" height=\"20px\" xmlns=\"http:\/\/www.w3.org\/2000\/svg\" viewBox=\"0 0 32 32\"><path fill=\"#34af23\" d=\"M17.6 17.4q0.2 0 1.7 0.8t1.6 0.9q0 0.1 0 0.3 0 0.6-0.3 1.4-0.3 0.7-1.3 1.2t-1.8 0.5q-1 0-3.4-1.1-1.7-0.8-3-2.1t-2.6-3.3q-1.3-1.9-1.3-3.5v-0.1q0.1-1.6 1.3-2.8 0.4-0.4 0.9-0.4 0.1 0 0.3 0t0.3 0q0.3 0 0.5 0.1t0.3 0.5q0.1 0.4 0.6 1.6t0.4 1.3q0 0.4-0.6 1t-0.6 0.8q0 0.1 0.1 0.3 0.6 1.3 1.8 2.4 1 0.9 2.7 1.8 0.2 0.1 0.4 0.1 0.3 0 1-0.9t0.9-0.9zM14 26.9q2.3 0 4.3-0.9t3.6-2.4 2.4-3.6 0.9-4.3-0.9-4.3-2.4-3.6-3.6-2.4-4.3-0.9-4.3 0.9-3.6 2.4-2.4 3.6-0.9 4.3q0 3.6 2.1 6.6l-1.4 4.2 4.3-1.4q2.8 1.9 6.2 1.9zM14 2.2q2.7 0 5.2 1.1t4.3 2.9 2.9 4.3 1.1 5.2-1.1 5.2-2.9 4.3-4.3 2.9-5.2 1.1q-3.5 0-6.5-1.7l-7.4 2.4 2.4-7.2q-1.9-3.2-1.9-6.9 0-2.7 1.1-5.2t2.9-4.3 4.3-2.9 5.2-1.1z\"\/><\/svg><\/span><\/a><\/li><li class=\"shariff-button sms shariff-nocustomcolor shariff-mobile\" style=\"background-color:#d7d9d8\"><a href=\"sms:?&body=https%3A%2F%2Ftierheim-moers.de%2FWordpress%2Fder-kleine-grinch-im-paradies%2F\" title=\"Per SMS teilen\" aria-label=\"Per SMS teilen\" role=\"button\" rel=\"noopener nofollow\" class=\"shariff-link\" style=\"; background-color:#a1e877; color:#fff\" target=\"_blank\"><span class=\"shariff-icon\" style=\"\"><svg xmlns=\"http:\/\/www.w3.org\/2000\/svg\" width=\"510\" height=\"510\" viewBox=\"0 0 510 510\"><path fill=\"#a1e877\" d=\"M459 0H51C23 0 0 23 0 51v459l102-102h357c28.1 0 51-22.9 51-51V51C510 23 487.1 0 459 0zM178.5 229.5h-51v-51h51V229.5zM280.5 229.5h-51v-51h51V229.5zM382.5 229.5h-51v-51h51V229.5z\"\/><\/svg><\/span><\/a><\/li><\/ul><\/div>","protected":false},"excerpt":{"rendered":"<p>Hey Ihr Lieben! Ich bin`s, euer Grinch. Ich dachte, ich lass mal was von mir h\u00f6ren. Mir geht`s hier tierisch gut und ich habe mich in meiner neuen Familie bestens eingelebt. Oma Braun gibt mir jederzeit meine Schmuseeinheiten, die ich brauche, mittlerweile teilen wir uns sogar schon die Couch, &#8230;und &#8230;<\/p>\n","protected":false},"author":5,"featured_media":0,"comment_status":"closed","ping_status":"open","sticky":false,"template":"","format":"standard","meta":{"ngg_post_thumbnail":0,"footnotes":""},"categories":[13,32],"tags":[],"class_list":["post-5358","post","type-post","status-publish","format-standard","hentry","category-alle-tiere","category-erfolgsgeschichten","column","threecol"],"yoast_head":"<!-- This site is optimized with the Yoast SEO plugin v24.6 - https:\/\/yoast.com\/wordpress\/plugins\/seo\/ -->\n<title>Der kleine Grinch im Paradies | TIERHEIM MOERS<\/title>\n<meta name=\"robots\" content=\"index, follow, max-snippet:-1, max-image-preview:large, max-video-preview:-1\" \/>\n<link rel=\"canonical\" href=\"https:\/\/tierheim-moers.de\/Wordpress\/der-kleine-grinch-im-paradies\/\" \/>\n<meta property=\"og:locale\" content=\"de_DE\" \/>\n<meta property=\"og:type\" content=\"article\" \/>\n<meta property=\"og:title\" content=\"Der kleine Grinch im Paradies | TIERHEIM MOERS\" \/>\n<meta property=\"og:description\" content=\"Hey Ihr Lieben! Ich bin`s, euer Grinch. Ich dachte, ich lass mal was von mir h\u00f6ren. Mir geht`s hier tierisch gut und &#8230;\" \/>\n<meta property=\"og:url\" content=\"https:\/\/tierheim-moers.de\/Wordpress\/der-kleine-grinch-im-paradies\/\" \/>\n<meta property=\"og:site_name\" content=\"TIERHEIM MOERS\" \/>\n<meta property=\"article:publisher\" content=\"https:\/\/de-de.facebook.com\/moers.tierheim\" \/>\n<meta property=\"article:published_time\" content=\"2014-12-20T19:11:03+00:00\" \/>\n<meta property=\"article:modified_time\" content=\"2014-12-21T18:11:57+00:00\" \/>\n<meta property=\"og:image\" content=\"https:\/\/tierheim-moers.de\/Wordpress\/wp-content\/uploads\/2014\/12\/grinch-klein.jpg\" \/>\n\t<meta property=\"og:image:width\" content=\"400\" \/>\n\t<meta property=\"og:image:height\" content=\"606\" \/>\n\t<meta property=\"og:image:type\" content=\"image\/jpeg\" \/>\n<meta name=\"author\" content=\"Sveca\" \/>\n<meta name=\"twitter:card\" content=\"summary_large_image\" \/>\n<meta name=\"twitter:label1\" content=\"Verfasst von\" \/>\n\t<meta name=\"twitter:data1\" content=\"Sveca\" \/>\n\t<meta name=\"twitter:label2\" content=\"Gesch\u00e4tzte Lesezeit\" \/>\n\t<meta name=\"twitter:data2\" content=\"2\u00a0Minuten\" \/>\n<script type=\"application\/ld+json\" class=\"yoast-schema-graph\">{\"@context\":\"https:\/\/schema.org\",\"@graph\":[{\"@type\":\"Article\",\"@id\":\"https:\/\/tierheim-moers.de\/Wordpress\/der-kleine-grinch-im-paradies\/#article\",\"isPartOf\":{\"@id\":\"https:\/\/tierheim-moers.de\/Wordpress\/der-kleine-grinch-im-paradies\/\"},\"author\":{\"name\":\"Sveca\",\"@id\":\"https:\/\/tierheim-moers.de\/Wordpress\/#\/schema\/person\/c882e6468b5d2a1b84b957787daf8ee0\"},\"headline\":\"Der kleine Grinch im Paradies\",\"datePublished\":\"2014-12-20T19:11:03+00:00\",\"dateModified\":\"2014-12-21T18:11:57+00:00\",\"mainEntityOfPage\":{\"@id\":\"https:\/\/tierheim-moers.de\/Wordpress\/der-kleine-grinch-im-paradies\/\"},\"wordCount\":405,\"publisher\":{\"@id\":\"https:\/\/tierheim-moers.de\/Wordpress\/#organization\"},\"image\":{\"@id\":\"https:\/\/tierheim-moers.de\/Wordpress\/der-kleine-grinch-im-paradies\/#primaryimage\"},\"thumbnailUrl\":\"http:\/\/tierheim-moers.de\/Wordpress\/wp-content\/uploads\/2014\/12\/grinch-klein.jpg\",\"articleSection\":[\"Alle Tiere\",\"Erfolgsgeschichten\"],\"inLanguage\":\"de\"},{\"@type\":\"WebPage\",\"@id\":\"https:\/\/tierheim-moers.de\/Wordpress\/der-kleine-grinch-im-paradies\/\",\"url\":\"https:\/\/tierheim-moers.de\/Wordpress\/der-kleine-grinch-im-paradies\/\",\"name\":\"Der kleine Grinch im Paradies | TIERHEIM MOERS\",\"isPartOf\":{\"@id\":\"https:\/\/tierheim-moers.de\/Wordpress\/#website\"},\"primaryImageOfPage\":{\"@id\":\"https:\/\/tierheim-moers.de\/Wordpress\/der-kleine-grinch-im-paradies\/#primaryimage\"},\"image\":{\"@id\":\"https:\/\/tierheim-moers.de\/Wordpress\/der-kleine-grinch-im-paradies\/#primaryimage\"},\"thumbnailUrl\":\"http:\/\/tierheim-moers.de\/Wordpress\/wp-content\/uploads\/2014\/12\/grinch-klein.jpg\",\"datePublished\":\"2014-12-20T19:11:03+00:00\",\"dateModified\":\"2014-12-21T18:11:57+00:00\",\"breadcrumb\":{\"@id\":\"https:\/\/tierheim-moers.de\/Wordpress\/der-kleine-grinch-im-paradies\/#breadcrumb\"},\"inLanguage\":\"de\",\"potentialAction\":[{\"@type\":\"ReadAction\",\"target\":[\"https:\/\/tierheim-moers.de\/Wordpress\/der-kleine-grinch-im-paradies\/\"]}]},{\"@type\":\"ImageObject\",\"inLanguage\":\"de\",\"@id\":\"https:\/\/tierheim-moers.de\/Wordpress\/der-kleine-grinch-im-paradies\/#primaryimage\",\"url\":\"http:\/\/tierheim-moers.de\/Wordpress\/wp-content\/uploads\/2014\/12\/grinch-klein.jpg\",\"contentUrl\":\"http:\/\/tierheim-moers.de\/Wordpress\/wp-content\/uploads\/2014\/12\/grinch-klein.jpg\"},{\"@type\":\"BreadcrumbList\",\"@id\":\"https:\/\/tierheim-moers.de\/Wordpress\/der-kleine-grinch-im-paradies\/#breadcrumb\",\"itemListElement\":[{\"@type\":\"ListItem\",\"position\":1,\"name\":\"Startseite\",\"item\":\"https:\/\/tierheim-moers.de\/Wordpress\/\"},{\"@type\":\"ListItem\",\"position\":2,\"name\":\"Der kleine Grinch im Paradies\"}]},{\"@type\":\"WebSite\",\"@id\":\"https:\/\/tierheim-moers.de\/Wordpress\/#website\",\"url\":\"https:\/\/tierheim-moers.de\/Wordpress\/\",\"name\":\"Tierheim Moers\",\"description\":\"Tierheim | Hundepension | Tierschutz | Moers\",\"publisher\":{\"@id\":\"https:\/\/tierheim-moers.de\/Wordpress\/#organization\"},\"potentialAction\":[{\"@type\":\"SearchAction\",\"target\":{\"@type\":\"EntryPoint\",\"urlTemplate\":\"https:\/\/tierheim-moers.de\/Wordpress\/?s={search_term_string}\"},\"query-input\":{\"@type\":\"PropertyValueSpecification\",\"valueRequired\":true,\"valueName\":\"search_term_string\"}}],\"inLanguage\":\"de\"},{\"@type\":\"Organization\",\"@id\":\"https:\/\/tierheim-moers.de\/Wordpress\/#organization\",\"name\":\"Tierheim Moers\",\"url\":\"https:\/\/tierheim-moers.de\/Wordpress\/\",\"logo\":{\"@type\":\"ImageObject\",\"inLanguage\":\"de\",\"@id\":\"https:\/\/tierheim-moers.de\/Wordpress\/#\/schema\/logo\/image\/\",\"url\":\"https:\/\/tierheim-moers.de\/Wordpress\/wp-content\/uploads\/2014\/04\/Logo-TSV-Moers-V01-RGB-300.png\",\"contentUrl\":\"https:\/\/tierheim-moers.de\/Wordpress\/wp-content\/uploads\/2014\/04\/Logo-TSV-Moers-V01-RGB-300.png\",\"width\":1052,\"height\":1038,\"caption\":\"Tierheim Moers\"},\"image\":{\"@id\":\"https:\/\/tierheim-moers.de\/Wordpress\/#\/schema\/logo\/image\/\"},\"sameAs\":[\"https:\/\/de-de.facebook.com\/moers.tierheim\"]},{\"@type\":\"Person\",\"@id\":\"https:\/\/tierheim-moers.de\/Wordpress\/#\/schema\/person\/c882e6468b5d2a1b84b957787daf8ee0\",\"name\":\"Sveca\",\"image\":{\"@type\":\"ImageObject\",\"inLanguage\":\"de\",\"@id\":\"https:\/\/tierheim-moers.de\/Wordpress\/#\/schema\/person\/image\/\",\"url\":\"https:\/\/secure.gravatar.com\/avatar\/9b5e80f58f62b95bc7f36a944ee51288405c47192ae386127fbe0948e2e70d90?s=96&d=mm&r=g\",\"contentUrl\":\"https:\/\/secure.gravatar.com\/avatar\/9b5e80f58f62b95bc7f36a944ee51288405c47192ae386127fbe0948e2e70d90?s=96&d=mm&r=g\",\"caption\":\"Sveca\"},\"url\":\"https:\/\/tierheim-moers.de\/Wordpress\/author\/sveca\/\"}]}<\/script>\n<!-- \/ Yoast SEO plugin. -->","yoast_head_json":{"title":"Der kleine Grinch im Paradies | TIERHEIM MOERS","robots":{"index":"index","follow":"follow","max-snippet":"max-snippet:-1","max-image-preview":"max-image-preview:large","max-video-preview":"max-video-preview:-1"},"canonical":"https:\/\/tierheim-moers.de\/Wordpress\/der-kleine-grinch-im-paradies\/","og_locale":"de_DE","og_type":"article","og_title":"Der kleine Grinch im Paradies | TIERHEIM MOERS","og_description":"Hey Ihr Lieben! Ich bin`s, euer Grinch. Ich dachte, ich lass mal was von mir h\u00f6ren. Mir geht`s hier tierisch gut und &#8230;","og_url":"https:\/\/tierheim-moers.de\/Wordpress\/der-kleine-grinch-im-paradies\/","og_site_name":"TIERHEIM MOERS","article_publisher":"https:\/\/de-de.facebook.com\/moers.tierheim","article_published_time":"2014-12-20T19:11:03+00:00","article_modified_time":"2014-12-21T18:11:57+00:00","og_image":[{"width":400,"height":606,"url":"https:\/\/tierheim-moers.de\/Wordpress\/wp-content\/uploads\/2014\/12\/grinch-klein.jpg","type":"image\/jpeg"}],"author":"Sveca","twitter_card":"summary_large_image","twitter_misc":{"Verfasst von":"Sveca","Gesch\u00e4tzte Lesezeit":"2\u00a0Minuten"},"schema":{"@context":"https:\/\/schema.org","@graph":[{"@type":"Article","@id":"https:\/\/tierheim-moers.de\/Wordpress\/der-kleine-grinch-im-paradies\/#article","isPartOf":{"@id":"https:\/\/tierheim-moers.de\/Wordpress\/der-kleine-grinch-im-paradies\/"},"author":{"name":"Sveca","@id":"https:\/\/tierheim-moers.de\/Wordpress\/#\/schema\/person\/c882e6468b5d2a1b84b957787daf8ee0"},"headline":"Der kleine Grinch im Paradies","datePublished":"2014-12-20T19:11:03+00:00","dateModified":"2014-12-21T18:11:57+00:00","mainEntityOfPage":{"@id":"https:\/\/tierheim-moers.de\/Wordpress\/der-kleine-grinch-im-paradies\/"},"wordCount":405,"publisher":{"@id":"https:\/\/tierheim-moers.de\/Wordpress\/#organization"},"image":{"@id":"https:\/\/tierheim-moers.de\/Wordpress\/der-kleine-grinch-im-paradies\/#primaryimage"},"thumbnailUrl":"http:\/\/tierheim-moers.de\/Wordpress\/wp-content\/uploads\/2014\/12\/grinch-klein.jpg","articleSection":["Alle Tiere","Erfolgsgeschichten"],"inLanguage":"de"},{"@type":"WebPage","@id":"https:\/\/tierheim-moers.de\/Wordpress\/der-kleine-grinch-im-paradies\/","url":"https:\/\/tierheim-moers.de\/Wordpress\/der-kleine-grinch-im-paradies\/","name":"Der kleine Grinch im Paradies | TIERHEIM MOERS","isPartOf":{"@id":"https:\/\/tierheim-moers.de\/Wordpress\/#website"},"primaryImageOfPage":{"@id":"https:\/\/tierheim-moers.de\/Wordpress\/der-kleine-grinch-im-paradies\/#primaryimage"},"image":{"@id":"https:\/\/tierheim-moers.de\/Wordpress\/der-kleine-grinch-im-paradies\/#primaryimage"},"thumbnailUrl":"http:\/\/tierheim-moers.de\/Wordpress\/wp-content\/uploads\/2014\/12\/grinch-klein.jpg","datePublished":"2014-12-20T19:11:03+00:00","dateModified":"2014-12-21T18:11:57+00:00","breadcrumb":{"@id":"https:\/\/tierheim-moers.de\/Wordpress\/der-kleine-grinch-im-paradies\/#breadcrumb"},"inLanguage":"de","potentialAction":[{"@type":"ReadAction","target":["https:\/\/tierheim-moers.de\/Wordpress\/der-kleine-grinch-im-paradies\/"]}]},{"@type":"ImageObject","inLanguage":"de","@id":"https:\/\/tierheim-moers.de\/Wordpress\/der-kleine-grinch-im-paradies\/#primaryimage","url":"http:\/\/tierheim-moers.de\/Wordpress\/wp-content\/uploads\/2014\/12\/grinch-klein.jpg","contentUrl":"http:\/\/tierheim-moers.de\/Wordpress\/wp-content\/uploads\/2014\/12\/grinch-klein.jpg"},{"@type":"BreadcrumbList","@id":"https:\/\/tierheim-moers.de\/Wordpress\/der-kleine-grinch-im-paradies\/#breadcrumb","itemListElement":[{"@type":"ListItem","position":1,"name":"Startseite","item":"https:\/\/tierheim-moers.de\/Wordpress\/"},{"@type":"ListItem","position":2,"name":"Der kleine Grinch im Paradies"}]},{"@type":"WebSite","@id":"https:\/\/tierheim-moers.de\/Wordpress\/#website","url":"https:\/\/tierheim-moers.de\/Wordpress\/","name":"Tierheim Moers","description":"Tierheim | Hundepension | Tierschutz | Moers","publisher":{"@id":"https:\/\/tierheim-moers.de\/Wordpress\/#organization"},"potentialAction":[{"@type":"SearchAction","target":{"@type":"EntryPoint","urlTemplate":"https:\/\/tierheim-moers.de\/Wordpress\/?s={search_term_string}"},"query-input":{"@type":"PropertyValueSpecification","valueRequired":true,"valueName":"search_term_string"}}],"inLanguage":"de"},{"@type":"Organization","@id":"https:\/\/tierheim-moers.de\/Wordpress\/#organization","name":"Tierheim Moers","url":"https:\/\/tierheim-moers.de\/Wordpress\/","logo":{"@type":"ImageObject","inLanguage":"de","@id":"https:\/\/tierheim-moers.de\/Wordpress\/#\/schema\/logo\/image\/","url":"https:\/\/tierheim-moers.de\/Wordpress\/wp-content\/uploads\/2014\/04\/Logo-TSV-Moers-V01-RGB-300.png","contentUrl":"https:\/\/tierheim-moers.de\/Wordpress\/wp-content\/uploads\/2014\/04\/Logo-TSV-Moers-V01-RGB-300.png","width":1052,"height":1038,"caption":"Tierheim Moers"},"image":{"@id":"https:\/\/tierheim-moers.de\/Wordpress\/#\/schema\/logo\/image\/"},"sameAs":["https:\/\/de-de.facebook.com\/moers.tierheim"]},{"@type":"Person","@id":"https:\/\/tierheim-moers.de\/Wordpress\/#\/schema\/person\/c882e6468b5d2a1b84b957787daf8ee0","name":"Sveca","image":{"@type":"ImageObject","inLanguage":"de","@id":"https:\/\/tierheim-moers.de\/Wordpress\/#\/schema\/person\/image\/","url":"https:\/\/secure.gravatar.com\/avatar\/9b5e80f58f62b95bc7f36a944ee51288405c47192ae386127fbe0948e2e70d90?s=96&d=mm&r=g","contentUrl":"https:\/\/secure.gravatar.com\/avatar\/9b5e80f58f62b95bc7f36a944ee51288405c47192ae386127fbe0948e2e70d90?s=96&d=mm&r=g","caption":"Sveca"},"url":"https:\/\/tierheim-moers.de\/Wordpress\/author\/sveca\/"}]}},"_links":{"self":[{"href":"https:\/\/tierheim-moers.de\/Wordpress\/wp-json\/wp\/v2\/posts\/5358","targetHints":{"allow":["GET"]}}],"collection":[{"href":"https:\/\/tierheim-moers.de\/Wordpress\/wp-json\/wp\/v2\/posts"}],"about":[{"href":"https:\/\/tierheim-moers.de\/Wordpress\/wp-json\/wp\/v2\/types\/post"}],"author":[{"embeddable":true,"href":"https:\/\/tierheim-moers.de\/Wordpress\/wp-json\/wp\/v2\/users\/5"}],"replies":[{"embeddable":true,"href":"https:\/\/tierheim-moers.de\/Wordpress\/wp-json\/wp\/v2\/comments?post=5358"}],"version-history":[{"count":3,"href":"https:\/\/tierheim-moers.de\/Wordpress\/wp-json\/wp\/v2\/posts\/5358\/revisions"}],"predecessor-version":[{"id":5381,"href":"https:\/\/tierheim-moers.de\/Wordpress\/wp-json\/wp\/v2\/posts\/5358\/revisions\/5381"}],"wp:attachment":[{"href":"https:\/\/tierheim-moers.de\/Wordpress\/wp-json\/wp\/v2\/media?parent=5358"}],"wp:term":[{"taxonomy":"category","embeddable":true,"href":"https:\/\/tierheim-moers.de\/Wordpress\/wp-json\/wp\/v2\/categories?post=5358"},{"taxonomy":"post_tag","embeddable":true,"href":"https:\/\/tierheim-moers.de\/Wordpress\/wp-json\/wp\/v2\/tags?post=5358"}],"curies":[{"name":"wp","href":"https:\/\/api.w.org\/{rel}","templated":true}]}}