{"id":53926,"date":"2023-09-01T11:20:54","date_gmt":"2023-09-01T09:20:54","guid":{"rendered":"https:\/\/tierheim-moers.de\/Wordpress\/?p=53926"},"modified":"2023-09-01T11:52:09","modified_gmt":"2023-09-01T09:52:09","slug":"balou-geniesst-seinen-neuen-lebensabschnitt","status":"publish","type":"post","link":"https:\/\/tierheim-moers.de\/Wordpress\/balou-geniesst-seinen-neuen-lebensabschnitt\/","title":{"rendered":"Balou &#8230; genie\u00dft seinen neuen Lebensabschnitt &#8211; Update"},"content":{"rendered":"<p>&nbsp;<\/p>\n<p><strong>17. August 2023<\/strong><\/p>\n<p>Liebes Team vom Tierheim Moers,<\/p>\n<p>aus zwei wurden ratzfatz zehn Wochen \u2013 kaum zu fassen, wie schnell die Zeit vergangen ist.<br \/>\nBalou geht es super und er ist voll und ganz in seinem F\u00fcr-Immer-Zuhause angekommen.<br \/>\nNat\u00fcrlich gab bzw. gibt es hier und da kleine \u201eDorfsheriff-typische-Probleme\u201c, aber die haben wir erwartet und wir arbeiten dran \ud83d\ude42 Von Woche zu Woche wird es besser und inzwischen wird nicht mehr im Garten jeder vorbei flatternde Schmetterling angebellt ^^<\/p>\n<p>Gesundheitlich ist unser Schnuffel erfreulicherweise weiterhin auf dem aufsteigenden Ast; wie schon letztes Mal berichtet, haben wir ja seine Schmerzmedikation umgestellt und die vertr\u00e4gt er weiterhin gut. Wir hatten auch eine Physiotherapeutin hier, die ihn untersucht und uns ein paar \u00dcbungen gezeigt hat. Vor allem am Morgen hatte er n\u00e4mlich gro\u00dfe Probleme (Aufstehen \/ Laufen), weshalb wir jetzt jeden Morgen etwas fr\u00fcher aufstehen und mit ihm die \u00dcbungen machen. Balous Begeisterung h\u00e4lt sich zwar in Grenzen, wenn Frauchen um 4Uhr morgens ankommt und seine Hinterhand mobilisiert, aber er hat ziemlich schnell verstanden, wie gut ihm das tut und seitdem l\u00e4sst er es \u00fcber sich ergehen ^^.<\/p>\n<p><a href=\"https:\/\/tierheim-moers.de\/Wordpress\/wp-content\/uploads\/2023\/09\/BalouZh3-scaled.jpg\"><img fetchpriority=\"high\" decoding=\"async\" class=\"alignnone size-medium wp-image-54748\" src=\"https:\/\/tierheim-moers.de\/Wordpress\/wp-content\/uploads\/2023\/09\/BalouZh3-300x274.jpg\" alt=\"\" width=\"300\" height=\"274\" srcset=\"https:\/\/tierheim-moers.de\/Wordpress\/wp-content\/uploads\/2023\/09\/BalouZh3-300x274.jpg 300w, https:\/\/tierheim-moers.de\/Wordpress\/wp-content\/uploads\/2023\/09\/BalouZh3-1024x935.jpg 1024w, https:\/\/tierheim-moers.de\/Wordpress\/wp-content\/uploads\/2023\/09\/BalouZh3-768x701.jpg 768w, https:\/\/tierheim-moers.de\/Wordpress\/wp-content\/uploads\/2023\/09\/BalouZh3-600x548.jpg 600w, https:\/\/tierheim-moers.de\/Wordpress\/wp-content\/uploads\/2023\/09\/BalouZh3-1536x1403.jpg 1536w, https:\/\/tierheim-moers.de\/Wordpress\/wp-content\/uploads\/2023\/09\/BalouZh3-2048x1871.jpg 2048w, https:\/\/tierheim-moers.de\/Wordpress\/wp-content\/uploads\/2023\/09\/BalouZh3-700x639.jpg 700w, https:\/\/tierheim-moers.de\/Wordpress\/wp-content\/uploads\/2023\/09\/BalouZh3-1320x1206.jpg 1320w\" sizes=\"(max-width: 300px) 100vw, 300px\" \/><\/a> <a href=\"https:\/\/tierheim-moers.de\/Wordpress\/wp-content\/uploads\/2023\/09\/BalouZh.jpg\"><img decoding=\"async\" class=\"alignnone size-medium wp-image-54746\" src=\"https:\/\/tierheim-moers.de\/Wordpress\/wp-content\/uploads\/2023\/09\/BalouZh-268x300.jpg\" alt=\"\" width=\"268\" height=\"300\" srcset=\"https:\/\/tierheim-moers.de\/Wordpress\/wp-content\/uploads\/2023\/09\/BalouZh-268x300.jpg 268w, https:\/\/tierheim-moers.de\/Wordpress\/wp-content\/uploads\/2023\/09\/BalouZh-913x1024.jpg 913w, https:\/\/tierheim-moers.de\/Wordpress\/wp-content\/uploads\/2023\/09\/BalouZh-768x861.jpg 768w, https:\/\/tierheim-moers.de\/Wordpress\/wp-content\/uploads\/2023\/09\/BalouZh-600x673.jpg 600w, https:\/\/tierheim-moers.de\/Wordpress\/wp-content\/uploads\/2023\/09\/BalouZh-700x785.jpg 700w, https:\/\/tierheim-moers.de\/Wordpress\/wp-content\/uploads\/2023\/09\/BalouZh.jpg 992w\" sizes=\"(max-width: 268px) 100vw, 268px\" \/><\/a><\/p>\n<p>Im Haus haben wir f\u00fcr Balou \u00fcberall L\u00e4ufer und Teppiche ausgelegt, so dass er besseren Halt hat; rutschige B\u00f6den waren wirklich ein Problem f\u00fcr ihn.<br \/>\nWir haben auch festgestellt, dass der rutschige Untergrund eine der Ursachen daf\u00fcr war, dass er seine Hundebetten gemieden hat. Denn nachdem die Teppiche lagen und sich die Kissen keinen cm mehr verschoben haben, wenn er darauf gelaufen ist, hat er sich direkt auf die Hundekissen gelegt. Ganz dicke Kissen waren auch auf rutschfestem Untergrund nicht sein Ding, weshalb wir dann einfach mal einen Testlauf mit einer normalen 135x200cm Bettdecke, die wir doppelt gelegt hatten, gemacht haben. Und siehe da \u2013 Volltreffer.<br \/>\nSeitdem verbringt er etwa \u00be seiner Ruhezeiten auf einer seiner Bettdecken.<\/p>\n<p><a href=\"https:\/\/tierheim-moers.de\/Wordpress\/wp-content\/uploads\/2023\/09\/BalouZh5-scaled.jpg\"><img decoding=\"async\" class=\"alignnone size-medium wp-image-54750\" src=\"https:\/\/tierheim-moers.de\/Wordpress\/wp-content\/uploads\/2023\/09\/BalouZh5-300x300.jpg\" alt=\"\" width=\"300\" height=\"300\" srcset=\"https:\/\/tierheim-moers.de\/Wordpress\/wp-content\/uploads\/2023\/09\/BalouZh5-300x300.jpg 300w, https:\/\/tierheim-moers.de\/Wordpress\/wp-content\/uploads\/2023\/09\/BalouZh5-1024x1024.jpg 1024w, https:\/\/tierheim-moers.de\/Wordpress\/wp-content\/uploads\/2023\/09\/BalouZh5-150x150.jpg 150w, https:\/\/tierheim-moers.de\/Wordpress\/wp-content\/uploads\/2023\/09\/BalouZh5-768x768.jpg 768w, https:\/\/tierheim-moers.de\/Wordpress\/wp-content\/uploads\/2023\/09\/BalouZh5-600x600.jpg 600w, https:\/\/tierheim-moers.de\/Wordpress\/wp-content\/uploads\/2023\/09\/BalouZh5-1536x1536.jpg 1536w, https:\/\/tierheim-moers.de\/Wordpress\/wp-content\/uploads\/2023\/09\/BalouZh5-2048x2048.jpg 2048w, https:\/\/tierheim-moers.de\/Wordpress\/wp-content\/uploads\/2023\/09\/BalouZh5-432x432.jpg 432w, https:\/\/tierheim-moers.de\/Wordpress\/wp-content\/uploads\/2023\/09\/BalouZh5-268x268.jpg 268w, https:\/\/tierheim-moers.de\/Wordpress\/wp-content\/uploads\/2023\/09\/BalouZh5-700x700.jpg 700w, https:\/\/tierheim-moers.de\/Wordpress\/wp-content\/uploads\/2023\/09\/BalouZh5-1320x1320.jpg 1320w, https:\/\/tierheim-moers.de\/Wordpress\/wp-content\/uploads\/2023\/09\/BalouZh5-45x45.jpg 45w\" sizes=\"(max-width: 300px) 100vw, 300px\" \/><\/a> <a href=\"https:\/\/tierheim-moers.de\/Wordpress\/wp-content\/uploads\/2023\/09\/BalouZh2-scaled.jpg\"><img loading=\"lazy\" decoding=\"async\" class=\"alignnone size-medium wp-image-54747\" src=\"https:\/\/tierheim-moers.de\/Wordpress\/wp-content\/uploads\/2023\/09\/BalouZh2-300x235.jpg\" alt=\"\" width=\"300\" height=\"235\" srcset=\"https:\/\/tierheim-moers.de\/Wordpress\/wp-content\/uploads\/2023\/09\/BalouZh2-300x235.jpg 300w, https:\/\/tierheim-moers.de\/Wordpress\/wp-content\/uploads\/2023\/09\/BalouZh2-1024x803.jpg 1024w, https:\/\/tierheim-moers.de\/Wordpress\/wp-content\/uploads\/2023\/09\/BalouZh2-768x602.jpg 768w, https:\/\/tierheim-moers.de\/Wordpress\/wp-content\/uploads\/2023\/09\/BalouZh2-600x470.jpg 600w, https:\/\/tierheim-moers.de\/Wordpress\/wp-content\/uploads\/2023\/09\/BalouZh2-1536x1204.jpg 1536w, https:\/\/tierheim-moers.de\/Wordpress\/wp-content\/uploads\/2023\/09\/BalouZh2-2048x1606.jpg 2048w, https:\/\/tierheim-moers.de\/Wordpress\/wp-content\/uploads\/2023\/09\/BalouZh2-700x549.jpg 700w, https:\/\/tierheim-moers.de\/Wordpress\/wp-content\/uploads\/2023\/09\/BalouZh2-1320x1035.jpg 1320w\" sizes=\"(max-width: 300px) 100vw, 300px\" \/><\/a><\/p>\n<p>Um die Muskulatur seiner Hinterhand zu trainieren, l\u00e4uft er &#8211; wenn wir drau\u00dfen mit ihm unterwegs sind \u2013 (in R\u00fccksprache mit der Physiotherapeutin) an einer 15m Schleppleine. In der ersten Zeit war das f\u00fcr ihn extrem anstrengend, so dass wir manchmal auf halber Strecke auf eine kurze Leine wechseln mussten. Mitlerweile ist seine Hinterhand aber deutlich besser bemuskelt und er d\u00fcst mit gro\u00dfer Freude z.B. durchs hohe Gras. Nur noch ganz selten sackt er mal mit dem Hinterteil ab; aber das st\u00f6rt ihn gar nicht und er steht einfach wieder aus eigener Kraft auf und weiter geht\u2019s. Er hebt sogar wieder regelm\u00e4\u00dfig sein Bein und hockt nicht nur f\u00fcrs kleine Gesch\u00e4ft!<\/p>\n<p>F\u00fcr die Gassirunden haben wir zus\u00e4tzlich auch noch auf ein Hebegeschirr gewechselt, womit wir ihn beim \u00dcberwinden von schwierigen Stellen (z.B. Steigungen bergauf) unterst\u00fctzen und sichern k\u00f6nnen.<\/p>\n<p>Vor wenigen Tagen hatten wir wieder Balous Tierarzt bei uns und der war sehr zufrieden mit seiner Entwicklung. Vor allem an seinen F\u00fc\u00dfen ist deutlich zu erkennen, wie sehr sich sein Zustand verbessert hat. Anfangs waren seine mittleren Krallen fast bis ins Leben runter abgerieben, so dass wir mit der Physiotherapeutin schon \u00fcber einen Pfotenschutz gesprochen hatten. Aber sein Gangbild hat sich zu unserer gro\u00dfe Freude sehr verbessert \u2013 wenn wir asphaltierte Strecken laufen, h\u00f6ren wir kaum noch, dass seine Pfoten schleifen. Auf manchen Runden \/ an guten Tagen passiert das gar nicht! Die Krallen an der Hinterhand sind mitlerweile sichtbar l\u00e4nger geworden sind und die Krallen an der Vorderhand sind sogar vollst\u00e4ndig nachgewachsen, so dass ich sie einmal schon k\u00fcrzen musste!<\/p>\n<p>Auch wenn diese Entwicklungen nat\u00fcrlich super sind, sind wir nicht frei von Sorgen \ud83d\ude41<br \/>\nDie \u201eWegsacker\u201c, die ihn an der Hinterhand zwar kaum noch belasten, zeigen sich leider immer wieder auch an der Vorderhand, was ein deutlich gr\u00f6\u00dferes Problem darstellt.<br \/>\nBisher ist es zwar nur bei feuchtem \/ rutschigem Untergrund vorgekommen, dass er sich vorne nicht mehr halten konnte, aber dabei ist das Verletzungsrisiko nat\u00fcrlich immens h\u00f6her, als wenn er sich \u201eunplanm\u00e4\u00dfig auf den Popo setzt\u201c&#8230; \ud83d\ude41<\/p>\n<p>Aber \u2013 Carpe Diem! Wer wei\u00df, was morgen passiert, wir leben im Heute mit unserem Schnuffel und wir verbringen eine tolle Zeit miteinander und das ist es, was z\u00e4hlt!<\/p>\n<p><a href=\"https:\/\/tierheim-moers.de\/Wordpress\/wp-content\/uploads\/2023\/09\/BalouZh6-scaled.jpg\"><img loading=\"lazy\" decoding=\"async\" class=\"alignnone size-medium wp-image-54751\" src=\"https:\/\/tierheim-moers.de\/Wordpress\/wp-content\/uploads\/2023\/09\/BalouZh6-300x225.jpg\" alt=\"\" width=\"300\" height=\"225\" srcset=\"https:\/\/tierheim-moers.de\/Wordpress\/wp-content\/uploads\/2023\/09\/BalouZh6-300x225.jpg 300w, https:\/\/tierheim-moers.de\/Wordpress\/wp-content\/uploads\/2023\/09\/BalouZh6-1024x768.jpg 1024w, https:\/\/tierheim-moers.de\/Wordpress\/wp-content\/uploads\/2023\/09\/BalouZh6-768x576.jpg 768w, https:\/\/tierheim-moers.de\/Wordpress\/wp-content\/uploads\/2023\/09\/BalouZh6-600x450.jpg 600w, https:\/\/tierheim-moers.de\/Wordpress\/wp-content\/uploads\/2023\/09\/BalouZh6-1536x1152.jpg 1536w, https:\/\/tierheim-moers.de\/Wordpress\/wp-content\/uploads\/2023\/09\/BalouZh6-2048x1536.jpg 2048w, https:\/\/tierheim-moers.de\/Wordpress\/wp-content\/uploads\/2023\/09\/BalouZh6-700x525.jpg 700w, https:\/\/tierheim-moers.de\/Wordpress\/wp-content\/uploads\/2023\/09\/BalouZh6-1320x990.jpg 1320w\" sizes=\"(max-width: 300px) 100vw, 300px\" \/><\/a> <a href=\"https:\/\/tierheim-moers.de\/Wordpress\/wp-content\/uploads\/2023\/09\/BalouZh4-scaled.jpg\"><img loading=\"lazy\" decoding=\"async\" class=\"alignnone size-medium wp-image-54749\" src=\"https:\/\/tierheim-moers.de\/Wordpress\/wp-content\/uploads\/2023\/09\/BalouZh4-300x300.jpg\" alt=\"\" width=\"300\" height=\"300\" srcset=\"https:\/\/tierheim-moers.de\/Wordpress\/wp-content\/uploads\/2023\/09\/BalouZh4-300x300.jpg 300w, https:\/\/tierheim-moers.de\/Wordpress\/wp-content\/uploads\/2023\/09\/BalouZh4-1024x1024.jpg 1024w, https:\/\/tierheim-moers.de\/Wordpress\/wp-content\/uploads\/2023\/09\/BalouZh4-150x150.jpg 150w, https:\/\/tierheim-moers.de\/Wordpress\/wp-content\/uploads\/2023\/09\/BalouZh4-768x768.jpg 768w, https:\/\/tierheim-moers.de\/Wordpress\/wp-content\/uploads\/2023\/09\/BalouZh4-600x600.jpg 600w, https:\/\/tierheim-moers.de\/Wordpress\/wp-content\/uploads\/2023\/09\/BalouZh4-1536x1536.jpg 1536w, https:\/\/tierheim-moers.de\/Wordpress\/wp-content\/uploads\/2023\/09\/BalouZh4-2048x2048.jpg 2048w, https:\/\/tierheim-moers.de\/Wordpress\/wp-content\/uploads\/2023\/09\/BalouZh4-432x432.jpg 432w, https:\/\/tierheim-moers.de\/Wordpress\/wp-content\/uploads\/2023\/09\/BalouZh4-268x268.jpg 268w, https:\/\/tierheim-moers.de\/Wordpress\/wp-content\/uploads\/2023\/09\/BalouZh4-700x700.jpg 700w, https:\/\/tierheim-moers.de\/Wordpress\/wp-content\/uploads\/2023\/09\/BalouZh4-1320x1320.jpg 1320w, https:\/\/tierheim-moers.de\/Wordpress\/wp-content\/uploads\/2023\/09\/BalouZh4-45x45.jpg 45w\" sizes=\"(max-width: 300px) 100vw, 300px\" \/><\/a><\/p>\n<p>Anfangs haben wir uns ja sehr gew\u00fcnscht, dass er abends zu uns aufs Sofa kommt, aber wie schon berichtet, hat ihn das leider sehr verunsichert. Inzwischen haben wir diesen Wunsch verworfen, denn ehrlicherweise war das Motiv nat\u00fcrlich von uns eher egoistisch. Wenn er wirklich immer zu uns auf die Couch kommen w\u00fcrde, w\u00e4re das nat\u00fcrlich total sch\u00f6n, aber wenn er dann unbeaufsichtigt und ohne Unterst\u00fctzung von der Couch runterspringt und sich dann evtl. verletzt&#8230; nein, das ist zu gef\u00e4hrlich. Aber wir haben zwei seiner Liegepl\u00e4tze direkt neben unsere Couch positioniert und wenn wir abends fern sehen, legt er sich auf einen dieser Pl\u00e4tze in unsere N\u00e4he; das ist auch sehr sch\u00f6n.<\/p>\n<p>Und Balou f\u00fchlt sich wohl, das ist das Wichtigste.<\/p>\n<p>Er spielt unheimlich viel, zeigt tagt\u00e4glich Wohlf\u00fchlverhalten und ist zu einem totalen Schmuseb\u00e4r geworden. Zwischen uns haben sich richtige Schmuserituale entwickelt, aber auch andere Zweibeiner, die er kennt und \/ oder sympathisch findet, sind vor Schmuseattacken nicht sicher ^^<\/p>\n<p>Sogar seinen Tierarzt hat er inzwischen um seine kleine Kralle gewickelt. Bei der letzten Untersuchung vor ein paar Tagen hat Balou die Situation gnadenlos ausgenutzt, sich vor dem Arzt auf dem Boden gew\u00e4lzt, seine Beine in die Luft gestreckt und den Clown gegeben. \ud83d\ude00 Der Tierarzt sa\u00df nur noch lachend vor ihm und meinte, DAS w\u00e4re ja mal so gar nicht selbstverst\u00e4ndlich f\u00fcr einen Sch\u00e4ferhund und hat ihn auch als Schmuseb\u00e4r bezeichnet ^^<\/p>\n<p>Wir k\u00f6nnen kaum in Worte fassen, wie sch\u00f6n es ist, den Kleinen bei uns zu haben und auch wenn der Tag des Abschieds bei einem alten Hund aus dem Tierheim h\u00f6chst wahrscheinlich viel fr\u00fcher kommt, als bei einem jungen Hund, dem man eine zweite Chance gibt, m\u00f6chten wir jedem ans Herz legen, diesen Schritt zu wagen!<\/p>\n<p>Ganz liebe Gr\u00fc\u00dfe,<\/p>\n<p>Marcus &amp; Nicole<\/p>\n<p>&nbsp;<\/p>\n<p>&nbsp;<\/p>\n<p><strong>Juni 2023<\/strong><\/p>\n<p style=\"margin-bottom: 0cm;\"><span style=\"font-size: 9.0pt; font-family: 'Trebuchet MS',sans-serif;\">Liebes Team vom Tierheim Moers,<\/span><\/p>\n<p style=\"margin-bottom: 0cm;\"><span style=\"font-size: 9.0pt; font-family: 'Verdana',sans-serif;\">&nbsp;<\/span><\/p>\n<p style=\"margin-bottom: 0cm;\"><span style=\"font-size: 9.0pt; font-family: 'Trebuchet MS',sans-serif;\">der Balou ist zwar erst knapp zwei Wochen bei uns &#8211; aber es f\u00fchlt sich an, als w\u00e4re er schon viel l\u00e4nger Teil unserer kleinen Familie.<\/span><\/p>\n<p>&nbsp;<\/p>\n<p><a href=\"https:\/\/tierheim-moers.de\/Wordpress\/wp-content\/uploads\/2023\/06\/BalouH7-scaled.jpg\"><img loading=\"lazy\" decoding=\"async\" class=\"alignnone size-medium wp-image-53923\" src=\"https:\/\/tierheim-moers.de\/Wordpress\/wp-content\/uploads\/2023\/06\/BalouH7-300x195.jpg\" alt=\"\" width=\"300\" height=\"195\" srcset=\"https:\/\/tierheim-moers.de\/Wordpress\/wp-content\/uploads\/2023\/06\/BalouH7-300x195.jpg 300w, https:\/\/tierheim-moers.de\/Wordpress\/wp-content\/uploads\/2023\/06\/BalouH7-1024x665.jpg 1024w, https:\/\/tierheim-moers.de\/Wordpress\/wp-content\/uploads\/2023\/06\/BalouH7-768x499.jpg 768w, https:\/\/tierheim-moers.de\/Wordpress\/wp-content\/uploads\/2023\/06\/BalouH7-600x390.jpg 600w, https:\/\/tierheim-moers.de\/Wordpress\/wp-content\/uploads\/2023\/06\/BalouH7-1536x998.jpg 1536w, https:\/\/tierheim-moers.de\/Wordpress\/wp-content\/uploads\/2023\/06\/BalouH7-2048x1331.jpg 2048w, https:\/\/tierheim-moers.de\/Wordpress\/wp-content\/uploads\/2023\/06\/BalouH7-700x455.jpg 700w, https:\/\/tierheim-moers.de\/Wordpress\/wp-content\/uploads\/2023\/06\/BalouH7-1320x858.jpg 1320w\" sizes=\"(max-width: 300px) 100vw, 300px\" \/><\/a> <a href=\"https:\/\/tierheim-moers.de\/Wordpress\/wp-content\/uploads\/2023\/06\/BalouH6.jpg\"><img loading=\"lazy\" decoding=\"async\" class=\"alignnone size-medium wp-image-53922\" src=\"https:\/\/tierheim-moers.de\/Wordpress\/wp-content\/uploads\/2023\/06\/BalouH6-300x260.jpg\" alt=\"\" width=\"300\" height=\"260\"><\/a> &nbsp; &nbsp;&nbsp;<\/p>\n<p style=\"margin-bottom: 0cm;\"><span style=\"font-size: 9.0pt; font-family: 'Verdana',sans-serif;\">&nbsp;<\/span><\/p>\n<p style=\"margin-bottom: 0cm;\"><span style=\"font-size: 9.0pt; font-family: 'Trebuchet MS',sans-serif;\">Nach noch nicht mal zwei Wochen sitzen alle Kommandos und Routinen, die wir f\u00fcr das t\u00e4gliche Miteinander ben\u00f6tigen.<\/span><\/p>\n<p style=\"margin-bottom: 0cm;\"><span style=\"font-size: 9.0pt; font-family: 'Trebuchet MS',sans-serif;\">Der Altersstarrsinn mag zwar hier und da durch kommen, aber unterm Strich ist der s\u00fc\u00dfe Fratz sehr lernwillig. Und \u2013 er ist ein Fr\u00fchaufsteher \u2013 sehr hilfreich \ud83d\ude00<\/span><\/p>\n<p style=\"margin-bottom: 0cm;\"><span style=\"font-size: 9.0pt; font-family: 'Trebuchet MS',sans-serif;\">Als es am ersten Werktag nach seinem Einzug um 5Uhr hie\u00df \u201eGassi gehen\u201c hat er zwar etwas entgeistert aus der W\u00e4sche geguckt, aber ab dem zweiten Tag war das schon ok f\u00fcr ihn.<\/span><\/p>\n<p style=\"margin-bottom: 0cm;\"><span style=\"font-size: 9.0pt; font-family: 'Verdana',sans-serif;\">&nbsp;<\/span><\/p>\n<p style=\"margin-bottom: 0cm;\"><span style=\"font-size: 9.0pt; font-family: 'Trebuchet MS',sans-serif;\">Leider scheint der kleine Kerl nicht die Vorz\u00fcge einer Couch zu kennen \u2013 auch seine Hundebetten hat er von Anfang an gemieden. Aber &#8211; wie schon telefonisch berichtet &#8211; waren Yogamatten hier die L\u00f6sung des Problems.<\/span><\/p>\n<p>&nbsp;<\/p>\n<p><a href=\"https:\/\/tierheim-moers.de\/Wordpress\/wp-content\/uploads\/2023\/06\/BalouH9-scaled.jpg\"><img loading=\"lazy\" decoding=\"async\" class=\"alignnone size-medium wp-image-53925\" src=\"https:\/\/tierheim-moers.de\/Wordpress\/wp-content\/uploads\/2023\/06\/BalouH9-300x143.jpg\" alt=\"\" width=\"300\" height=\"143\" srcset=\"https:\/\/tierheim-moers.de\/Wordpress\/wp-content\/uploads\/2023\/06\/BalouH9-300x143.jpg 300w, https:\/\/tierheim-moers.de\/Wordpress\/wp-content\/uploads\/2023\/06\/BalouH9-1024x489.jpg 1024w, https:\/\/tierheim-moers.de\/Wordpress\/wp-content\/uploads\/2023\/06\/BalouH9-768x367.jpg 768w, https:\/\/tierheim-moers.de\/Wordpress\/wp-content\/uploads\/2023\/06\/BalouH9-600x286.jpg 600w, https:\/\/tierheim-moers.de\/Wordpress\/wp-content\/uploads\/2023\/06\/BalouH9-1536x733.jpg 1536w, https:\/\/tierheim-moers.de\/Wordpress\/wp-content\/uploads\/2023\/06\/BalouH9-2048x978.jpg 2048w, https:\/\/tierheim-moers.de\/Wordpress\/wp-content\/uploads\/2023\/06\/BalouH9-700x334.jpg 700w, https:\/\/tierheim-moers.de\/Wordpress\/wp-content\/uploads\/2023\/06\/BalouH9-1320x630.jpg 1320w\" sizes=\"(max-width: 300px) 100vw, 300px\" \/><\/a> <a href=\"https:\/\/tierheim-moers.de\/Wordpress\/wp-content\/uploads\/2023\/06\/BalouH2-scaled.jpg\"><img loading=\"lazy\" decoding=\"async\" class=\"alignnone size-medium wp-image-53918\" src=\"https:\/\/tierheim-moers.de\/Wordpress\/wp-content\/uploads\/2023\/06\/BalouH2-300x249.jpg\" alt=\"\" width=\"300\" height=\"249\" srcset=\"https:\/\/tierheim-moers.de\/Wordpress\/wp-content\/uploads\/2023\/06\/BalouH2-300x249.jpg 300w, https:\/\/tierheim-moers.de\/Wordpress\/wp-content\/uploads\/2023\/06\/BalouH2-1024x852.jpg 1024w, https:\/\/tierheim-moers.de\/Wordpress\/wp-content\/uploads\/2023\/06\/BalouH2-768x639.jpg 768w, https:\/\/tierheim-moers.de\/Wordpress\/wp-content\/uploads\/2023\/06\/BalouH2-600x499.jpg 600w, https:\/\/tierheim-moers.de\/Wordpress\/wp-content\/uploads\/2023\/06\/BalouH2-1536x1277.jpg 1536w, https:\/\/tierheim-moers.de\/Wordpress\/wp-content\/uploads\/2023\/06\/BalouH2-2048x1703.jpg 2048w, https:\/\/tierheim-moers.de\/Wordpress\/wp-content\/uploads\/2023\/06\/BalouH2-700x582.jpg 700w, https:\/\/tierheim-moers.de\/Wordpress\/wp-content\/uploads\/2023\/06\/BalouH2-1320x1098.jpg 1320w\" sizes=\"(max-width: 300px) 100vw, 300px\" \/><\/a><\/p>\n<p style=\"margin-bottom: 0cm;\"><span style=\"font-size: 9.0pt; font-family: 'Trebuchet MS',sans-serif;\">So ab und an traut er sich schon mal f\u00fcr ein paar Minuten auf die Couch und l\u00e4sst sich von seinen Zweibeinern kraulen, aber auf der Couch zu liegen ist ihm doch noch sehr suspekt.<\/span><\/p>\n<p style=\"margin-bottom: 0cm;\"><span style=\"font-size: 9.0pt; font-family: 'Trebuchet MS',sans-serif;\">Schauen wir mal, wie sich das noch entwickelt. <\/span><\/p>\n<p style=\"margin-bottom: 0cm;\"><span style=\"font-size: 9.0pt; font-family: 'Trebuchet MS',sans-serif;\">Sein \u201eOutdoor-Sofa\u201c hat er aber schon nach zwei Tagen f\u00fcr sich entdeckt.<\/span><\/p>\n<p>&nbsp;<\/p>\n<p><a href=\"https:\/\/tierheim-moers.de\/Wordpress\/wp-content\/uploads\/2023\/06\/BalouH3-scaled.jpg\"><img loading=\"lazy\" decoding=\"async\" class=\"alignnone size-medium wp-image-53919\" src=\"https:\/\/tierheim-moers.de\/Wordpress\/wp-content\/uploads\/2023\/06\/BalouH3-142x300.jpg\" alt=\"\" width=\"142\" height=\"300\" srcset=\"https:\/\/tierheim-moers.de\/Wordpress\/wp-content\/uploads\/2023\/06\/BalouH3-142x300.jpg 142w, https:\/\/tierheim-moers.de\/Wordpress\/wp-content\/uploads\/2023\/06\/BalouH3-485x1024.jpg 485w, https:\/\/tierheim-moers.de\/Wordpress\/wp-content\/uploads\/2023\/06\/BalouH3-768x1622.jpg 768w, https:\/\/tierheim-moers.de\/Wordpress\/wp-content\/uploads\/2023\/06\/BalouH3-600x1267.jpg 600w, https:\/\/tierheim-moers.de\/Wordpress\/wp-content\/uploads\/2023\/06\/BalouH3-727x1536.jpg 727w, https:\/\/tierheim-moers.de\/Wordpress\/wp-content\/uploads\/2023\/06\/BalouH3-970x2048.jpg 970w, https:\/\/tierheim-moers.de\/Wordpress\/wp-content\/uploads\/2023\/06\/BalouH3-700x1478.jpg 700w, https:\/\/tierheim-moers.de\/Wordpress\/wp-content\/uploads\/2023\/06\/BalouH3-1320x2787.jpg 1320w, https:\/\/tierheim-moers.de\/Wordpress\/wp-content\/uploads\/2023\/06\/BalouH3-scaled.jpg 1212w\" sizes=\"(max-width: 142px) 100vw, 142px\" \/><\/a><a href=\"https:\/\/tierheim-moers.de\/Wordpress\/wp-content\/uploads\/2023\/06\/BalouH5.jpg\"><img loading=\"lazy\" decoding=\"async\" class=\"alignnone size-medium wp-image-53921\" src=\"https:\/\/tierheim-moers.de\/Wordpress\/wp-content\/uploads\/2023\/06\/BalouH5-284x300.jpg\" alt=\"\" width=\"284\" height=\"300\" srcset=\"https:\/\/tierheim-moers.de\/Wordpress\/wp-content\/uploads\/2023\/06\/BalouH5-284x300.jpg 284w, https:\/\/tierheim-moers.de\/Wordpress\/wp-content\/uploads\/2023\/06\/BalouH5-970x1024.jpg 970w, https:\/\/tierheim-moers.de\/Wordpress\/wp-content\/uploads\/2023\/06\/BalouH5-768x811.jpg 768w, https:\/\/tierheim-moers.de\/Wordpress\/wp-content\/uploads\/2023\/06\/BalouH5-600x634.jpg 600w, https:\/\/tierheim-moers.de\/Wordpress\/wp-content\/uploads\/2023\/06\/BalouH5-1454x1536.jpg 1454w, https:\/\/tierheim-moers.de\/Wordpress\/wp-content\/uploads\/2023\/06\/BalouH5-1939x2048.jpg 1939w, https:\/\/tierheim-moers.de\/Wordpress\/wp-content\/uploads\/2023\/06\/BalouH5-700x739.jpg 700w, https:\/\/tierheim-moers.de\/Wordpress\/wp-content\/uploads\/2023\/06\/BalouH5-1320x1394.jpg 1320w, https:\/\/tierheim-moers.de\/Wordpress\/wp-content\/uploads\/2023\/06\/BalouH5.jpg 2015w\" sizes=\"(max-width: 284px) 100vw, 284px\" \/><\/a><\/p>\n<p style=\"margin-bottom: 0cm;\"><span style=\"font-size: 9.0pt; font-family: 'Verdana',sans-serif;\">&nbsp;<\/span><\/p>\n<p style=\"margin-bottom: 0cm;\"><span style=\"font-size: 9.0pt; font-family: 'Trebuchet MS',sans-serif;\">Autofahren findet er super \u2013 mittels Rampe ein- und aussteigen ist f\u00fcr ihn absolut kein Problem; er l\u00e4uft routiniert rauf und runter als h\u00e4tte er das schon immer so gemacht.<\/span><\/p>\n<p>&nbsp;<\/p>\n<p>&nbsp;<a href=\"https:\/\/tierheim-moers.de\/Wordpress\/wp-content\/uploads\/2023\/06\/BalouH8-scaled.jpg\"><img loading=\"lazy\" decoding=\"async\" class=\"alignnone size-medium wp-image-53924\" src=\"https:\/\/tierheim-moers.de\/Wordpress\/wp-content\/uploads\/2023\/06\/BalouH8-300x176.jpg\" alt=\"\" width=\"300\" height=\"176\" srcset=\"https:\/\/tierheim-moers.de\/Wordpress\/wp-content\/uploads\/2023\/06\/BalouH8-300x176.jpg 300w, https:\/\/tierheim-moers.de\/Wordpress\/wp-content\/uploads\/2023\/06\/BalouH8-1024x600.jpg 1024w, https:\/\/tierheim-moers.de\/Wordpress\/wp-content\/uploads\/2023\/06\/BalouH8-768x450.jpg 768w, https:\/\/tierheim-moers.de\/Wordpress\/wp-content\/uploads\/2023\/06\/BalouH8-600x351.jpg 600w, https:\/\/tierheim-moers.de\/Wordpress\/wp-content\/uploads\/2023\/06\/BalouH8-1536x899.jpg 1536w, https:\/\/tierheim-moers.de\/Wordpress\/wp-content\/uploads\/2023\/06\/BalouH8-2048x1199.jpg 2048w, https:\/\/tierheim-moers.de\/Wordpress\/wp-content\/uploads\/2023\/06\/BalouH8-700x410.jpg 700w, https:\/\/tierheim-moers.de\/Wordpress\/wp-content\/uploads\/2023\/06\/BalouH8-1320x773.jpg 1320w\" sizes=\"(max-width: 300px) 100vw, 300px\" \/><\/a><\/p>\n<p style=\"margin-bottom: 0cm;\"><span style=\"font-size: 9.0pt; font-family: 'Verdana',sans-serif;\">&nbsp;<\/span><\/p>\n<p style=\"margin-bottom: 0cm;\"><span style=\"font-size: 9.0pt; font-family: 'Trebuchet MS',sans-serif;\">Nachdem wir wegen seiner Medikation miteinander telefoniert hatten, haben wir dann doch noch sehr kurzfristig einen mobilen Tierarzt zu uns kommen lassen. Derzeit stellen wir Balous Schmerztherapie um, was \u2013 zum jetzigen Zeitpunkt bereits \u2013 sehr positive Auswirkungen zeigt. Er ist insgesamt deutlich entspannter und mobiler.<\/span><\/p>\n<p>&nbsp;<\/p>\n<p><a href=\"https:\/\/tierheim-moers.de\/Wordpress\/wp-content\/uploads\/2023\/06\/BalouH4-scaled.jpg\"><img loading=\"lazy\" decoding=\"async\" class=\"alignnone size-medium wp-image-53920\" src=\"https:\/\/tierheim-moers.de\/Wordpress\/wp-content\/uploads\/2023\/06\/BalouH4-181x300.jpg\" alt=\"\" width=\"181\" height=\"300\" srcset=\"https:\/\/tierheim-moers.de\/Wordpress\/wp-content\/uploads\/2023\/06\/BalouH4-181x300.jpg 181w, https:\/\/tierheim-moers.de\/Wordpress\/wp-content\/uploads\/2023\/06\/BalouH4-618x1024.jpg 618w, https:\/\/tierheim-moers.de\/Wordpress\/wp-content\/uploads\/2023\/06\/BalouH4-768x1272.jpg 768w, https:\/\/tierheim-moers.de\/Wordpress\/wp-content\/uploads\/2023\/06\/BalouH4-600x994.jpg 600w, https:\/\/tierheim-moers.de\/Wordpress\/wp-content\/uploads\/2023\/06\/BalouH4-927x1536.jpg 927w, https:\/\/tierheim-moers.de\/Wordpress\/wp-content\/uploads\/2023\/06\/BalouH4-1237x2048.jpg 1237w, https:\/\/tierheim-moers.de\/Wordpress\/wp-content\/uploads\/2023\/06\/BalouH4-700x1159.jpg 700w, https:\/\/tierheim-moers.de\/Wordpress\/wp-content\/uploads\/2023\/06\/BalouH4-1320x2186.jpg 1320w, https:\/\/tierheim-moers.de\/Wordpress\/wp-content\/uploads\/2023\/06\/BalouH4-scaled.jpg 1546w\" sizes=\"(max-width: 181px) 100vw, 181px\" \/><\/a><\/p>\n<p style=\"margin-bottom: 0cm;\"><span style=\"font-size: 9.0pt; font-family: 'Trebuchet MS',sans-serif;\">Seine neuen Medis vertr\u00e4gt er gut und er zeigt immer mehr Bewegungsabl\u00e4ufe, die wir vor der Umstellung nicht beobachten konnten. <\/span><\/p>\n<p style=\"margin-bottom: 0cm;\"><span style=\"font-size: 9.0pt; font-family: 'Trebuchet MS',sans-serif;\">Wir hoffen sehr, dass es ihm noch laaaaaange gut gehen wird und wir eine tolle Zeit zusammen haben werden.<\/span><\/p>\n<p style=\"margin-bottom: 0cm;\"><span style=\"font-size: 9.0pt; font-family: 'Verdana',sans-serif;\">&nbsp;<\/span><\/p>\n<p style=\"margin-bottom: 0cm;\"><span style=\"font-size: 9.0pt; font-family: 'Trebuchet MS',sans-serif;\">Ganz liebe Gr\u00fc\u00dfe,<\/span><\/p>\n<p style=\"margin-bottom: 0cm;\"><span style=\"font-size: 9.0pt; font-family: 'Verdana',sans-serif;\">&nbsp;<\/span><\/p>\n<p style=\"margin-bottom: 0cm;\"><span style=\"font-size: 9.0pt; font-family: 'Trebuchet MS',sans-serif;\">Marcus &amp; Nicole&nbsp;<\/span><\/p>\n<div class=\"shariff shariff-align-flex-start shariff-widget-align-center\" data-url=\"https%3A%2F%2Ftierheim-moers.de%2FWordpress%2Fbalou-geniesst-seinen-neuen-lebensabschnitt%2F\" data-timestamp=\"1693569129\" data-hidezero=\"1\" data-backendurl=\"https:\/\/tierheim-moers.de\/Wordpress\/wp-json\/shariff\/v1\/share_counts?\"><ul class=\"shariff-buttons theme-round orientation-horizontal buttonsize-small\"><li class=\"shariff-button facebook shariff-nocustomcolor\" style=\"background-color:#4273c8\"><a href=\"https:\/\/www.facebook.com\/sharer\/sharer.php?u=https%3A%2F%2Ftierheim-moers.de%2FWordpress%2Fbalou-geniesst-seinen-neuen-lebensabschnitt%2F\" title=\"Bei Facebook teilen\" aria-label=\"Bei Facebook teilen\" role=\"button\" rel=\"nofollow\" class=\"shariff-link\" style=\"; background-color:#3b5998; color:#fff\" target=\"_blank\"><span class=\"shariff-icon\" style=\"\"><svg width=\"32px\" height=\"20px\" xmlns=\"http:\/\/www.w3.org\/2000\/svg\" viewBox=\"0 0 18 32\"><path fill=\"#3b5998\" d=\"M17.1 0.2v4.7h-2.8q-1.5 0-2.1 0.6t-0.5 1.9v3.4h5.2l-0.7 5.3h-4.5v13.6h-5.5v-13.6h-4.5v-5.3h4.5v-3.9q0-3.3 1.9-5.2t5-1.8q2.6 0 4.1 0.2z\"\/><\/svg><\/span><\/a><\/li><li class=\"shariff-button twitter shariff-nocustomcolor\" style=\"background-color:#595959\"><a href=\"https:\/\/twitter.com\/share?url=https%3A%2F%2Ftierheim-moers.de%2FWordpress%2Fbalou-geniesst-seinen-neuen-lebensabschnitt%2F&text=Balou%20%E2%80%A6%20genie%C3%9Ft%20seinen%20neuen%20Lebensabschnitt%20%E2%80%93%20Update\" title=\"Bei X teilen\" aria-label=\"Bei X teilen\" role=\"button\" rel=\"noopener nofollow\" class=\"shariff-link\" style=\"; background-color:#000; color:#fff\" target=\"_blank\"><span class=\"shariff-icon\" style=\"\"><svg width=\"32px\" height=\"20px\" xmlns=\"http:\/\/www.w3.org\/2000\/svg\" viewBox=\"0 0 24 24\"><path fill=\"#000\" d=\"M14.258 10.152L23.176 0h-2.113l-7.747 8.813L7.133 0H0l9.352 13.328L0 23.973h2.113l8.176-9.309 6.531 9.309h7.133zm-2.895 3.293l-.949-1.328L2.875 1.56h3.246l6.086 8.523.945 1.328 7.91 11.078h-3.246zm0 0\"\/><\/svg><\/span><\/a><\/li><li class=\"shariff-button whatsapp shariff-nocustomcolor\" style=\"background-color:#5cbe4a\"><a href=\"https:\/\/api.whatsapp.com\/send?text=https%3A%2F%2Ftierheim-moers.de%2FWordpress%2Fbalou-geniesst-seinen-neuen-lebensabschnitt%2F%20Balou%20%E2%80%A6%20genie%C3%9Ft%20seinen%20neuen%20Lebensabschnitt%20%E2%80%93%20Update\" title=\"Bei Whatsapp teilen\" aria-label=\"Bei Whatsapp teilen\" role=\"button\" rel=\"noopener nofollow\" class=\"shariff-link\" style=\"; background-color:#34af23; color:#fff\" target=\"_blank\"><span class=\"shariff-icon\" style=\"\"><svg width=\"32px\" height=\"20px\" xmlns=\"http:\/\/www.w3.org\/2000\/svg\" viewBox=\"0 0 32 32\"><path fill=\"#34af23\" d=\"M17.6 17.4q0.2 0 1.7 0.8t1.6 0.9q0 0.1 0 0.3 0 0.6-0.3 1.4-0.3 0.7-1.3 1.2t-1.8 0.5q-1 0-3.4-1.1-1.7-0.8-3-2.1t-2.6-3.3q-1.3-1.9-1.3-3.5v-0.1q0.1-1.6 1.3-2.8 0.4-0.4 0.9-0.4 0.1 0 0.3 0t0.3 0q0.3 0 0.5 0.1t0.3 0.5q0.1 0.4 0.6 1.6t0.4 1.3q0 0.4-0.6 1t-0.6 0.8q0 0.1 0.1 0.3 0.6 1.3 1.8 2.4 1 0.9 2.7 1.8 0.2 0.1 0.4 0.1 0.3 0 1-0.9t0.9-0.9zM14 26.9q2.3 0 4.3-0.9t3.6-2.4 2.4-3.6 0.9-4.3-0.9-4.3-2.4-3.6-3.6-2.4-4.3-0.9-4.3 0.9-3.6 2.4-2.4 3.6-0.9 4.3q0 3.6 2.1 6.6l-1.4 4.2 4.3-1.4q2.8 1.9 6.2 1.9zM14 2.2q2.7 0 5.2 1.1t4.3 2.9 2.9 4.3 1.1 5.2-1.1 5.2-2.9 4.3-4.3 2.9-5.2 1.1q-3.5 0-6.5-1.7l-7.4 2.4 2.4-7.2q-1.9-3.2-1.9-6.9 0-2.7 1.1-5.2t2.9-4.3 4.3-2.9 5.2-1.1z\"\/><\/svg><\/span><\/a><\/li><li class=\"shariff-button sms shariff-nocustomcolor shariff-mobile\" style=\"background-color:#d7d9d8\"><a href=\"sms:?&body=https%3A%2F%2Ftierheim-moers.de%2FWordpress%2Fbalou-geniesst-seinen-neuen-lebensabschnitt%2F\" title=\"Per SMS teilen\" aria-label=\"Per SMS teilen\" role=\"button\" rel=\"noopener nofollow\" class=\"shariff-link\" style=\"; background-color:#a1e877; color:#fff\" target=\"_blank\"><span class=\"shariff-icon\" style=\"\"><svg xmlns=\"http:\/\/www.w3.org\/2000\/svg\" width=\"510\" height=\"510\" viewBox=\"0 0 510 510\"><path fill=\"#a1e877\" d=\"M459 0H51C23 0 0 23 0 51v459l102-102h357c28.1 0 51-22.9 51-51V51C510 23 487.1 0 459 0zM178.5 229.5h-51v-51h51V229.5zM280.5 229.5h-51v-51h51V229.5zM382.5 229.5h-51v-51h51V229.5z\"\/><\/svg><\/span><\/a><\/li><\/ul><\/div>","protected":false},"excerpt":{"rendered":"<p>&nbsp; 17. August 2023 Liebes Team vom Tierheim Moers, aus zwei wurden ratzfatz zehn Wochen \u2013 kaum zu fassen, wie schnell die Zeit vergangen ist. Balou geht es super und er ist voll und ganz in seinem F\u00fcr-Immer-Zuhause angekommen. Nat\u00fcrlich gab bzw. gibt es hier und da kleine \u201eDorfsheriff-typische-Probleme\u201c, aber &#8230;<\/p>\n","protected":false},"author":7,"featured_media":53922,"comment_status":"closed","ping_status":"open","sticky":false,"template":"","format":"standard","meta":{"ngg_post_thumbnail":0,"footnotes":""},"categories":[32],"tags":[],"class_list":["post-53926","post","type-post","status-publish","format-standard","has-post-thumbnail","hentry","category-erfolgsgeschichten","column","threecol","has-thumbnail"],"yoast_head":"<!-- This site is optimized with the Yoast SEO plugin v24.6 - https:\/\/yoast.com\/wordpress\/plugins\/seo\/ -->\n<title>Balou ... genie\u00dft seinen neuen Lebensabschnitt - Update | TIERHEIM MOERS<\/title>\n<meta name=\"robots\" content=\"index, follow, max-snippet:-1, max-image-preview:large, max-video-preview:-1\" \/>\n<link rel=\"canonical\" href=\"https:\/\/tierheim-moers.de\/Wordpress\/balou-geniesst-seinen-neuen-lebensabschnitt\/\" \/>\n<meta property=\"og:locale\" content=\"de_DE\" \/>\n<meta property=\"og:type\" content=\"article\" \/>\n<meta property=\"og:title\" content=\"Balou ... genie\u00dft seinen neuen Lebensabschnitt - Update | TIERHEIM MOERS\" \/>\n<meta property=\"og:description\" content=\"&nbsp; 17. August 2023 Liebes Team vom Tierheim Moers, aus zwei wurden ratzfatz zehn Wochen \u2013 kaum zu fassen, wie schnell die &#8230;\" \/>\n<meta property=\"og:url\" content=\"https:\/\/tierheim-moers.de\/Wordpress\/balou-geniesst-seinen-neuen-lebensabschnitt\/\" \/>\n<meta property=\"og:site_name\" content=\"TIERHEIM MOERS\" \/>\n<meta property=\"article:publisher\" content=\"https:\/\/de-de.facebook.com\/moers.tierheim\" \/>\n<meta property=\"article:published_time\" content=\"2023-09-01T09:20:54+00:00\" \/>\n<meta property=\"article:modified_time\" content=\"2023-09-01T09:52:09+00:00\" \/>\n<meta property=\"og:image\" content=\"https:\/\/tierheim-moers.de\/Wordpress\/wp-content\/uploads\/2023\/06\/BalouH6-e1687609491617.jpg\" \/>\n\t<meta property=\"og:image:width\" content=\"1331\" \/>\n\t<meta property=\"og:image:height\" content=\"801\" \/>\n\t<meta property=\"og:image:type\" content=\"image\/jpeg\" \/>\n<meta name=\"author\" content=\"Kathrin Novotny\" \/>\n<meta name=\"twitter:card\" content=\"summary_large_image\" \/>\n<meta name=\"twitter:label1\" content=\"Verfasst von\" \/>\n\t<meta name=\"twitter:data1\" content=\"Kathrin Novotny\" \/>\n\t<meta name=\"twitter:label2\" content=\"Gesch\u00e4tzte Lesezeit\" \/>\n\t<meta name=\"twitter:data2\" content=\"10\u00a0Minuten\" \/>\n<script type=\"application\/ld+json\" class=\"yoast-schema-graph\">{\"@context\":\"https:\/\/schema.org\",\"@graph\":[{\"@type\":\"Article\",\"@id\":\"https:\/\/tierheim-moers.de\/Wordpress\/balou-geniesst-seinen-neuen-lebensabschnitt\/#article\",\"isPartOf\":{\"@id\":\"https:\/\/tierheim-moers.de\/Wordpress\/balou-geniesst-seinen-neuen-lebensabschnitt\/\"},\"author\":{\"name\":\"Kathrin Novotny\",\"@id\":\"https:\/\/tierheim-moers.de\/Wordpress\/#\/schema\/person\/167de77fdd5ff85153606cdd34a5ffbc\"},\"headline\":\"Balou &#8230; genie\u00dft seinen neuen Lebensabschnitt &#8211; Update\",\"datePublished\":\"2023-09-01T09:20:54+00:00\",\"dateModified\":\"2023-09-01T09:52:09+00:00\",\"mainEntityOfPage\":{\"@id\":\"https:\/\/tierheim-moers.de\/Wordpress\/balou-geniesst-seinen-neuen-lebensabschnitt\/\"},\"wordCount\":1379,\"publisher\":{\"@id\":\"https:\/\/tierheim-moers.de\/Wordpress\/#organization\"},\"image\":{\"@id\":\"https:\/\/tierheim-moers.de\/Wordpress\/balou-geniesst-seinen-neuen-lebensabschnitt\/#primaryimage\"},\"thumbnailUrl\":\"https:\/\/tierheim-moers.de\/Wordpress\/wp-content\/uploads\/2023\/06\/BalouH6-e1687609491617.jpg\",\"articleSection\":[\"Erfolgsgeschichten\"],\"inLanguage\":\"de\"},{\"@type\":\"WebPage\",\"@id\":\"https:\/\/tierheim-moers.de\/Wordpress\/balou-geniesst-seinen-neuen-lebensabschnitt\/\",\"url\":\"https:\/\/tierheim-moers.de\/Wordpress\/balou-geniesst-seinen-neuen-lebensabschnitt\/\",\"name\":\"Balou ... genie\u00dft seinen neuen Lebensabschnitt - Update | TIERHEIM MOERS\",\"isPartOf\":{\"@id\":\"https:\/\/tierheim-moers.de\/Wordpress\/#website\"},\"primaryImageOfPage\":{\"@id\":\"https:\/\/tierheim-moers.de\/Wordpress\/balou-geniesst-seinen-neuen-lebensabschnitt\/#primaryimage\"},\"image\":{\"@id\":\"https:\/\/tierheim-moers.de\/Wordpress\/balou-geniesst-seinen-neuen-lebensabschnitt\/#primaryimage\"},\"thumbnailUrl\":\"https:\/\/tierheim-moers.de\/Wordpress\/wp-content\/uploads\/2023\/06\/BalouH6-e1687609491617.jpg\",\"datePublished\":\"2023-09-01T09:20:54+00:00\",\"dateModified\":\"2023-09-01T09:52:09+00:00\",\"breadcrumb\":{\"@id\":\"https:\/\/tierheim-moers.de\/Wordpress\/balou-geniesst-seinen-neuen-lebensabschnitt\/#breadcrumb\"},\"inLanguage\":\"de\",\"potentialAction\":[{\"@type\":\"ReadAction\",\"target\":[\"https:\/\/tierheim-moers.de\/Wordpress\/balou-geniesst-seinen-neuen-lebensabschnitt\/\"]}]},{\"@type\":\"ImageObject\",\"inLanguage\":\"de\",\"@id\":\"https:\/\/tierheim-moers.de\/Wordpress\/balou-geniesst-seinen-neuen-lebensabschnitt\/#primaryimage\",\"url\":\"https:\/\/tierheim-moers.de\/Wordpress\/wp-content\/uploads\/2023\/06\/BalouH6-e1687609491617.jpg\",\"contentUrl\":\"https:\/\/tierheim-moers.de\/Wordpress\/wp-content\/uploads\/2023\/06\/BalouH6-e1687609491617.jpg\",\"width\":1331,\"height\":801},{\"@type\":\"BreadcrumbList\",\"@id\":\"https:\/\/tierheim-moers.de\/Wordpress\/balou-geniesst-seinen-neuen-lebensabschnitt\/#breadcrumb\",\"itemListElement\":[{\"@type\":\"ListItem\",\"position\":1,\"name\":\"Startseite\",\"item\":\"https:\/\/tierheim-moers.de\/Wordpress\/\"},{\"@type\":\"ListItem\",\"position\":2,\"name\":\"Balou &#8230; genie\u00dft seinen neuen Lebensabschnitt &#8211; Update\"}]},{\"@type\":\"WebSite\",\"@id\":\"https:\/\/tierheim-moers.de\/Wordpress\/#website\",\"url\":\"https:\/\/tierheim-moers.de\/Wordpress\/\",\"name\":\"Tierheim Moers\",\"description\":\"Tierheim | Hundepension | Tierschutz | Moers\",\"publisher\":{\"@id\":\"https:\/\/tierheim-moers.de\/Wordpress\/#organization\"},\"potentialAction\":[{\"@type\":\"SearchAction\",\"target\":{\"@type\":\"EntryPoint\",\"urlTemplate\":\"https:\/\/tierheim-moers.de\/Wordpress\/?s={search_term_string}\"},\"query-input\":{\"@type\":\"PropertyValueSpecification\",\"valueRequired\":true,\"valueName\":\"search_term_string\"}}],\"inLanguage\":\"de\"},{\"@type\":\"Organization\",\"@id\":\"https:\/\/tierheim-moers.de\/Wordpress\/#organization\",\"name\":\"Tierheim Moers\",\"url\":\"https:\/\/tierheim-moers.de\/Wordpress\/\",\"logo\":{\"@type\":\"ImageObject\",\"inLanguage\":\"de\",\"@id\":\"https:\/\/tierheim-moers.de\/Wordpress\/#\/schema\/logo\/image\/\",\"url\":\"https:\/\/tierheim-moers.de\/Wordpress\/wp-content\/uploads\/2014\/04\/Logo-TSV-Moers-V01-RGB-300.png\",\"contentUrl\":\"https:\/\/tierheim-moers.de\/Wordpress\/wp-content\/uploads\/2014\/04\/Logo-TSV-Moers-V01-RGB-300.png\",\"width\":1052,\"height\":1038,\"caption\":\"Tierheim Moers\"},\"image\":{\"@id\":\"https:\/\/tierheim-moers.de\/Wordpress\/#\/schema\/logo\/image\/\"},\"sameAs\":[\"https:\/\/de-de.facebook.com\/moers.tierheim\"]},{\"@type\":\"Person\",\"@id\":\"https:\/\/tierheim-moers.de\/Wordpress\/#\/schema\/person\/167de77fdd5ff85153606cdd34a5ffbc\",\"name\":\"Kathrin Novotny\",\"image\":{\"@type\":\"ImageObject\",\"inLanguage\":\"de\",\"@id\":\"https:\/\/tierheim-moers.de\/Wordpress\/#\/schema\/person\/image\/\",\"url\":\"https:\/\/secure.gravatar.com\/avatar\/8dbd3a3cd58d0e299cb5bd95a6d53c79eebe36713eda62bbb3c41a749d06346f?s=96&d=mm&r=g\",\"contentUrl\":\"https:\/\/secure.gravatar.com\/avatar\/8dbd3a3cd58d0e299cb5bd95a6d53c79eebe36713eda62bbb3c41a749d06346f?s=96&d=mm&r=g\",\"caption\":\"Kathrin Novotny\"},\"url\":\"https:\/\/tierheim-moers.de\/Wordpress\/author\/kathrin\/\"}]}<\/script>\n<!-- \/ Yoast SEO plugin. -->","yoast_head_json":{"title":"Balou ... genie\u00dft seinen neuen Lebensabschnitt - Update | TIERHEIM MOERS","robots":{"index":"index","follow":"follow","max-snippet":"max-snippet:-1","max-image-preview":"max-image-preview:large","max-video-preview":"max-video-preview:-1"},"canonical":"https:\/\/tierheim-moers.de\/Wordpress\/balou-geniesst-seinen-neuen-lebensabschnitt\/","og_locale":"de_DE","og_type":"article","og_title":"Balou ... genie\u00dft seinen neuen Lebensabschnitt - Update | TIERHEIM MOERS","og_description":"&nbsp; 17. August 2023 Liebes Team vom Tierheim Moers, aus zwei wurden ratzfatz zehn Wochen \u2013 kaum zu fassen, wie schnell die &#8230;","og_url":"https:\/\/tierheim-moers.de\/Wordpress\/balou-geniesst-seinen-neuen-lebensabschnitt\/","og_site_name":"TIERHEIM MOERS","article_publisher":"https:\/\/de-de.facebook.com\/moers.tierheim","article_published_time":"2023-09-01T09:20:54+00:00","article_modified_time":"2023-09-01T09:52:09+00:00","og_image":[{"width":1331,"height":801,"url":"https:\/\/tierheim-moers.de\/Wordpress\/wp-content\/uploads\/2023\/06\/BalouH6-e1687609491617.jpg","type":"image\/jpeg"}],"author":"Kathrin Novotny","twitter_card":"summary_large_image","twitter_misc":{"Verfasst von":"Kathrin Novotny","Gesch\u00e4tzte Lesezeit":"10\u00a0Minuten"},"schema":{"@context":"https:\/\/schema.org","@graph":[{"@type":"Article","@id":"https:\/\/tierheim-moers.de\/Wordpress\/balou-geniesst-seinen-neuen-lebensabschnitt\/#article","isPartOf":{"@id":"https:\/\/tierheim-moers.de\/Wordpress\/balou-geniesst-seinen-neuen-lebensabschnitt\/"},"author":{"name":"Kathrin Novotny","@id":"https:\/\/tierheim-moers.de\/Wordpress\/#\/schema\/person\/167de77fdd5ff85153606cdd34a5ffbc"},"headline":"Balou &#8230; genie\u00dft seinen neuen Lebensabschnitt &#8211; Update","datePublished":"2023-09-01T09:20:54+00:00","dateModified":"2023-09-01T09:52:09+00:00","mainEntityOfPage":{"@id":"https:\/\/tierheim-moers.de\/Wordpress\/balou-geniesst-seinen-neuen-lebensabschnitt\/"},"wordCount":1379,"publisher":{"@id":"https:\/\/tierheim-moers.de\/Wordpress\/#organization"},"image":{"@id":"https:\/\/tierheim-moers.de\/Wordpress\/balou-geniesst-seinen-neuen-lebensabschnitt\/#primaryimage"},"thumbnailUrl":"https:\/\/tierheim-moers.de\/Wordpress\/wp-content\/uploads\/2023\/06\/BalouH6-e1687609491617.jpg","articleSection":["Erfolgsgeschichten"],"inLanguage":"de"},{"@type":"WebPage","@id":"https:\/\/tierheim-moers.de\/Wordpress\/balou-geniesst-seinen-neuen-lebensabschnitt\/","url":"https:\/\/tierheim-moers.de\/Wordpress\/balou-geniesst-seinen-neuen-lebensabschnitt\/","name":"Balou ... genie\u00dft seinen neuen Lebensabschnitt - Update | TIERHEIM MOERS","isPartOf":{"@id":"https:\/\/tierheim-moers.de\/Wordpress\/#website"},"primaryImageOfPage":{"@id":"https:\/\/tierheim-moers.de\/Wordpress\/balou-geniesst-seinen-neuen-lebensabschnitt\/#primaryimage"},"image":{"@id":"https:\/\/tierheim-moers.de\/Wordpress\/balou-geniesst-seinen-neuen-lebensabschnitt\/#primaryimage"},"thumbnailUrl":"https:\/\/tierheim-moers.de\/Wordpress\/wp-content\/uploads\/2023\/06\/BalouH6-e1687609491617.jpg","datePublished":"2023-09-01T09:20:54+00:00","dateModified":"2023-09-01T09:52:09+00:00","breadcrumb":{"@id":"https:\/\/tierheim-moers.de\/Wordpress\/balou-geniesst-seinen-neuen-lebensabschnitt\/#breadcrumb"},"inLanguage":"de","potentialAction":[{"@type":"ReadAction","target":["https:\/\/tierheim-moers.de\/Wordpress\/balou-geniesst-seinen-neuen-lebensabschnitt\/"]}]},{"@type":"ImageObject","inLanguage":"de","@id":"https:\/\/tierheim-moers.de\/Wordpress\/balou-geniesst-seinen-neuen-lebensabschnitt\/#primaryimage","url":"https:\/\/tierheim-moers.de\/Wordpress\/wp-content\/uploads\/2023\/06\/BalouH6-e1687609491617.jpg","contentUrl":"https:\/\/tierheim-moers.de\/Wordpress\/wp-content\/uploads\/2023\/06\/BalouH6-e1687609491617.jpg","width":1331,"height":801},{"@type":"BreadcrumbList","@id":"https:\/\/tierheim-moers.de\/Wordpress\/balou-geniesst-seinen-neuen-lebensabschnitt\/#breadcrumb","itemListElement":[{"@type":"ListItem","position":1,"name":"Startseite","item":"https:\/\/tierheim-moers.de\/Wordpress\/"},{"@type":"ListItem","position":2,"name":"Balou &#8230; genie\u00dft seinen neuen Lebensabschnitt &#8211; Update"}]},{"@type":"WebSite","@id":"https:\/\/tierheim-moers.de\/Wordpress\/#website","url":"https:\/\/tierheim-moers.de\/Wordpress\/","name":"Tierheim Moers","description":"Tierheim | Hundepension | Tierschutz | Moers","publisher":{"@id":"https:\/\/tierheim-moers.de\/Wordpress\/#organization"},"potentialAction":[{"@type":"SearchAction","target":{"@type":"EntryPoint","urlTemplate":"https:\/\/tierheim-moers.de\/Wordpress\/?s={search_term_string}"},"query-input":{"@type":"PropertyValueSpecification","valueRequired":true,"valueName":"search_term_string"}}],"inLanguage":"de"},{"@type":"Organization","@id":"https:\/\/tierheim-moers.de\/Wordpress\/#organization","name":"Tierheim Moers","url":"https:\/\/tierheim-moers.de\/Wordpress\/","logo":{"@type":"ImageObject","inLanguage":"de","@id":"https:\/\/tierheim-moers.de\/Wordpress\/#\/schema\/logo\/image\/","url":"https:\/\/tierheim-moers.de\/Wordpress\/wp-content\/uploads\/2014\/04\/Logo-TSV-Moers-V01-RGB-300.png","contentUrl":"https:\/\/tierheim-moers.de\/Wordpress\/wp-content\/uploads\/2014\/04\/Logo-TSV-Moers-V01-RGB-300.png","width":1052,"height":1038,"caption":"Tierheim Moers"},"image":{"@id":"https:\/\/tierheim-moers.de\/Wordpress\/#\/schema\/logo\/image\/"},"sameAs":["https:\/\/de-de.facebook.com\/moers.tierheim"]},{"@type":"Person","@id":"https:\/\/tierheim-moers.de\/Wordpress\/#\/schema\/person\/167de77fdd5ff85153606cdd34a5ffbc","name":"Kathrin Novotny","image":{"@type":"ImageObject","inLanguage":"de","@id":"https:\/\/tierheim-moers.de\/Wordpress\/#\/schema\/person\/image\/","url":"https:\/\/secure.gravatar.com\/avatar\/8dbd3a3cd58d0e299cb5bd95a6d53c79eebe36713eda62bbb3c41a749d06346f?s=96&d=mm&r=g","contentUrl":"https:\/\/secure.gravatar.com\/avatar\/8dbd3a3cd58d0e299cb5bd95a6d53c79eebe36713eda62bbb3c41a749d06346f?s=96&d=mm&r=g","caption":"Kathrin Novotny"},"url":"https:\/\/tierheim-moers.de\/Wordpress\/author\/kathrin\/"}]}},"_links":{"self":[{"href":"https:\/\/tierheim-moers.de\/Wordpress\/wp-json\/wp\/v2\/posts\/53926","targetHints":{"allow":["GET"]}}],"collection":[{"href":"https:\/\/tierheim-moers.de\/Wordpress\/wp-json\/wp\/v2\/posts"}],"about":[{"href":"https:\/\/tierheim-moers.de\/Wordpress\/wp-json\/wp\/v2\/types\/post"}],"author":[{"embeddable":true,"href":"https:\/\/tierheim-moers.de\/Wordpress\/wp-json\/wp\/v2\/users\/7"}],"replies":[{"embeddable":true,"href":"https:\/\/tierheim-moers.de\/Wordpress\/wp-json\/wp\/v2\/comments?post=53926"}],"version-history":[{"count":4,"href":"https:\/\/tierheim-moers.de\/Wordpress\/wp-json\/wp\/v2\/posts\/53926\/revisions"}],"predecessor-version":[{"id":54752,"href":"https:\/\/tierheim-moers.de\/Wordpress\/wp-json\/wp\/v2\/posts\/53926\/revisions\/54752"}],"wp:featuredmedia":[{"embeddable":true,"href":"https:\/\/tierheim-moers.de\/Wordpress\/wp-json\/wp\/v2\/media\/53922"}],"wp:attachment":[{"href":"https:\/\/tierheim-moers.de\/Wordpress\/wp-json\/wp\/v2\/media?parent=53926"}],"wp:term":[{"taxonomy":"category","embeddable":true,"href":"https:\/\/tierheim-moers.de\/Wordpress\/wp-json\/wp\/v2\/categories?post=53926"},{"taxonomy":"post_tag","embeddable":true,"href":"https:\/\/tierheim-moers.de\/Wordpress\/wp-json\/wp\/v2\/tags?post=53926"}],"curies":[{"name":"wp","href":"https:\/\/api.w.org\/{rel}","templated":true}]}}