{"id":54232,"date":"2023-08-01T14:21:26","date_gmt":"2023-08-01T12:21:26","guid":{"rendered":"https:\/\/tierheim-moers.de\/Wordpress\/?p=54232"},"modified":"2023-08-01T15:35:20","modified_gmt":"2023-08-01T13:35:20","slug":"fay-bereit-fuer-neue-abenteuer","status":"publish","type":"post","link":"https:\/\/tierheim-moers.de\/Wordpress\/fay-bereit-fuer-neue-abenteuer\/","title":{"rendered":"Fay &#8230; bereit f\u00fcr neue Abenteuer &#8211; vermittelt 01.08.2023 mit Fee"},"content":{"rendered":"<p>&nbsp;<\/p>\n\n<table id=\"tablepress-2191\" class=\"tablepress tablepress-id-2191\">\n<tbody class=\"row-striping row-hover\">\n<tr class=\"row-1\">\n\t<td class=\"column-1\">Name des Tiers:<\/td><td class=\"column-2\">Fay<\/td>\n<\/tr>\n<tr class=\"row-2\">\n\t<td class=\"column-1\">Bestandsnummer:<\/td><td class=\"column-2\">110_G_23<\/td>\n<\/tr>\n<tr class=\"row-3\">\n\t<td class=\"column-1\">Aufnahmegrund:<\/td><td class=\"column-2\">Geburt im Tierheim<\/td>\n<\/tr>\n<tr class=\"row-4\">\n\t<td class=\"column-1\">Im Tierheim seit:<\/td><td class=\"column-2\">09.05.2023<\/td>\n<\/tr>\n<tr class=\"row-5\">\n\t<td class=\"column-1\">Rasse:<\/td><td class=\"column-2\">EKH<\/td>\n<\/tr>\n<tr class=\"row-6\">\n\t<td class=\"column-1\">Geschlecht:<\/td><td class=\"column-2\">weiblich<\/td>\n<\/tr>\n<tr class=\"row-7\">\n\t<td class=\"column-1\">Farbe\/Felll\u00e4nge:<\/td><td class=\"column-2\">schwarz mit wei\u00dfen Stichelhaaren<\/td>\n<\/tr>\n<tr class=\"row-8\">\n\t<td class=\"column-1\">Geburtsdatum:<\/td><td class=\"column-2\">09.05.2023<\/td>\n<\/tr>\n<tr class=\"row-9\">\n\t<td class=\"column-1\">Schulterh\u00f6he\/Gewicht:<\/td><td class=\"column-2\"><\/td>\n<\/tr>\n<tr class=\"row-10\">\n\t<td class=\"column-1\">Fundort\/Abgabegrund:<\/td><td class=\"column-2\">Geburt im Tierheim<\/td>\n<\/tr>\n<tr class=\"row-11\">\n\t<td class=\"column-1\">Tierbeschreibung:<\/td><td class=\"column-2\"><\/td>\n<\/tr>\n<\/tbody>\n<\/table>\n<!-- #tablepress-2191 from cache -->\n<p>&nbsp;<\/p>\n<p>Die kleine Fay kam mit ihren vier Geschwistern bei uns im Tierheim auf die Welt.<\/p>\n<p><a href=\"https:\/\/tierheim-moers.de\/Wordpress\/wp-content\/uploads\/2023\/07\/Fay3-scaled.jpg\"><img fetchpriority=\"high\" decoding=\"async\" class=\"alignnone size-medium wp-image-54218\" src=\"https:\/\/tierheim-moers.de\/Wordpress\/wp-content\/uploads\/2023\/07\/Fay3-201x300.jpg\" alt=\"\" width=\"201\" height=\"300\" srcset=\"https:\/\/tierheim-moers.de\/Wordpress\/wp-content\/uploads\/2023\/07\/Fay3-201x300.jpg 201w, https:\/\/tierheim-moers.de\/Wordpress\/wp-content\/uploads\/2023\/07\/Fay3-687x1024.jpg 687w, https:\/\/tierheim-moers.de\/Wordpress\/wp-content\/uploads\/2023\/07\/Fay3-768x1145.jpg 768w, https:\/\/tierheim-moers.de\/Wordpress\/wp-content\/uploads\/2023\/07\/Fay3-600x894.jpg 600w, https:\/\/tierheim-moers.de\/Wordpress\/wp-content\/uploads\/2023\/07\/Fay3-1030x1536.jpg 1030w, https:\/\/tierheim-moers.de\/Wordpress\/wp-content\/uploads\/2023\/07\/Fay3-1374x2048.jpg 1374w, https:\/\/tierheim-moers.de\/Wordpress\/wp-content\/uploads\/2023\/07\/Fay3-700x1044.jpg 700w, https:\/\/tierheim-moers.de\/Wordpress\/wp-content\/uploads\/2023\/07\/Fay3-1320x1968.jpg 1320w, https:\/\/tierheim-moers.de\/Wordpress\/wp-content\/uploads\/2023\/07\/Fay3-scaled.jpg 1717w\" sizes=\"(max-width: 201px) 100vw, 201px\" \/><\/a><\/p>\n<p>Inzwischen ist sie geimpft (und nat\u00fcrlich mehrfach entwurmt) und konnte mit ihren Geschwistern in unser Kittenzimmer ziehen. Damit ist sie auch bereit f\u00fcr ein neues Zuhause.<\/p>\n<p>Fay ist verspielt, neugierig und kennt Kuscheleinheiten mit dem Menschen. Meistens ist ihr ein spannendes Spiel noch lieber, aber bei mehr Auslastung, wird sie kuscheln auch mehr genie\u00dfen lernen.<\/p>\n<p><a href=\"https:\/\/tierheim-moers.de\/Wordpress\/wp-content\/uploads\/2023\/07\/Fay.jpg\"><img decoding=\"async\" class=\"alignnone size-medium wp-image-54216\" src=\"https:\/\/tierheim-moers.de\/Wordpress\/wp-content\/uploads\/2023\/07\/Fay-283x300.jpg\" alt=\"\" width=\"283\" height=\"300\" srcset=\"https:\/\/tierheim-moers.de\/Wordpress\/wp-content\/uploads\/2023\/07\/Fay-283x300.jpg 283w, https:\/\/tierheim-moers.de\/Wordpress\/wp-content\/uploads\/2023\/07\/Fay-967x1024.jpg 967w, https:\/\/tierheim-moers.de\/Wordpress\/wp-content\/uploads\/2023\/07\/Fay-768x813.jpg 768w, https:\/\/tierheim-moers.de\/Wordpress\/wp-content\/uploads\/2023\/07\/Fay-600x635.jpg 600w, https:\/\/tierheim-moers.de\/Wordpress\/wp-content\/uploads\/2023\/07\/Fay-1450x1536.jpg 1450w, https:\/\/tierheim-moers.de\/Wordpress\/wp-content\/uploads\/2023\/07\/Fay-700x741.jpg 700w, https:\/\/tierheim-moers.de\/Wordpress\/wp-content\/uploads\/2023\/07\/Fay-1320x1398.jpg 1320w, https:\/\/tierheim-moers.de\/Wordpress\/wp-content\/uploads\/2023\/07\/Fay.jpg 1541w\" sizes=\"(max-width: 283px) 100vw, 283px\" \/><\/a><\/p>\n<div class=\"entry-content\">\n<p>Wir vermitteln Kitten nicht in Einzelhaltung \u2013 nur paarweise oder zu bereits vorhandenen \u00e4hnlich alten Katzen.<\/p>\n<p>Kitten brauchen viel Ansprache und Zuwendung, um eine gute Bindung zum Menschen aufbauen zu k\u00f6nnen und ein kleines bisschen Do\u00b4s und Dont`s mit auf dem Weg zu bekommen. Auch wenn sie noch viele Ruhepausen einlegen, sollte das \u00fcber den Tag verteilt gegeben sein. Keinesfalls sollten sie regelm\u00e4\u00dfig ganzt\u00e4gig ohne die Interaktion zu ihrem Menschen sein.<\/p>\n<p><em>Spontane Besuche sind leider nicht m\u00f6glich. Bei Interesse an unseren Kitten stehen die vermittelnden Kollegen f\u00fcr telefonische Erstgespr\u00e4che von Montag bis Freitag von 14 \u2013 17 Uhr und Samstag von 13 \u2013 16 Uhr zur Verf\u00fcgung.<\/em><\/p>\n<p><em>Wir bitten darum, sich an diese Zeiten zu halten, da nach den regul\u00e4ren Telefonzeiten alle Gespr\u00e4che in den Notdienst umgeleitet werden und dieser nat\u00fcrlich Notf\u00e4llen vorbehalten ist.<\/em><\/p>\n<p><em>Alternativ erreichen Sie die vermittelnden Kollegen auch per Email: tierpfleger@tierheim-moers.de<\/em><\/p>\n<\/div>\n<div class=\"shariff shariff-align-flex-start shariff-widget-align-center\" data-url=\"https%3A%2F%2Ftierheim-moers.de%2FWordpress%2Ffay-bereit-fuer-neue-abenteuer%2F\" data-timestamp=\"1690904120\" data-hidezero=\"1\" data-backendurl=\"https:\/\/tierheim-moers.de\/Wordpress\/wp-json\/shariff\/v1\/share_counts?\"><ul class=\"shariff-buttons theme-round orientation-horizontal buttonsize-small\"><li class=\"shariff-button facebook shariff-nocustomcolor\" style=\"background-color:#4273c8\"><a href=\"https:\/\/www.facebook.com\/sharer\/sharer.php?u=https%3A%2F%2Ftierheim-moers.de%2FWordpress%2Ffay-bereit-fuer-neue-abenteuer%2F\" title=\"Bei Facebook teilen\" aria-label=\"Bei Facebook teilen\" role=\"button\" rel=\"nofollow\" class=\"shariff-link\" style=\"; background-color:#3b5998; color:#fff\" target=\"_blank\"><span class=\"shariff-icon\" style=\"\"><svg width=\"32px\" height=\"20px\" xmlns=\"http:\/\/www.w3.org\/2000\/svg\" viewBox=\"0 0 18 32\"><path fill=\"#3b5998\" d=\"M17.1 0.2v4.7h-2.8q-1.5 0-2.1 0.6t-0.5 1.9v3.4h5.2l-0.7 5.3h-4.5v13.6h-5.5v-13.6h-4.5v-5.3h4.5v-3.9q0-3.3 1.9-5.2t5-1.8q2.6 0 4.1 0.2z\"\/><\/svg><\/span><\/a><\/li><li class=\"shariff-button twitter shariff-nocustomcolor\" style=\"background-color:#595959\"><a href=\"https:\/\/twitter.com\/share?url=https%3A%2F%2Ftierheim-moers.de%2FWordpress%2Ffay-bereit-fuer-neue-abenteuer%2F&text=Fay%20%E2%80%A6%20bereit%20f%C3%BCr%20neue%20Abenteuer%20%E2%80%93%20vermittelt%2001.08.2023%20mit%20Fee\" title=\"Bei X teilen\" aria-label=\"Bei X teilen\" role=\"button\" rel=\"noopener nofollow\" class=\"shariff-link\" style=\"; background-color:#000; color:#fff\" target=\"_blank\"><span class=\"shariff-icon\" style=\"\"><svg width=\"32px\" height=\"20px\" xmlns=\"http:\/\/www.w3.org\/2000\/svg\" viewBox=\"0 0 24 24\"><path fill=\"#000\" d=\"M14.258 10.152L23.176 0h-2.113l-7.747 8.813L7.133 0H0l9.352 13.328L0 23.973h2.113l8.176-9.309 6.531 9.309h7.133zm-2.895 3.293l-.949-1.328L2.875 1.56h3.246l6.086 8.523.945 1.328 7.91 11.078h-3.246zm0 0\"\/><\/svg><\/span><\/a><\/li><li class=\"shariff-button whatsapp shariff-nocustomcolor\" style=\"background-color:#5cbe4a\"><a href=\"https:\/\/api.whatsapp.com\/send?text=https%3A%2F%2Ftierheim-moers.de%2FWordpress%2Ffay-bereit-fuer-neue-abenteuer%2F%20Fay%20%E2%80%A6%20bereit%20f%C3%BCr%20neue%20Abenteuer%20%E2%80%93%20vermittelt%2001.08.2023%20mit%20Fee\" title=\"Bei Whatsapp teilen\" aria-label=\"Bei Whatsapp teilen\" role=\"button\" rel=\"noopener nofollow\" class=\"shariff-link\" style=\"; background-color:#34af23; color:#fff\" target=\"_blank\"><span class=\"shariff-icon\" style=\"\"><svg width=\"32px\" height=\"20px\" xmlns=\"http:\/\/www.w3.org\/2000\/svg\" viewBox=\"0 0 32 32\"><path fill=\"#34af23\" d=\"M17.6 17.4q0.2 0 1.7 0.8t1.6 0.9q0 0.1 0 0.3 0 0.6-0.3 1.4-0.3 0.7-1.3 1.2t-1.8 0.5q-1 0-3.4-1.1-1.7-0.8-3-2.1t-2.6-3.3q-1.3-1.9-1.3-3.5v-0.1q0.1-1.6 1.3-2.8 0.4-0.4 0.9-0.4 0.1 0 0.3 0t0.3 0q0.3 0 0.5 0.1t0.3 0.5q0.1 0.4 0.6 1.6t0.4 1.3q0 0.4-0.6 1t-0.6 0.8q0 0.1 0.1 0.3 0.6 1.3 1.8 2.4 1 0.9 2.7 1.8 0.2 0.1 0.4 0.1 0.3 0 1-0.9t0.9-0.9zM14 26.9q2.3 0 4.3-0.9t3.6-2.4 2.4-3.6 0.9-4.3-0.9-4.3-2.4-3.6-3.6-2.4-4.3-0.9-4.3 0.9-3.6 2.4-2.4 3.6-0.9 4.3q0 3.6 2.1 6.6l-1.4 4.2 4.3-1.4q2.8 1.9 6.2 1.9zM14 2.2q2.7 0 5.2 1.1t4.3 2.9 2.9 4.3 1.1 5.2-1.1 5.2-2.9 4.3-4.3 2.9-5.2 1.1q-3.5 0-6.5-1.7l-7.4 2.4 2.4-7.2q-1.9-3.2-1.9-6.9 0-2.7 1.1-5.2t2.9-4.3 4.3-2.9 5.2-1.1z\"\/><\/svg><\/span><\/a><\/li><li class=\"shariff-button sms shariff-nocustomcolor shariff-mobile\" style=\"background-color:#d7d9d8\"><a href=\"sms:?&body=https%3A%2F%2Ftierheim-moers.de%2FWordpress%2Ffay-bereit-fuer-neue-abenteuer%2F\" title=\"Per SMS teilen\" aria-label=\"Per SMS teilen\" role=\"button\" rel=\"noopener nofollow\" class=\"shariff-link\" style=\"; background-color:#a1e877; color:#fff\" target=\"_blank\"><span class=\"shariff-icon\" style=\"\"><svg xmlns=\"http:\/\/www.w3.org\/2000\/svg\" width=\"510\" height=\"510\" viewBox=\"0 0 510 510\"><path fill=\"#a1e877\" d=\"M459 0H51C23 0 0 23 0 51v459l102-102h357c28.1 0 51-22.9 51-51V51C510 23 487.1 0 459 0zM178.5 229.5h-51v-51h51V229.5zM280.5 229.5h-51v-51h51V229.5zM382.5 229.5h-51v-51h51V229.5z\"\/><\/svg><\/span><\/a><\/li><\/ul><\/div>","protected":false},"excerpt":{"rendered":"<p>&nbsp; &nbsp; Die kleine Fay kam mit ihren vier Geschwistern bei uns im Tierheim auf die Welt. Inzwischen ist sie geimpft (und nat\u00fcrlich mehrfach entwurmt) und konnte mit ihren Geschwistern in unser Kittenzimmer ziehen. Damit ist sie auch bereit f\u00fcr ein neues Zuhause. Fay ist verspielt, neugierig und kennt Kuscheleinheiten &#8230;<\/p>\n","protected":false},"author":7,"featured_media":54217,"comment_status":"closed","ping_status":"open","sticky":false,"template":"","format":"standard","meta":{"ngg_post_thumbnail":0,"footnotes":""},"categories":[10],"tags":[],"class_list":["post-54232","post","type-post","status-publish","format-standard","has-post-thumbnail","hentry","category-vermittelt","column","threecol","has-thumbnail"],"yoast_head":"<!-- This site is optimized with the Yoast SEO plugin v24.6 - https:\/\/yoast.com\/wordpress\/plugins\/seo\/ -->\n<title>Fay ... bereit f\u00fcr neue Abenteuer - vermittelt 01.08.2023 mit Fee | TIERHEIM MOERS<\/title>\n<meta name=\"robots\" content=\"index, follow, max-snippet:-1, max-image-preview:large, max-video-preview:-1\" \/>\n<link rel=\"canonical\" href=\"https:\/\/tierheim-moers.de\/Wordpress\/fay-bereit-fuer-neue-abenteuer\/\" \/>\n<meta property=\"og:locale\" content=\"de_DE\" \/>\n<meta property=\"og:type\" content=\"article\" \/>\n<meta property=\"og:title\" content=\"Fay ... bereit f\u00fcr neue Abenteuer - vermittelt 01.08.2023 mit Fee | TIERHEIM MOERS\" \/>\n<meta property=\"og:description\" content=\"&nbsp; &nbsp; Die kleine Fay kam mit ihren vier Geschwistern bei uns im Tierheim auf die Welt. Inzwischen ist sie geimpft (und &#8230;\" \/>\n<meta property=\"og:url\" content=\"https:\/\/tierheim-moers.de\/Wordpress\/fay-bereit-fuer-neue-abenteuer\/\" \/>\n<meta property=\"og:site_name\" content=\"TIERHEIM MOERS\" \/>\n<meta property=\"article:publisher\" content=\"https:\/\/de-de.facebook.com\/moers.tierheim\" \/>\n<meta property=\"article:published_time\" content=\"2023-08-01T12:21:26+00:00\" \/>\n<meta property=\"article:modified_time\" content=\"2023-08-01T13:35:20+00:00\" \/>\n<meta property=\"og:image\" content=\"https:\/\/tierheim-moers.de\/Wordpress\/wp-content\/uploads\/2023\/07\/Fay2-scaled.jpg\" \/>\n\t<meta property=\"og:image:width\" content=\"2560\" \/>\n\t<meta property=\"og:image:height\" content=\"1971\" \/>\n\t<meta property=\"og:image:type\" content=\"image\/jpeg\" \/>\n<meta name=\"author\" content=\"Kathrin Novotny\" \/>\n<meta name=\"twitter:card\" content=\"summary_large_image\" \/>\n<meta name=\"twitter:label1\" content=\"Verfasst von\" \/>\n\t<meta name=\"twitter:data1\" content=\"Kathrin Novotny\" \/>\n\t<meta name=\"twitter:label2\" content=\"Gesch\u00e4tzte Lesezeit\" \/>\n\t<meta name=\"twitter:data2\" content=\"2\u00a0Minuten\" \/>\n<script type=\"application\/ld+json\" class=\"yoast-schema-graph\">{\"@context\":\"https:\/\/schema.org\",\"@graph\":[{\"@type\":\"Article\",\"@id\":\"https:\/\/tierheim-moers.de\/Wordpress\/fay-bereit-fuer-neue-abenteuer\/#article\",\"isPartOf\":{\"@id\":\"https:\/\/tierheim-moers.de\/Wordpress\/fay-bereit-fuer-neue-abenteuer\/\"},\"author\":{\"name\":\"Kathrin Novotny\",\"@id\":\"https:\/\/tierheim-moers.de\/Wordpress\/#\/schema\/person\/167de77fdd5ff85153606cdd34a5ffbc\"},\"headline\":\"Fay &#8230; bereit f\u00fcr neue Abenteuer &#8211; vermittelt 01.08.2023 mit Fee\",\"datePublished\":\"2023-08-01T12:21:26+00:00\",\"dateModified\":\"2023-08-01T13:35:20+00:00\",\"mainEntityOfPage\":{\"@id\":\"https:\/\/tierheim-moers.de\/Wordpress\/fay-bereit-fuer-neue-abenteuer\/\"},\"wordCount\":239,\"publisher\":{\"@id\":\"https:\/\/tierheim-moers.de\/Wordpress\/#organization\"},\"image\":{\"@id\":\"https:\/\/tierheim-moers.de\/Wordpress\/fay-bereit-fuer-neue-abenteuer\/#primaryimage\"},\"thumbnailUrl\":\"https:\/\/tierheim-moers.de\/Wordpress\/wp-content\/uploads\/2023\/07\/Fay2-scaled.jpg\",\"articleSection\":[\"Vermittelt\"],\"inLanguage\":\"de\"},{\"@type\":\"WebPage\",\"@id\":\"https:\/\/tierheim-moers.de\/Wordpress\/fay-bereit-fuer-neue-abenteuer\/\",\"url\":\"https:\/\/tierheim-moers.de\/Wordpress\/fay-bereit-fuer-neue-abenteuer\/\",\"name\":\"Fay ... bereit f\u00fcr neue Abenteuer - vermittelt 01.08.2023 mit Fee | TIERHEIM MOERS\",\"isPartOf\":{\"@id\":\"https:\/\/tierheim-moers.de\/Wordpress\/#website\"},\"primaryImageOfPage\":{\"@id\":\"https:\/\/tierheim-moers.de\/Wordpress\/fay-bereit-fuer-neue-abenteuer\/#primaryimage\"},\"image\":{\"@id\":\"https:\/\/tierheim-moers.de\/Wordpress\/fay-bereit-fuer-neue-abenteuer\/#primaryimage\"},\"thumbnailUrl\":\"https:\/\/tierheim-moers.de\/Wordpress\/wp-content\/uploads\/2023\/07\/Fay2-scaled.jpg\",\"datePublished\":\"2023-08-01T12:21:26+00:00\",\"dateModified\":\"2023-08-01T13:35:20+00:00\",\"breadcrumb\":{\"@id\":\"https:\/\/tierheim-moers.de\/Wordpress\/fay-bereit-fuer-neue-abenteuer\/#breadcrumb\"},\"inLanguage\":\"de\",\"potentialAction\":[{\"@type\":\"ReadAction\",\"target\":[\"https:\/\/tierheim-moers.de\/Wordpress\/fay-bereit-fuer-neue-abenteuer\/\"]}]},{\"@type\":\"ImageObject\",\"inLanguage\":\"de\",\"@id\":\"https:\/\/tierheim-moers.de\/Wordpress\/fay-bereit-fuer-neue-abenteuer\/#primaryimage\",\"url\":\"https:\/\/tierheim-moers.de\/Wordpress\/wp-content\/uploads\/2023\/07\/Fay2-scaled.jpg\",\"contentUrl\":\"https:\/\/tierheim-moers.de\/Wordpress\/wp-content\/uploads\/2023\/07\/Fay2-scaled.jpg\",\"width\":2560,\"height\":1971},{\"@type\":\"BreadcrumbList\",\"@id\":\"https:\/\/tierheim-moers.de\/Wordpress\/fay-bereit-fuer-neue-abenteuer\/#breadcrumb\",\"itemListElement\":[{\"@type\":\"ListItem\",\"position\":1,\"name\":\"Startseite\",\"item\":\"https:\/\/tierheim-moers.de\/Wordpress\/\"},{\"@type\":\"ListItem\",\"position\":2,\"name\":\"Fay &#8230; bereit f\u00fcr neue Abenteuer &#8211; vermittelt 01.08.2023 mit Fee\"}]},{\"@type\":\"WebSite\",\"@id\":\"https:\/\/tierheim-moers.de\/Wordpress\/#website\",\"url\":\"https:\/\/tierheim-moers.de\/Wordpress\/\",\"name\":\"Tierheim Moers\",\"description\":\"Tierheim | Hundepension | Tierschutz | Moers\",\"publisher\":{\"@id\":\"https:\/\/tierheim-moers.de\/Wordpress\/#organization\"},\"potentialAction\":[{\"@type\":\"SearchAction\",\"target\":{\"@type\":\"EntryPoint\",\"urlTemplate\":\"https:\/\/tierheim-moers.de\/Wordpress\/?s={search_term_string}\"},\"query-input\":{\"@type\":\"PropertyValueSpecification\",\"valueRequired\":true,\"valueName\":\"search_term_string\"}}],\"inLanguage\":\"de\"},{\"@type\":\"Organization\",\"@id\":\"https:\/\/tierheim-moers.de\/Wordpress\/#organization\",\"name\":\"Tierheim Moers\",\"url\":\"https:\/\/tierheim-moers.de\/Wordpress\/\",\"logo\":{\"@type\":\"ImageObject\",\"inLanguage\":\"de\",\"@id\":\"https:\/\/tierheim-moers.de\/Wordpress\/#\/schema\/logo\/image\/\",\"url\":\"https:\/\/tierheim-moers.de\/Wordpress\/wp-content\/uploads\/2014\/04\/Logo-TSV-Moers-V01-RGB-300.png\",\"contentUrl\":\"https:\/\/tierheim-moers.de\/Wordpress\/wp-content\/uploads\/2014\/04\/Logo-TSV-Moers-V01-RGB-300.png\",\"width\":1052,\"height\":1038,\"caption\":\"Tierheim Moers\"},\"image\":{\"@id\":\"https:\/\/tierheim-moers.de\/Wordpress\/#\/schema\/logo\/image\/\"},\"sameAs\":[\"https:\/\/de-de.facebook.com\/moers.tierheim\"]},{\"@type\":\"Person\",\"@id\":\"https:\/\/tierheim-moers.de\/Wordpress\/#\/schema\/person\/167de77fdd5ff85153606cdd34a5ffbc\",\"name\":\"Kathrin Novotny\",\"image\":{\"@type\":\"ImageObject\",\"inLanguage\":\"de\",\"@id\":\"https:\/\/tierheim-moers.de\/Wordpress\/#\/schema\/person\/image\/\",\"url\":\"https:\/\/secure.gravatar.com\/avatar\/8dbd3a3cd58d0e299cb5bd95a6d53c79eebe36713eda62bbb3c41a749d06346f?s=96&d=mm&r=g\",\"contentUrl\":\"https:\/\/secure.gravatar.com\/avatar\/8dbd3a3cd58d0e299cb5bd95a6d53c79eebe36713eda62bbb3c41a749d06346f?s=96&d=mm&r=g\",\"caption\":\"Kathrin Novotny\"},\"url\":\"https:\/\/tierheim-moers.de\/Wordpress\/author\/kathrin\/\"}]}<\/script>\n<!-- \/ Yoast SEO plugin. -->","yoast_head_json":{"title":"Fay ... bereit f\u00fcr neue Abenteuer - vermittelt 01.08.2023 mit Fee | TIERHEIM MOERS","robots":{"index":"index","follow":"follow","max-snippet":"max-snippet:-1","max-image-preview":"max-image-preview:large","max-video-preview":"max-video-preview:-1"},"canonical":"https:\/\/tierheim-moers.de\/Wordpress\/fay-bereit-fuer-neue-abenteuer\/","og_locale":"de_DE","og_type":"article","og_title":"Fay ... bereit f\u00fcr neue Abenteuer - vermittelt 01.08.2023 mit Fee | TIERHEIM MOERS","og_description":"&nbsp; &nbsp; Die kleine Fay kam mit ihren vier Geschwistern bei uns im Tierheim auf die Welt. Inzwischen ist sie geimpft (und &#8230;","og_url":"https:\/\/tierheim-moers.de\/Wordpress\/fay-bereit-fuer-neue-abenteuer\/","og_site_name":"TIERHEIM MOERS","article_publisher":"https:\/\/de-de.facebook.com\/moers.tierheim","article_published_time":"2023-08-01T12:21:26+00:00","article_modified_time":"2023-08-01T13:35:20+00:00","og_image":[{"width":2560,"height":1971,"url":"https:\/\/tierheim-moers.de\/Wordpress\/wp-content\/uploads\/2023\/07\/Fay2-scaled.jpg","type":"image\/jpeg"}],"author":"Kathrin Novotny","twitter_card":"summary_large_image","twitter_misc":{"Verfasst von":"Kathrin Novotny","Gesch\u00e4tzte Lesezeit":"2\u00a0Minuten"},"schema":{"@context":"https:\/\/schema.org","@graph":[{"@type":"Article","@id":"https:\/\/tierheim-moers.de\/Wordpress\/fay-bereit-fuer-neue-abenteuer\/#article","isPartOf":{"@id":"https:\/\/tierheim-moers.de\/Wordpress\/fay-bereit-fuer-neue-abenteuer\/"},"author":{"name":"Kathrin Novotny","@id":"https:\/\/tierheim-moers.de\/Wordpress\/#\/schema\/person\/167de77fdd5ff85153606cdd34a5ffbc"},"headline":"Fay &#8230; bereit f\u00fcr neue Abenteuer &#8211; vermittelt 01.08.2023 mit Fee","datePublished":"2023-08-01T12:21:26+00:00","dateModified":"2023-08-01T13:35:20+00:00","mainEntityOfPage":{"@id":"https:\/\/tierheim-moers.de\/Wordpress\/fay-bereit-fuer-neue-abenteuer\/"},"wordCount":239,"publisher":{"@id":"https:\/\/tierheim-moers.de\/Wordpress\/#organization"},"image":{"@id":"https:\/\/tierheim-moers.de\/Wordpress\/fay-bereit-fuer-neue-abenteuer\/#primaryimage"},"thumbnailUrl":"https:\/\/tierheim-moers.de\/Wordpress\/wp-content\/uploads\/2023\/07\/Fay2-scaled.jpg","articleSection":["Vermittelt"],"inLanguage":"de"},{"@type":"WebPage","@id":"https:\/\/tierheim-moers.de\/Wordpress\/fay-bereit-fuer-neue-abenteuer\/","url":"https:\/\/tierheim-moers.de\/Wordpress\/fay-bereit-fuer-neue-abenteuer\/","name":"Fay ... bereit f\u00fcr neue Abenteuer - vermittelt 01.08.2023 mit Fee | TIERHEIM MOERS","isPartOf":{"@id":"https:\/\/tierheim-moers.de\/Wordpress\/#website"},"primaryImageOfPage":{"@id":"https:\/\/tierheim-moers.de\/Wordpress\/fay-bereit-fuer-neue-abenteuer\/#primaryimage"},"image":{"@id":"https:\/\/tierheim-moers.de\/Wordpress\/fay-bereit-fuer-neue-abenteuer\/#primaryimage"},"thumbnailUrl":"https:\/\/tierheim-moers.de\/Wordpress\/wp-content\/uploads\/2023\/07\/Fay2-scaled.jpg","datePublished":"2023-08-01T12:21:26+00:00","dateModified":"2023-08-01T13:35:20+00:00","breadcrumb":{"@id":"https:\/\/tierheim-moers.de\/Wordpress\/fay-bereit-fuer-neue-abenteuer\/#breadcrumb"},"inLanguage":"de","potentialAction":[{"@type":"ReadAction","target":["https:\/\/tierheim-moers.de\/Wordpress\/fay-bereit-fuer-neue-abenteuer\/"]}]},{"@type":"ImageObject","inLanguage":"de","@id":"https:\/\/tierheim-moers.de\/Wordpress\/fay-bereit-fuer-neue-abenteuer\/#primaryimage","url":"https:\/\/tierheim-moers.de\/Wordpress\/wp-content\/uploads\/2023\/07\/Fay2-scaled.jpg","contentUrl":"https:\/\/tierheim-moers.de\/Wordpress\/wp-content\/uploads\/2023\/07\/Fay2-scaled.jpg","width":2560,"height":1971},{"@type":"BreadcrumbList","@id":"https:\/\/tierheim-moers.de\/Wordpress\/fay-bereit-fuer-neue-abenteuer\/#breadcrumb","itemListElement":[{"@type":"ListItem","position":1,"name":"Startseite","item":"https:\/\/tierheim-moers.de\/Wordpress\/"},{"@type":"ListItem","position":2,"name":"Fay &#8230; bereit f\u00fcr neue Abenteuer &#8211; vermittelt 01.08.2023 mit Fee"}]},{"@type":"WebSite","@id":"https:\/\/tierheim-moers.de\/Wordpress\/#website","url":"https:\/\/tierheim-moers.de\/Wordpress\/","name":"Tierheim Moers","description":"Tierheim | Hundepension | Tierschutz | Moers","publisher":{"@id":"https:\/\/tierheim-moers.de\/Wordpress\/#organization"},"potentialAction":[{"@type":"SearchAction","target":{"@type":"EntryPoint","urlTemplate":"https:\/\/tierheim-moers.de\/Wordpress\/?s={search_term_string}"},"query-input":{"@type":"PropertyValueSpecification","valueRequired":true,"valueName":"search_term_string"}}],"inLanguage":"de"},{"@type":"Organization","@id":"https:\/\/tierheim-moers.de\/Wordpress\/#organization","name":"Tierheim Moers","url":"https:\/\/tierheim-moers.de\/Wordpress\/","logo":{"@type":"ImageObject","inLanguage":"de","@id":"https:\/\/tierheim-moers.de\/Wordpress\/#\/schema\/logo\/image\/","url":"https:\/\/tierheim-moers.de\/Wordpress\/wp-content\/uploads\/2014\/04\/Logo-TSV-Moers-V01-RGB-300.png","contentUrl":"https:\/\/tierheim-moers.de\/Wordpress\/wp-content\/uploads\/2014\/04\/Logo-TSV-Moers-V01-RGB-300.png","width":1052,"height":1038,"caption":"Tierheim Moers"},"image":{"@id":"https:\/\/tierheim-moers.de\/Wordpress\/#\/schema\/logo\/image\/"},"sameAs":["https:\/\/de-de.facebook.com\/moers.tierheim"]},{"@type":"Person","@id":"https:\/\/tierheim-moers.de\/Wordpress\/#\/schema\/person\/167de77fdd5ff85153606cdd34a5ffbc","name":"Kathrin Novotny","image":{"@type":"ImageObject","inLanguage":"de","@id":"https:\/\/tierheim-moers.de\/Wordpress\/#\/schema\/person\/image\/","url":"https:\/\/secure.gravatar.com\/avatar\/8dbd3a3cd58d0e299cb5bd95a6d53c79eebe36713eda62bbb3c41a749d06346f?s=96&d=mm&r=g","contentUrl":"https:\/\/secure.gravatar.com\/avatar\/8dbd3a3cd58d0e299cb5bd95a6d53c79eebe36713eda62bbb3c41a749d06346f?s=96&d=mm&r=g","caption":"Kathrin Novotny"},"url":"https:\/\/tierheim-moers.de\/Wordpress\/author\/kathrin\/"}]}},"_links":{"self":[{"href":"https:\/\/tierheim-moers.de\/Wordpress\/wp-json\/wp\/v2\/posts\/54232","targetHints":{"allow":["GET"]}}],"collection":[{"href":"https:\/\/tierheim-moers.de\/Wordpress\/wp-json\/wp\/v2\/posts"}],"about":[{"href":"https:\/\/tierheim-moers.de\/Wordpress\/wp-json\/wp\/v2\/types\/post"}],"author":[{"embeddable":true,"href":"https:\/\/tierheim-moers.de\/Wordpress\/wp-json\/wp\/v2\/users\/7"}],"replies":[{"embeddable":true,"href":"https:\/\/tierheim-moers.de\/Wordpress\/wp-json\/wp\/v2\/comments?post=54232"}],"version-history":[{"count":2,"href":"https:\/\/tierheim-moers.de\/Wordpress\/wp-json\/wp\/v2\/posts\/54232\/revisions"}],"predecessor-version":[{"id":54448,"href":"https:\/\/tierheim-moers.de\/Wordpress\/wp-json\/wp\/v2\/posts\/54232\/revisions\/54448"}],"wp:featuredmedia":[{"embeddable":true,"href":"https:\/\/tierheim-moers.de\/Wordpress\/wp-json\/wp\/v2\/media\/54217"}],"wp:attachment":[{"href":"https:\/\/tierheim-moers.de\/Wordpress\/wp-json\/wp\/v2\/media?parent=54232"}],"wp:term":[{"taxonomy":"category","embeddable":true,"href":"https:\/\/tierheim-moers.de\/Wordpress\/wp-json\/wp\/v2\/categories?post=54232"},{"taxonomy":"post_tag","embeddable":true,"href":"https:\/\/tierheim-moers.de\/Wordpress\/wp-json\/wp\/v2\/tags?post=54232"}],"curies":[{"name":"wp","href":"https:\/\/api.w.org\/{rel}","templated":true}]}}