{"id":54577,"date":"2025-08-12T09:43:18","date_gmt":"2025-08-12T07:43:18","guid":{"rendered":"https:\/\/tierheim-moers.de\/Wordpress\/?p=54577"},"modified":"2025-08-12T09:43:20","modified_gmt":"2025-08-12T07:43:20","slug":"martha-eine-sensible-abrissbirne","status":"publish","type":"post","link":"https:\/\/tierheim-moers.de\/Wordpress\/martha-eine-sensible-abrissbirne\/","title":{"rendered":"Martha &#8230; einfach ein Hund &#8211; vermittelt 11.08.2025"},"content":{"rendered":"<p>&nbsp;<\/p>\n\n<table id=\"tablepress-2212\" class=\"tablepress tablepress-id-2212\">\n<tbody class=\"row-striping row-hover\">\n<tr class=\"row-1\">\n\t<td class=\"column-1\">Name des Tiers:<\/td><td class=\"column-2\">Martha<\/td>\n<\/tr>\n<tr class=\"row-2\">\n\t<td class=\"column-1\">Bestandsnummer:<\/td><td class=\"column-2\">192_\u00dc_23<\/td>\n<\/tr>\n<tr class=\"row-3\">\n\t<td class=\"column-1\">Aufnahmegrund:<\/td><td class=\"column-2\">\u00dcbereignung<\/td>\n<\/tr>\n<tr class=\"row-4\">\n\t<td class=\"column-1\">Im Tierheim seit:<\/td><td class=\"column-2\">10.08.2023<\/td>\n<\/tr>\n<tr class=\"row-5\">\n\t<td class=\"column-1\">Rasse:<\/td><td class=\"column-2\">Doggen-Mix<\/td>\n<\/tr>\n<tr class=\"row-6\">\n\t<td class=\"column-1\">Geschlecht:<\/td><td class=\"column-2\">weiblich, kastriert<br \/>\n<\/td>\n<\/tr>\n<tr class=\"row-7\">\n\t<td class=\"column-1\">Farbe\/Felll\u00e4nge:<\/td><td class=\"column-2\">cremebraun mit wei\u00df<\/td>\n<\/tr>\n<tr class=\"row-8\">\n\t<td class=\"column-1\">Geburtsdatum:<\/td><td class=\"column-2\">27.06.2022<\/td>\n<\/tr>\n<tr class=\"row-9\">\n\t<td class=\"column-1\">Schulterh\u00f6he\/Gewicht:<\/td><td class=\"column-2\">ca. 65 cm <\/td>\n<\/tr>\n<tr class=\"row-10\">\n\t<td class=\"column-1\">Fundort\/Abgabegrund:<\/td><td class=\"column-2\">\u00dcberforderung<\/td>\n<\/tr>\n<tr class=\"row-11\">\n\t<td class=\"column-1\">Tierbeschreibung:<\/td><td class=\"column-2\"><\/td>\n<\/tr>\n<\/tbody>\n<\/table>\n\n<p>&nbsp;<\/p>\n<p><strong>Update Juni 2025<\/strong><\/p>\n<p>Wir m\u00fcssen \u00fcber Martha reden &#8230;<\/p>\n<p>Mit knapp 14 Monaten kam Doggen-Mix Martha im August 2023 zu uns ins Tierheim. Bald macht sie die zwei Jahre voll und hat schon jetzt deutlich mehr als ihr halbes Leben bei uns verbracht.<\/p>\n<p>Anfragen f\u00fcr sie kann man an einer Hand abz\u00e4hlen &#8230;<\/p>\n<p>Vielleicht schreckt unsere ehrliche Beschreibung ab, aber wir m\u00f6chten f\u00fcr Martha ein Zuhause finden, in dem sie nicht wieder Opfer ihrer eigenen Entscheidungen wird &#8230; das hat sie hinter sich.<\/p>\n<p>Martha ist ein Hund mit Themen. Die sensible H\u00fcndin erkl\u00e4rt sich schnell bereit Aufgaben zu \u00fcbernehmen, denen sie nicht gewachsen ist und trifft dann schlechte Entscheidungen. Sie braucht einen Menschen an ihrer Seite, der sie aus dieser Verantwortung nimmt. Einen Hund mit Marthas Bereitschaft aus der Verantwortung zu nehmen erfordert Authentizit\u00e4t, Klarheit, Grenzen und Verl\u00e4sslichkeit. Es reicht nicht aus, sie ganz doll lieb zu haben.<\/p>\n<p>Ein Beispiel: Martha ist fremden Menschen gegen\u00fcber misstrauisch und m\u00f6chte keinen Kontakt. Wenn man ihr sagt, dass sie nicht auf h\u00fcndisch daf\u00fcr sorgen darf, dass ihr niemand zu nah kommt, verl\u00e4sst sie sich auf ihren Menschen und der muss dann auch daf\u00fcr sorgen, dass ein Kontakt gar nicht zustande kommt oder eben so, wie Martha es leisten kann. Die Erleichterung \u00fcber die Abgabe der Verantwortung kommt erst mit der Verl\u00e4sslichkeit ihres Menschen. Grenzen und Regeln d\u00fcrfen nicht nur f\u00fcr sie gelten, sondern eben auch f\u00fcr alles, was sie verunsichert. Im Gegenzug muss man sie auch anleiten in Situationen zu wachsen.<\/p>\n<p>&nbsp;<\/p>\n<p><a href=\"https:\/\/tierheim-moers.de\/Wordpress\/wp-content\/uploads\/2025\/06\/Martha5.jpg\"><img fetchpriority=\"high\" decoding=\"async\" class=\"alignnone size-medium wp-image-60406\" src=\"https:\/\/tierheim-moers.de\/Wordpress\/wp-content\/uploads\/2025\/06\/Martha5-300x300.jpg\" alt=\"\" width=\"300\" height=\"300\" srcset=\"https:\/\/tierheim-moers.de\/Wordpress\/wp-content\/uploads\/2025\/06\/Martha5-300x300.jpg 300w, https:\/\/tierheim-moers.de\/Wordpress\/wp-content\/uploads\/2025\/06\/Martha5-1024x1024.jpg 1024w, https:\/\/tierheim-moers.de\/Wordpress\/wp-content\/uploads\/2025\/06\/Martha5-150x150.jpg 150w, https:\/\/tierheim-moers.de\/Wordpress\/wp-content\/uploads\/2025\/06\/Martha5-768x768.jpg 768w, https:\/\/tierheim-moers.de\/Wordpress\/wp-content\/uploads\/2025\/06\/Martha5-432x432.jpg 432w, https:\/\/tierheim-moers.de\/Wordpress\/wp-content\/uploads\/2025\/06\/Martha5-268x268.jpg 268w, https:\/\/tierheim-moers.de\/Wordpress\/wp-content\/uploads\/2025\/06\/Martha5-700x700.jpg 700w, https:\/\/tierheim-moers.de\/Wordpress\/wp-content\/uploads\/2025\/06\/Martha5-45x45.jpg 45w, https:\/\/tierheim-moers.de\/Wordpress\/wp-content\/uploads\/2025\/06\/Martha5.jpg 1200w\" sizes=\"(max-width: 300px) 100vw, 300px\" \/><\/a> <a href=\"https:\/\/tierheim-moers.de\/Wordpress\/wp-content\/uploads\/2025\/06\/Martha16.jpg\"><img decoding=\"async\" class=\"alignnone size-medium wp-image-60409\" src=\"https:\/\/tierheim-moers.de\/Wordpress\/wp-content\/uploads\/2025\/06\/Martha16-300x300.jpg\" alt=\"\" width=\"300\" height=\"300\" srcset=\"https:\/\/tierheim-moers.de\/Wordpress\/wp-content\/uploads\/2025\/06\/Martha16-300x300.jpg 300w, https:\/\/tierheim-moers.de\/Wordpress\/wp-content\/uploads\/2025\/06\/Martha16-1024x1024.jpg 1024w, https:\/\/tierheim-moers.de\/Wordpress\/wp-content\/uploads\/2025\/06\/Martha16-150x150.jpg 150w, https:\/\/tierheim-moers.de\/Wordpress\/wp-content\/uploads\/2025\/06\/Martha16-768x768.jpg 768w, https:\/\/tierheim-moers.de\/Wordpress\/wp-content\/uploads\/2025\/06\/Martha16-432x432.jpg 432w, https:\/\/tierheim-moers.de\/Wordpress\/wp-content\/uploads\/2025\/06\/Martha16-268x268.jpg 268w, https:\/\/tierheim-moers.de\/Wordpress\/wp-content\/uploads\/2025\/06\/Martha16-700x700.jpg 700w, https:\/\/tierheim-moers.de\/Wordpress\/wp-content\/uploads\/2025\/06\/Martha16-45x45.jpg 45w, https:\/\/tierheim-moers.de\/Wordpress\/wp-content\/uploads\/2025\/06\/Martha16.jpg 1200w\" sizes=\"(max-width: 300px) 100vw, 300px\" \/><\/a> <a href=\"https:\/\/tierheim-moers.de\/Wordpress\/wp-content\/uploads\/2025\/06\/Martha9.jpg\"><img decoding=\"async\" class=\"alignnone size-medium wp-image-60408\" src=\"https:\/\/tierheim-moers.de\/Wordpress\/wp-content\/uploads\/2025\/06\/Martha9-300x300.jpg\" alt=\"\" width=\"300\" height=\"300\" srcset=\"https:\/\/tierheim-moers.de\/Wordpress\/wp-content\/uploads\/2025\/06\/Martha9-300x300.jpg 300w, https:\/\/tierheim-moers.de\/Wordpress\/wp-content\/uploads\/2025\/06\/Martha9-1024x1024.jpg 1024w, https:\/\/tierheim-moers.de\/Wordpress\/wp-content\/uploads\/2025\/06\/Martha9-150x150.jpg 150w, https:\/\/tierheim-moers.de\/Wordpress\/wp-content\/uploads\/2025\/06\/Martha9-768x768.jpg 768w, https:\/\/tierheim-moers.de\/Wordpress\/wp-content\/uploads\/2025\/06\/Martha9-432x432.jpg 432w, https:\/\/tierheim-moers.de\/Wordpress\/wp-content\/uploads\/2025\/06\/Martha9-268x268.jpg 268w, https:\/\/tierheim-moers.de\/Wordpress\/wp-content\/uploads\/2025\/06\/Martha9-700x700.jpg 700w, https:\/\/tierheim-moers.de\/Wordpress\/wp-content\/uploads\/2025\/06\/Martha9-45x45.jpg 45w, https:\/\/tierheim-moers.de\/Wordpress\/wp-content\/uploads\/2025\/06\/Martha9.jpg 1200w\" sizes=\"(max-width: 300px) 100vw, 300px\" \/><\/a> <a href=\"https:\/\/tierheim-moers.de\/Wordpress\/wp-content\/uploads\/2025\/06\/Martha6.jpg\"><img loading=\"lazy\" decoding=\"async\" class=\"alignnone size-medium wp-image-60407\" src=\"https:\/\/tierheim-moers.de\/Wordpress\/wp-content\/uploads\/2025\/06\/Martha6-300x300.jpg\" alt=\"\" width=\"300\" height=\"300\" srcset=\"https:\/\/tierheim-moers.de\/Wordpress\/wp-content\/uploads\/2025\/06\/Martha6-300x300.jpg 300w, https:\/\/tierheim-moers.de\/Wordpress\/wp-content\/uploads\/2025\/06\/Martha6-1024x1024.jpg 1024w, https:\/\/tierheim-moers.de\/Wordpress\/wp-content\/uploads\/2025\/06\/Martha6-150x150.jpg 150w, https:\/\/tierheim-moers.de\/Wordpress\/wp-content\/uploads\/2025\/06\/Martha6-768x768.jpg 768w, https:\/\/tierheim-moers.de\/Wordpress\/wp-content\/uploads\/2025\/06\/Martha6-432x432.jpg 432w, https:\/\/tierheim-moers.de\/Wordpress\/wp-content\/uploads\/2025\/06\/Martha6-268x268.jpg 268w, https:\/\/tierheim-moers.de\/Wordpress\/wp-content\/uploads\/2025\/06\/Martha6-700x700.jpg 700w, https:\/\/tierheim-moers.de\/Wordpress\/wp-content\/uploads\/2025\/06\/Martha6-45x45.jpg 45w, https:\/\/tierheim-moers.de\/Wordpress\/wp-content\/uploads\/2025\/06\/Martha6.jpg 1200w\" sizes=\"(max-width: 300px) 100vw, 300px\" \/><\/a><\/p>\n<p>&nbsp;<\/p>\n<p>Martha hat Themen und schlechte Seiten, aber die machen sie nicht aus! &#8230; weil sie so viele, tolle Eigenschaften hat, denen man mehr Raum geben muss. Martha ist verschmust, bindet sich an ihren Menschen, m\u00f6chte gefallen und hat uns schon so oft mit ihrer Klarheit und Souver\u00e4nit\u00e4t in angeleiteten Vergesellschaftungen positiv \u00fcberrascht &#8230; inzwischen ist das keine \u00dcberraschung mehr &#8230; wir wissen, wie toll sie das macht.<\/p>\n<p>Eigentlich ist das kein Hexenwerk sondern sollte genau der Umgang sein, den jeder Hund erf\u00e4hrt. Grenzen, Regeln und Verl\u00e4sslichkeit schaffen eine tiefere Bindung als Leberwurst und vermenschlichte Liebe\/Zuwendung.<\/p>\n<p>Wir suchen f\u00fcr Martha einen Menschen, der Hund versteht und einen Hund &#8211; mit der ein oder anderen Ecke und Kante &#8211; wie einen Hund behandelt.<\/p>\n<p>Eigentlich sollte so eine Selbstverst\u00e4ndlichkeit doch kein Problem sein &#8230;<\/p>\n<p>&nbsp;<\/p>\n<p>&nbsp;<\/p>\n<p><strong>Update November 2023<\/strong><\/p>\n<div dir=\"auto\">2,5 Monate ist Martha jetzt bei uns im Tierheim. 2,5 Monate, in denen wir sie immer besser kennenlernen konnten und in denen wir ein gesundes Miteinander aufbauen konnten.<\/div>\n<div dir=\"auto\">&nbsp;<\/div>\n<div dir=\"auto\">Martha ist eine loyale H\u00fcndin, die sich bereitwillig an ihren Menschen bindet. Sie hat von uns jetzt ein Downgrade vom roten zum gelben Hund bekommen. Auch wenn sie die Bereitschaft hat, Verantwortung f\u00fcr ihren Menschen zu \u00fcbernehmen, akzeptiert sie ebenso aus genau dieser Verantwortung, die auch zu unklugen Entscheidungen f\u00fchrt, herausgenommen zu werden.<\/div>\n<div dir=\"auto\">&nbsp;<\/div>\n<div dir=\"auto\"><a href=\"https:\/\/tierheim-moers.de\/Wordpress\/wp-content\/uploads\/2023\/11\/20231124_132153-scaled.jpg\"><img loading=\"lazy\" decoding=\"async\" class=\"alignnone size-medium wp-image-55696\" src=\"https:\/\/tierheim-moers.de\/Wordpress\/wp-content\/uploads\/2023\/11\/20231124_132153-223x300.jpg\" alt=\"\" width=\"223\" height=\"300\" srcset=\"https:\/\/tierheim-moers.de\/Wordpress\/wp-content\/uploads\/2023\/11\/20231124_132153-223x300.jpg 223w, https:\/\/tierheim-moers.de\/Wordpress\/wp-content\/uploads\/2023\/11\/20231124_132153-760x1024.jpg 760w, https:\/\/tierheim-moers.de\/Wordpress\/wp-content\/uploads\/2023\/11\/20231124_132153-768x1034.jpg 768w, https:\/\/tierheim-moers.de\/Wordpress\/wp-content\/uploads\/2023\/11\/20231124_132153-600x808.jpg 600w, https:\/\/tierheim-moers.de\/Wordpress\/wp-content\/uploads\/2023\/11\/20231124_132153-1141x1536.jpg 1141w, https:\/\/tierheim-moers.de\/Wordpress\/wp-content\/uploads\/2023\/11\/20231124_132153-1521x2048.jpg 1521w, https:\/\/tierheim-moers.de\/Wordpress\/wp-content\/uploads\/2023\/11\/20231124_132153-700x943.jpg 700w, https:\/\/tierheim-moers.de\/Wordpress\/wp-content\/uploads\/2023\/11\/20231124_132153-1320x1778.jpg 1320w, https:\/\/tierheim-moers.de\/Wordpress\/wp-content\/uploads\/2023\/11\/20231124_132153-scaled.jpg 1901w\" sizes=\"(max-width: 223px) 100vw, 223px\" \/><\/a><\/div>\n<div dir=\"auto\">&nbsp;<\/div>\n<div dir=\"auto\">Mit einem mental starken Menschen an ihrer Seite, der sie gut lesen und vor allem auch flink auf bl\u00f6de Ideen reagieren kann, ist Martha einfach gro\u00dfartig.<\/div>\n<div dir=\"auto\">&nbsp;<\/div>\n<div dir=\"auto\">Sie braucht einen solch erfahrenen Hundemenschen an ihrer Seite, um wachsen zu k\u00f6nnen und vor allem auch durch die Regulation durch ihren Menschen zu mehr und vor allem notwendiger Ruhe und Gelassenheit zu finden.<\/div>\n<div dir=\"auto\">&nbsp;<\/div>\n<div dir=\"auto\">Martha hat in den vergangenen 2,5 Monaten viel daf\u00fcr getan, reif f\u00fcr ein neues Zuhause zu werden. Wir hoffen, dass jetzt der richtige Mensch auf sie aufmerksam wird.<\/div>\n<div style=\"width: 660px;\" class=\"wp-video\"><video class=\"wp-video-shortcode\" id=\"video-54577-1\" width=\"660\" height=\"660\" preload=\"metadata\" controls=\"controls\"><source type=\"video\/mp4\" src=\"https:\/\/tierheim-moers.de\/Wordpress\/wp-content\/uploads\/2023\/11\/Movie0039.mp4?_=1\" \/><a href=\"https:\/\/tierheim-moers.de\/Wordpress\/wp-content\/uploads\/2023\/11\/Movie0039.mp4\">https:\/\/tierheim-moers.de\/Wordpress\/wp-content\/uploads\/2023\/11\/Movie0039.mp4<\/a><\/video><\/div>\n<p>&nbsp;<\/p>\n<p>&nbsp;<\/p>\n<p>&nbsp;<\/p>\n<p>Der knapp 14 Monate alte Doggen-Mix kam wegen \u00dcberforderung zu uns. Martha ist eine sensible und unsichere H\u00fcndin mit dem L\u00f6sungsweg nach vorne. Diese Mischung war f\u00fcr den vorherigen Halter weder trag- noch haltbar.<\/p>\n<p><a href=\"https:\/\/tierheim-moers.de\/Wordpress\/wp-content\/uploads\/2023\/08\/20230815_145800-scaled.jpg\"><img loading=\"lazy\" decoding=\"async\" class=\"alignnone size-medium wp-image-54568\" src=\"https:\/\/tierheim-moers.de\/Wordpress\/wp-content\/uploads\/2023\/08\/20230815_145800-300x214.jpg\" alt=\"\" width=\"300\" height=\"214\" srcset=\"https:\/\/tierheim-moers.de\/Wordpress\/wp-content\/uploads\/2023\/08\/20230815_145800-300x214.jpg 300w, https:\/\/tierheim-moers.de\/Wordpress\/wp-content\/uploads\/2023\/08\/20230815_145800-1024x729.jpg 1024w, https:\/\/tierheim-moers.de\/Wordpress\/wp-content\/uploads\/2023\/08\/20230815_145800-768x547.jpg 768w, https:\/\/tierheim-moers.de\/Wordpress\/wp-content\/uploads\/2023\/08\/20230815_145800-600x427.jpg 600w, https:\/\/tierheim-moers.de\/Wordpress\/wp-content\/uploads\/2023\/08\/20230815_145800-1536x1094.jpg 1536w, https:\/\/tierheim-moers.de\/Wordpress\/wp-content\/uploads\/2023\/08\/20230815_145800-2048x1458.jpg 2048w, https:\/\/tierheim-moers.de\/Wordpress\/wp-content\/uploads\/2023\/08\/20230815_145800-700x498.jpg 700w, https:\/\/tierheim-moers.de\/Wordpress\/wp-content\/uploads\/2023\/08\/20230815_145800-1320x940.jpg 1320w\" sizes=\"(max-width: 300px) 100vw, 300px\" \/><\/a><\/p>\n<p>Bei uns zeigt sich die junge H\u00fcndin bisher sehr zur\u00fcckhaltend und sch\u00fcchtern &#8230; solange wir ihre Individualdistanz tolerieren. Das hei\u00dft nicht, dass wir sie nicht streicheln und anfassen k\u00f6nnen, aber sehr ruhig und sehr zu ihren Bedingungen.&nbsp;<\/p>\n<p>Martha ist ein Beziehungshund und braucht die Vertrauensbasis zu einer Bezugsperson. Was sich vielleicht zun\u00e4chst romantisch anh\u00f6rt, birgt jedoch auch ein gro\u00dfes Problempotenzial und braucht viel Erfahrung und Verantwortung von ihrem Menschen.&nbsp;<\/p>\n<p>Ihr Mensch muss ihr das n\u00f6tige Vertrauen geben k\u00f6nnen, aber gleichzeitig konsequent, glaubw\u00fcrdig und f\u00fchrungsstark sein, damit Martha nicht in einen ausgepr\u00e4gten Schutzmodus verf\u00e4llt, der sich schnell verselbstst\u00e4ndigt.<\/p>\n<p><a href=\"https:\/\/tierheim-moers.de\/Wordpress\/wp-content\/uploads\/2023\/08\/20230815_145903.jpg\"><img loading=\"lazy\" decoding=\"async\" class=\"alignnone size-medium wp-image-54565\" src=\"https:\/\/tierheim-moers.de\/Wordpress\/wp-content\/uploads\/2023\/08\/20230815_145903-229x300.jpg\" alt=\"\" width=\"229\" height=\"300\" srcset=\"https:\/\/tierheim-moers.de\/Wordpress\/wp-content\/uploads\/2023\/08\/20230815_145903-229x300.jpg 229w, https:\/\/tierheim-moers.de\/Wordpress\/wp-content\/uploads\/2023\/08\/20230815_145903-783x1024.jpg 783w, https:\/\/tierheim-moers.de\/Wordpress\/wp-content\/uploads\/2023\/08\/20230815_145903-768x1004.jpg 768w, https:\/\/tierheim-moers.de\/Wordpress\/wp-content\/uploads\/2023\/08\/20230815_145903-600x785.jpg 600w, https:\/\/tierheim-moers.de\/Wordpress\/wp-content\/uploads\/2023\/08\/20230815_145903-1175x1536.jpg 1175w, https:\/\/tierheim-moers.de\/Wordpress\/wp-content\/uploads\/2023\/08\/20230815_145903-1566x2048.jpg 1566w, https:\/\/tierheim-moers.de\/Wordpress\/wp-content\/uploads\/2023\/08\/20230815_145903-700x915.jpg 700w, https:\/\/tierheim-moers.de\/Wordpress\/wp-content\/uploads\/2023\/08\/20230815_145903-1320x1726.jpg 1320w, https:\/\/tierheim-moers.de\/Wordpress\/wp-content\/uploads\/2023\/08\/20230815_145903.jpg 1652w\" sizes=\"(max-width: 229px) 100vw, 229px\" \/><\/a> <a href=\"https:\/\/tierheim-moers.de\/Wordpress\/wp-content\/uploads\/2023\/08\/20230815_151521-scaled.jpg\"><img loading=\"lazy\" decoding=\"async\" class=\"alignnone size-medium wp-image-54563\" src=\"https:\/\/tierheim-moers.de\/Wordpress\/wp-content\/uploads\/2023\/08\/20230815_151521-232x300.jpg\" alt=\"\" width=\"232\" height=\"300\" srcset=\"https:\/\/tierheim-moers.de\/Wordpress\/wp-content\/uploads\/2023\/08\/20230815_151521-232x300.jpg 232w, https:\/\/tierheim-moers.de\/Wordpress\/wp-content\/uploads\/2023\/08\/20230815_151521-793x1024.jpg 793w, https:\/\/tierheim-moers.de\/Wordpress\/wp-content\/uploads\/2023\/08\/20230815_151521-768x992.jpg 768w, https:\/\/tierheim-moers.de\/Wordpress\/wp-content\/uploads\/2023\/08\/20230815_151521-600x775.jpg 600w, https:\/\/tierheim-moers.de\/Wordpress\/wp-content\/uploads\/2023\/08\/20230815_151521-1189x1536.jpg 1189w, https:\/\/tierheim-moers.de\/Wordpress\/wp-content\/uploads\/2023\/08\/20230815_151521-1586x2048.jpg 1586w, https:\/\/tierheim-moers.de\/Wordpress\/wp-content\/uploads\/2023\/08\/20230815_151521-700x904.jpg 700w, https:\/\/tierheim-moers.de\/Wordpress\/wp-content\/uploads\/2023\/08\/20230815_151521-1320x1705.jpg 1320w, https:\/\/tierheim-moers.de\/Wordpress\/wp-content\/uploads\/2023\/08\/20230815_151521-scaled.jpg 1982w\" sizes=\"(max-width: 232px) 100vw, 232px\" \/><\/a><\/p>\n<p>Hier sind erfahrene Hundemenschen gefragt, die Martha\u00b4s gute Seiten f\u00f6rdern und ihre schlechten Ans\u00e4tze kontrollieren k\u00f6nnen.&nbsp;<\/p>\n<p><a href=\"https:\/\/tierheim-moers.de\/Wordpress\/wp-content\/uploads\/2023\/08\/20230815_151510-scaled.jpg\"><img loading=\"lazy\" decoding=\"async\" class=\"alignnone size-medium wp-image-54564\" src=\"https:\/\/tierheim-moers.de\/Wordpress\/wp-content\/uploads\/2023\/08\/20230815_151510-300x203.jpg\" alt=\"\" width=\"300\" height=\"203\" srcset=\"https:\/\/tierheim-moers.de\/Wordpress\/wp-content\/uploads\/2023\/08\/20230815_151510-300x203.jpg 300w, https:\/\/tierheim-moers.de\/Wordpress\/wp-content\/uploads\/2023\/08\/20230815_151510-1024x693.jpg 1024w, https:\/\/tierheim-moers.de\/Wordpress\/wp-content\/uploads\/2023\/08\/20230815_151510-768x519.jpg 768w, https:\/\/tierheim-moers.de\/Wordpress\/wp-content\/uploads\/2023\/08\/20230815_151510-600x406.jpg 600w, https:\/\/tierheim-moers.de\/Wordpress\/wp-content\/uploads\/2023\/08\/20230815_151510-1536x1039.jpg 1536w, https:\/\/tierheim-moers.de\/Wordpress\/wp-content\/uploads\/2023\/08\/20230815_151510-2048x1385.jpg 2048w, https:\/\/tierheim-moers.de\/Wordpress\/wp-content\/uploads\/2023\/08\/20230815_151510-700x473.jpg 700w, https:\/\/tierheim-moers.de\/Wordpress\/wp-content\/uploads\/2023\/08\/20230815_151510-1320x893.jpg 1320w\" sizes=\"(max-width: 300px) 100vw, 300px\" \/><\/a><\/p>\n<p>Menschen, die einen Maulkorb als positiven Alltagsbegleiter verstehen statt diesen mit negativen Gef\u00fchlen zu belegen.&nbsp;<\/p>\n<p><strong><em>Spontane Besuche sind leider nicht m\u00f6glich. Bei Interesse an Martha stehen die vermittelnden Kollegen f\u00fcr telefonische Erstgespr\u00e4che von Montag bis Freitag von 14 \u2013 17 Uhr und Samstag von 13 \u2013 16 Uhr zur Verf\u00fcgung.<\/em><\/strong><\/p>\n<p><strong><em>Wir bitten darum, sich an diese Zeiten zu halten, da nach den regul\u00e4ren Telefonzeiten alle Gespr\u00e4che in den Notdienst umgeleitet werden und dieser nat\u00fcrlich Notf\u00e4llen vorbehalten ist.<\/em><\/strong><\/p>\n<p><strong><em>Alternativ erreichen Sie die vermittelnden Kollegen auch per Email: tierpfleger@tierheim-moers.de<\/em><\/strong><\/p>\n<p>&nbsp;<\/p>\n<p>&nbsp;<\/p>\n<div class=\"shariff shariff-align-flex-start shariff-widget-align-center\" data-url=\"https%3A%2F%2Ftierheim-moers.de%2FWordpress%2Fmartha-eine-sensible-abrissbirne%2F\" data-timestamp=\"1754991800\" data-hidezero=\"1\" data-backendurl=\"https:\/\/tierheim-moers.de\/Wordpress\/wp-json\/shariff\/v1\/share_counts?\"><ul class=\"shariff-buttons theme-round orientation-horizontal buttonsize-small\"><li class=\"shariff-button facebook shariff-nocustomcolor\" style=\"background-color:#4273c8\"><a href=\"https:\/\/www.facebook.com\/sharer\/sharer.php?u=https%3A%2F%2Ftierheim-moers.de%2FWordpress%2Fmartha-eine-sensible-abrissbirne%2F\" title=\"Bei Facebook teilen\" aria-label=\"Bei Facebook teilen\" role=\"button\" rel=\"nofollow\" class=\"shariff-link\" style=\"; background-color:#3b5998; color:#fff\" target=\"_blank\"><span class=\"shariff-icon\" style=\"\"><svg width=\"32px\" height=\"20px\" xmlns=\"http:\/\/www.w3.org\/2000\/svg\" viewBox=\"0 0 18 32\"><path fill=\"#3b5998\" d=\"M17.1 0.2v4.7h-2.8q-1.5 0-2.1 0.6t-0.5 1.9v3.4h5.2l-0.7 5.3h-4.5v13.6h-5.5v-13.6h-4.5v-5.3h4.5v-3.9q0-3.3 1.9-5.2t5-1.8q2.6 0 4.1 0.2z\"\/><\/svg><\/span><\/a><\/li><li class=\"shariff-button twitter shariff-nocustomcolor\" style=\"background-color:#595959\"><a href=\"https:\/\/twitter.com\/share?url=https%3A%2F%2Ftierheim-moers.de%2FWordpress%2Fmartha-eine-sensible-abrissbirne%2F&text=Martha%20%E2%80%A6%20einfach%20ein%20Hund%20%E2%80%93%20vermittelt%2011.08.2025\" title=\"Bei X teilen\" aria-label=\"Bei X teilen\" role=\"button\" rel=\"noopener nofollow\" class=\"shariff-link\" style=\"; background-color:#000; color:#fff\" target=\"_blank\"><span class=\"shariff-icon\" style=\"\"><svg width=\"32px\" height=\"20px\" xmlns=\"http:\/\/www.w3.org\/2000\/svg\" viewBox=\"0 0 24 24\"><path fill=\"#000\" d=\"M14.258 10.152L23.176 0h-2.113l-7.747 8.813L7.133 0H0l9.352 13.328L0 23.973h2.113l8.176-9.309 6.531 9.309h7.133zm-2.895 3.293l-.949-1.328L2.875 1.56h3.246l6.086 8.523.945 1.328 7.91 11.078h-3.246zm0 0\"\/><\/svg><\/span><\/a><\/li><li class=\"shariff-button whatsapp shariff-nocustomcolor\" style=\"background-color:#5cbe4a\"><a href=\"https:\/\/api.whatsapp.com\/send?text=https%3A%2F%2Ftierheim-moers.de%2FWordpress%2Fmartha-eine-sensible-abrissbirne%2F%20Martha%20%E2%80%A6%20einfach%20ein%20Hund%20%E2%80%93%20vermittelt%2011.08.2025\" title=\"Bei Whatsapp teilen\" aria-label=\"Bei Whatsapp teilen\" role=\"button\" rel=\"noopener nofollow\" class=\"shariff-link\" style=\"; background-color:#34af23; color:#fff\" target=\"_blank\"><span class=\"shariff-icon\" style=\"\"><svg width=\"32px\" height=\"20px\" xmlns=\"http:\/\/www.w3.org\/2000\/svg\" viewBox=\"0 0 32 32\"><path fill=\"#34af23\" d=\"M17.6 17.4q0.2 0 1.7 0.8t1.6 0.9q0 0.1 0 0.3 0 0.6-0.3 1.4-0.3 0.7-1.3 1.2t-1.8 0.5q-1 0-3.4-1.1-1.7-0.8-3-2.1t-2.6-3.3q-1.3-1.9-1.3-3.5v-0.1q0.1-1.6 1.3-2.8 0.4-0.4 0.9-0.4 0.1 0 0.3 0t0.3 0q0.3 0 0.5 0.1t0.3 0.5q0.1 0.4 0.6 1.6t0.4 1.3q0 0.4-0.6 1t-0.6 0.8q0 0.1 0.1 0.3 0.6 1.3 1.8 2.4 1 0.9 2.7 1.8 0.2 0.1 0.4 0.1 0.3 0 1-0.9t0.9-0.9zM14 26.9q2.3 0 4.3-0.9t3.6-2.4 2.4-3.6 0.9-4.3-0.9-4.3-2.4-3.6-3.6-2.4-4.3-0.9-4.3 0.9-3.6 2.4-2.4 3.6-0.9 4.3q0 3.6 2.1 6.6l-1.4 4.2 4.3-1.4q2.8 1.9 6.2 1.9zM14 2.2q2.7 0 5.2 1.1t4.3 2.9 2.9 4.3 1.1 5.2-1.1 5.2-2.9 4.3-4.3 2.9-5.2 1.1q-3.5 0-6.5-1.7l-7.4 2.4 2.4-7.2q-1.9-3.2-1.9-6.9 0-2.7 1.1-5.2t2.9-4.3 4.3-2.9 5.2-1.1z\"\/><\/svg><\/span><\/a><\/li><li class=\"shariff-button sms shariff-nocustomcolor shariff-mobile\" style=\"background-color:#d7d9d8\"><a href=\"sms:?&body=https%3A%2F%2Ftierheim-moers.de%2FWordpress%2Fmartha-eine-sensible-abrissbirne%2F\" title=\"Per SMS teilen\" aria-label=\"Per SMS teilen\" role=\"button\" rel=\"noopener nofollow\" class=\"shariff-link\" style=\"; background-color:#a1e877; color:#fff\" target=\"_blank\"><span class=\"shariff-icon\" style=\"\"><svg xmlns=\"http:\/\/www.w3.org\/2000\/svg\" width=\"510\" height=\"510\" viewBox=\"0 0 510 510\"><path fill=\"#a1e877\" d=\"M459 0H51C23 0 0 23 0 51v459l102-102h357c28.1 0 51-22.9 51-51V51C510 23 487.1 0 459 0zM178.5 229.5h-51v-51h51V229.5zM280.5 229.5h-51v-51h51V229.5zM382.5 229.5h-51v-51h51V229.5z\"\/><\/svg><\/span><\/a><\/li><\/ul><\/div>","protected":false},"excerpt":{"rendered":"<p>&nbsp; &nbsp; Update Juni 2025 Wir m\u00fcssen \u00fcber Martha reden &#8230; Mit knapp 14 Monaten kam Doggen-Mix Martha im August 2023 zu uns ins Tierheim. Bald macht sie die zwei Jahre voll und hat schon jetzt deutlich mehr als ihr halbes Leben bei uns verbracht. Anfragen f\u00fcr sie kann man &#8230;<\/p>\n","protected":false},"author":7,"featured_media":55697,"comment_status":"closed","ping_status":"open","sticky":false,"template":"","format":"standard","meta":{"ngg_post_thumbnail":0,"footnotes":""},"categories":[10],"tags":[],"class_list":["post-54577","post","type-post","status-publish","format-standard","has-post-thumbnail","hentry","category-vermittelt","column","threecol","has-thumbnail"],"yoast_head":"<!-- This site is optimized with the Yoast SEO plugin v24.6 - https:\/\/yoast.com\/wordpress\/plugins\/seo\/ -->\n<title>Martha ... einfach ein Hund - vermittelt 11.08.2025 | TIERHEIM MOERS<\/title>\n<meta name=\"robots\" content=\"index, follow, max-snippet:-1, max-image-preview:large, max-video-preview:-1\" \/>\n<link rel=\"canonical\" href=\"https:\/\/tierheim-moers.de\/Wordpress\/martha-eine-sensible-abrissbirne\/\" \/>\n<meta property=\"og:locale\" content=\"de_DE\" \/>\n<meta property=\"og:type\" content=\"article\" \/>\n<meta property=\"og:title\" content=\"Martha ... einfach ein Hund - vermittelt 11.08.2025 | TIERHEIM MOERS\" \/>\n<meta property=\"og:description\" content=\"&nbsp; &nbsp; Update Juni 2025 Wir m\u00fcssen \u00fcber Martha reden &#8230; Mit knapp 14 Monaten kam Doggen-Mix Martha im August 2023 zu &#8230;\" \/>\n<meta property=\"og:url\" content=\"https:\/\/tierheim-moers.de\/Wordpress\/martha-eine-sensible-abrissbirne\/\" \/>\n<meta property=\"og:site_name\" content=\"TIERHEIM MOERS\" \/>\n<meta property=\"article:publisher\" content=\"https:\/\/de-de.facebook.com\/moers.tierheim\" \/>\n<meta property=\"article:published_time\" content=\"2025-08-12T07:43:18+00:00\" \/>\n<meta property=\"article:modified_time\" content=\"2025-08-12T07:43:20+00:00\" \/>\n<meta property=\"og:image\" content=\"https:\/\/tierheim-moers.de\/Wordpress\/wp-content\/uploads\/2023\/11\/20231124_132254-scaled.jpg\" \/>\n\t<meta property=\"og:image:width\" content=\"2560\" \/>\n\t<meta property=\"og:image:height\" content=\"1760\" \/>\n\t<meta property=\"og:image:type\" content=\"image\/jpeg\" \/>\n<meta name=\"author\" content=\"Kathrin Novotny\" \/>\n<meta name=\"twitter:card\" content=\"summary_large_image\" \/>\n<meta name=\"twitter:label1\" content=\"Verfasst von\" \/>\n\t<meta name=\"twitter:data1\" content=\"Kathrin Novotny\" \/>\n\t<meta name=\"twitter:label2\" content=\"Gesch\u00e4tzte Lesezeit\" \/>\n\t<meta name=\"twitter:data2\" content=\"7\u00a0Minuten\" \/>\n<script type=\"application\/ld+json\" class=\"yoast-schema-graph\">{\"@context\":\"https:\/\/schema.org\",\"@graph\":[{\"@type\":\"Article\",\"@id\":\"https:\/\/tierheim-moers.de\/Wordpress\/martha-eine-sensible-abrissbirne\/#article\",\"isPartOf\":{\"@id\":\"https:\/\/tierheim-moers.de\/Wordpress\/martha-eine-sensible-abrissbirne\/\"},\"author\":{\"name\":\"Kathrin Novotny\",\"@id\":\"https:\/\/tierheim-moers.de\/Wordpress\/#\/schema\/person\/167de77fdd5ff85153606cdd34a5ffbc\"},\"headline\":\"Martha &#8230; einfach ein Hund &#8211; vermittelt 11.08.2025\",\"datePublished\":\"2025-08-12T07:43:18+00:00\",\"dateModified\":\"2025-08-12T07:43:20+00:00\",\"mainEntityOfPage\":{\"@id\":\"https:\/\/tierheim-moers.de\/Wordpress\/martha-eine-sensible-abrissbirne\/\"},\"wordCount\":872,\"publisher\":{\"@id\":\"https:\/\/tierheim-moers.de\/Wordpress\/#organization\"},\"image\":{\"@id\":\"https:\/\/tierheim-moers.de\/Wordpress\/martha-eine-sensible-abrissbirne\/#primaryimage\"},\"thumbnailUrl\":\"https:\/\/tierheim-moers.de\/Wordpress\/wp-content\/uploads\/2023\/11\/20231124_132254-scaled.jpg\",\"articleSection\":[\"Vermittelt\"],\"inLanguage\":\"de\"},{\"@type\":\"WebPage\",\"@id\":\"https:\/\/tierheim-moers.de\/Wordpress\/martha-eine-sensible-abrissbirne\/\",\"url\":\"https:\/\/tierheim-moers.de\/Wordpress\/martha-eine-sensible-abrissbirne\/\",\"name\":\"Martha ... einfach ein Hund - vermittelt 11.08.2025 | TIERHEIM MOERS\",\"isPartOf\":{\"@id\":\"https:\/\/tierheim-moers.de\/Wordpress\/#website\"},\"primaryImageOfPage\":{\"@id\":\"https:\/\/tierheim-moers.de\/Wordpress\/martha-eine-sensible-abrissbirne\/#primaryimage\"},\"image\":{\"@id\":\"https:\/\/tierheim-moers.de\/Wordpress\/martha-eine-sensible-abrissbirne\/#primaryimage\"},\"thumbnailUrl\":\"https:\/\/tierheim-moers.de\/Wordpress\/wp-content\/uploads\/2023\/11\/20231124_132254-scaled.jpg\",\"datePublished\":\"2025-08-12T07:43:18+00:00\",\"dateModified\":\"2025-08-12T07:43:20+00:00\",\"breadcrumb\":{\"@id\":\"https:\/\/tierheim-moers.de\/Wordpress\/martha-eine-sensible-abrissbirne\/#breadcrumb\"},\"inLanguage\":\"de\",\"potentialAction\":[{\"@type\":\"ReadAction\",\"target\":[\"https:\/\/tierheim-moers.de\/Wordpress\/martha-eine-sensible-abrissbirne\/\"]}]},{\"@type\":\"ImageObject\",\"inLanguage\":\"de\",\"@id\":\"https:\/\/tierheim-moers.de\/Wordpress\/martha-eine-sensible-abrissbirne\/#primaryimage\",\"url\":\"https:\/\/tierheim-moers.de\/Wordpress\/wp-content\/uploads\/2023\/11\/20231124_132254-scaled.jpg\",\"contentUrl\":\"https:\/\/tierheim-moers.de\/Wordpress\/wp-content\/uploads\/2023\/11\/20231124_132254-scaled.jpg\",\"width\":2560,\"height\":1760},{\"@type\":\"BreadcrumbList\",\"@id\":\"https:\/\/tierheim-moers.de\/Wordpress\/martha-eine-sensible-abrissbirne\/#breadcrumb\",\"itemListElement\":[{\"@type\":\"ListItem\",\"position\":1,\"name\":\"Startseite\",\"item\":\"https:\/\/tierheim-moers.de\/Wordpress\/\"},{\"@type\":\"ListItem\",\"position\":2,\"name\":\"Martha &#8230; einfach ein Hund &#8211; vermittelt 11.08.2025\"}]},{\"@type\":\"WebSite\",\"@id\":\"https:\/\/tierheim-moers.de\/Wordpress\/#website\",\"url\":\"https:\/\/tierheim-moers.de\/Wordpress\/\",\"name\":\"Tierheim Moers\",\"description\":\"Tierheim | Hundepension | Tierschutz | Moers\",\"publisher\":{\"@id\":\"https:\/\/tierheim-moers.de\/Wordpress\/#organization\"},\"potentialAction\":[{\"@type\":\"SearchAction\",\"target\":{\"@type\":\"EntryPoint\",\"urlTemplate\":\"https:\/\/tierheim-moers.de\/Wordpress\/?s={search_term_string}\"},\"query-input\":{\"@type\":\"PropertyValueSpecification\",\"valueRequired\":true,\"valueName\":\"search_term_string\"}}],\"inLanguage\":\"de\"},{\"@type\":\"Organization\",\"@id\":\"https:\/\/tierheim-moers.de\/Wordpress\/#organization\",\"name\":\"Tierheim Moers\",\"url\":\"https:\/\/tierheim-moers.de\/Wordpress\/\",\"logo\":{\"@type\":\"ImageObject\",\"inLanguage\":\"de\",\"@id\":\"https:\/\/tierheim-moers.de\/Wordpress\/#\/schema\/logo\/image\/\",\"url\":\"https:\/\/tierheim-moers.de\/Wordpress\/wp-content\/uploads\/2014\/04\/Logo-TSV-Moers-V01-RGB-300.png\",\"contentUrl\":\"https:\/\/tierheim-moers.de\/Wordpress\/wp-content\/uploads\/2014\/04\/Logo-TSV-Moers-V01-RGB-300.png\",\"width\":1052,\"height\":1038,\"caption\":\"Tierheim Moers\"},\"image\":{\"@id\":\"https:\/\/tierheim-moers.de\/Wordpress\/#\/schema\/logo\/image\/\"},\"sameAs\":[\"https:\/\/de-de.facebook.com\/moers.tierheim\"]},{\"@type\":\"Person\",\"@id\":\"https:\/\/tierheim-moers.de\/Wordpress\/#\/schema\/person\/167de77fdd5ff85153606cdd34a5ffbc\",\"name\":\"Kathrin Novotny\",\"image\":{\"@type\":\"ImageObject\",\"inLanguage\":\"de\",\"@id\":\"https:\/\/tierheim-moers.de\/Wordpress\/#\/schema\/person\/image\/\",\"url\":\"https:\/\/secure.gravatar.com\/avatar\/8dbd3a3cd58d0e299cb5bd95a6d53c79eebe36713eda62bbb3c41a749d06346f?s=96&d=mm&r=g\",\"contentUrl\":\"https:\/\/secure.gravatar.com\/avatar\/8dbd3a3cd58d0e299cb5bd95a6d53c79eebe36713eda62bbb3c41a749d06346f?s=96&d=mm&r=g\",\"caption\":\"Kathrin Novotny\"},\"url\":\"https:\/\/tierheim-moers.de\/Wordpress\/author\/kathrin\/\"}]}<\/script>\n<!-- \/ Yoast SEO plugin. -->","yoast_head_json":{"title":"Martha ... einfach ein Hund - vermittelt 11.08.2025 | TIERHEIM MOERS","robots":{"index":"index","follow":"follow","max-snippet":"max-snippet:-1","max-image-preview":"max-image-preview:large","max-video-preview":"max-video-preview:-1"},"canonical":"https:\/\/tierheim-moers.de\/Wordpress\/martha-eine-sensible-abrissbirne\/","og_locale":"de_DE","og_type":"article","og_title":"Martha ... einfach ein Hund - vermittelt 11.08.2025 | TIERHEIM MOERS","og_description":"&nbsp; &nbsp; Update Juni 2025 Wir m\u00fcssen \u00fcber Martha reden &#8230; Mit knapp 14 Monaten kam Doggen-Mix Martha im August 2023 zu &#8230;","og_url":"https:\/\/tierheim-moers.de\/Wordpress\/martha-eine-sensible-abrissbirne\/","og_site_name":"TIERHEIM MOERS","article_publisher":"https:\/\/de-de.facebook.com\/moers.tierheim","article_published_time":"2025-08-12T07:43:18+00:00","article_modified_time":"2025-08-12T07:43:20+00:00","og_image":[{"width":2560,"height":1760,"url":"https:\/\/tierheim-moers.de\/Wordpress\/wp-content\/uploads\/2023\/11\/20231124_132254-scaled.jpg","type":"image\/jpeg"}],"author":"Kathrin Novotny","twitter_card":"summary_large_image","twitter_misc":{"Verfasst von":"Kathrin Novotny","Gesch\u00e4tzte Lesezeit":"7\u00a0Minuten"},"schema":{"@context":"https:\/\/schema.org","@graph":[{"@type":"Article","@id":"https:\/\/tierheim-moers.de\/Wordpress\/martha-eine-sensible-abrissbirne\/#article","isPartOf":{"@id":"https:\/\/tierheim-moers.de\/Wordpress\/martha-eine-sensible-abrissbirne\/"},"author":{"name":"Kathrin Novotny","@id":"https:\/\/tierheim-moers.de\/Wordpress\/#\/schema\/person\/167de77fdd5ff85153606cdd34a5ffbc"},"headline":"Martha &#8230; einfach ein Hund &#8211; vermittelt 11.08.2025","datePublished":"2025-08-12T07:43:18+00:00","dateModified":"2025-08-12T07:43:20+00:00","mainEntityOfPage":{"@id":"https:\/\/tierheim-moers.de\/Wordpress\/martha-eine-sensible-abrissbirne\/"},"wordCount":872,"publisher":{"@id":"https:\/\/tierheim-moers.de\/Wordpress\/#organization"},"image":{"@id":"https:\/\/tierheim-moers.de\/Wordpress\/martha-eine-sensible-abrissbirne\/#primaryimage"},"thumbnailUrl":"https:\/\/tierheim-moers.de\/Wordpress\/wp-content\/uploads\/2023\/11\/20231124_132254-scaled.jpg","articleSection":["Vermittelt"],"inLanguage":"de"},{"@type":"WebPage","@id":"https:\/\/tierheim-moers.de\/Wordpress\/martha-eine-sensible-abrissbirne\/","url":"https:\/\/tierheim-moers.de\/Wordpress\/martha-eine-sensible-abrissbirne\/","name":"Martha ... einfach ein Hund - vermittelt 11.08.2025 | TIERHEIM MOERS","isPartOf":{"@id":"https:\/\/tierheim-moers.de\/Wordpress\/#website"},"primaryImageOfPage":{"@id":"https:\/\/tierheim-moers.de\/Wordpress\/martha-eine-sensible-abrissbirne\/#primaryimage"},"image":{"@id":"https:\/\/tierheim-moers.de\/Wordpress\/martha-eine-sensible-abrissbirne\/#primaryimage"},"thumbnailUrl":"https:\/\/tierheim-moers.de\/Wordpress\/wp-content\/uploads\/2023\/11\/20231124_132254-scaled.jpg","datePublished":"2025-08-12T07:43:18+00:00","dateModified":"2025-08-12T07:43:20+00:00","breadcrumb":{"@id":"https:\/\/tierheim-moers.de\/Wordpress\/martha-eine-sensible-abrissbirne\/#breadcrumb"},"inLanguage":"de","potentialAction":[{"@type":"ReadAction","target":["https:\/\/tierheim-moers.de\/Wordpress\/martha-eine-sensible-abrissbirne\/"]}]},{"@type":"ImageObject","inLanguage":"de","@id":"https:\/\/tierheim-moers.de\/Wordpress\/martha-eine-sensible-abrissbirne\/#primaryimage","url":"https:\/\/tierheim-moers.de\/Wordpress\/wp-content\/uploads\/2023\/11\/20231124_132254-scaled.jpg","contentUrl":"https:\/\/tierheim-moers.de\/Wordpress\/wp-content\/uploads\/2023\/11\/20231124_132254-scaled.jpg","width":2560,"height":1760},{"@type":"BreadcrumbList","@id":"https:\/\/tierheim-moers.de\/Wordpress\/martha-eine-sensible-abrissbirne\/#breadcrumb","itemListElement":[{"@type":"ListItem","position":1,"name":"Startseite","item":"https:\/\/tierheim-moers.de\/Wordpress\/"},{"@type":"ListItem","position":2,"name":"Martha &#8230; einfach ein Hund &#8211; vermittelt 11.08.2025"}]},{"@type":"WebSite","@id":"https:\/\/tierheim-moers.de\/Wordpress\/#website","url":"https:\/\/tierheim-moers.de\/Wordpress\/","name":"Tierheim Moers","description":"Tierheim | Hundepension | Tierschutz | Moers","publisher":{"@id":"https:\/\/tierheim-moers.de\/Wordpress\/#organization"},"potentialAction":[{"@type":"SearchAction","target":{"@type":"EntryPoint","urlTemplate":"https:\/\/tierheim-moers.de\/Wordpress\/?s={search_term_string}"},"query-input":{"@type":"PropertyValueSpecification","valueRequired":true,"valueName":"search_term_string"}}],"inLanguage":"de"},{"@type":"Organization","@id":"https:\/\/tierheim-moers.de\/Wordpress\/#organization","name":"Tierheim Moers","url":"https:\/\/tierheim-moers.de\/Wordpress\/","logo":{"@type":"ImageObject","inLanguage":"de","@id":"https:\/\/tierheim-moers.de\/Wordpress\/#\/schema\/logo\/image\/","url":"https:\/\/tierheim-moers.de\/Wordpress\/wp-content\/uploads\/2014\/04\/Logo-TSV-Moers-V01-RGB-300.png","contentUrl":"https:\/\/tierheim-moers.de\/Wordpress\/wp-content\/uploads\/2014\/04\/Logo-TSV-Moers-V01-RGB-300.png","width":1052,"height":1038,"caption":"Tierheim Moers"},"image":{"@id":"https:\/\/tierheim-moers.de\/Wordpress\/#\/schema\/logo\/image\/"},"sameAs":["https:\/\/de-de.facebook.com\/moers.tierheim"]},{"@type":"Person","@id":"https:\/\/tierheim-moers.de\/Wordpress\/#\/schema\/person\/167de77fdd5ff85153606cdd34a5ffbc","name":"Kathrin Novotny","image":{"@type":"ImageObject","inLanguage":"de","@id":"https:\/\/tierheim-moers.de\/Wordpress\/#\/schema\/person\/image\/","url":"https:\/\/secure.gravatar.com\/avatar\/8dbd3a3cd58d0e299cb5bd95a6d53c79eebe36713eda62bbb3c41a749d06346f?s=96&d=mm&r=g","contentUrl":"https:\/\/secure.gravatar.com\/avatar\/8dbd3a3cd58d0e299cb5bd95a6d53c79eebe36713eda62bbb3c41a749d06346f?s=96&d=mm&r=g","caption":"Kathrin Novotny"},"url":"https:\/\/tierheim-moers.de\/Wordpress\/author\/kathrin\/"}]}},"_links":{"self":[{"href":"https:\/\/tierheim-moers.de\/Wordpress\/wp-json\/wp\/v2\/posts\/54577","targetHints":{"allow":["GET"]}}],"collection":[{"href":"https:\/\/tierheim-moers.de\/Wordpress\/wp-json\/wp\/v2\/posts"}],"about":[{"href":"https:\/\/tierheim-moers.de\/Wordpress\/wp-json\/wp\/v2\/types\/post"}],"author":[{"embeddable":true,"href":"https:\/\/tierheim-moers.de\/Wordpress\/wp-json\/wp\/v2\/users\/7"}],"replies":[{"embeddable":true,"href":"https:\/\/tierheim-moers.de\/Wordpress\/wp-json\/wp\/v2\/comments?post=54577"}],"version-history":[{"count":8,"href":"https:\/\/tierheim-moers.de\/Wordpress\/wp-json\/wp\/v2\/posts\/54577\/revisions"}],"predecessor-version":[{"id":61101,"href":"https:\/\/tierheim-moers.de\/Wordpress\/wp-json\/wp\/v2\/posts\/54577\/revisions\/61101"}],"wp:featuredmedia":[{"embeddable":true,"href":"https:\/\/tierheim-moers.de\/Wordpress\/wp-json\/wp\/v2\/media\/55697"}],"wp:attachment":[{"href":"https:\/\/tierheim-moers.de\/Wordpress\/wp-json\/wp\/v2\/media?parent=54577"}],"wp:term":[{"taxonomy":"category","embeddable":true,"href":"https:\/\/tierheim-moers.de\/Wordpress\/wp-json\/wp\/v2\/categories?post=54577"},{"taxonomy":"post_tag","embeddable":true,"href":"https:\/\/tierheim-moers.de\/Wordpress\/wp-json\/wp\/v2\/tags?post=54577"}],"curies":[{"name":"wp","href":"https:\/\/api.w.org\/{rel}","templated":true}]}}