{"id":556,"date":"2013-12-13T16:23:05","date_gmt":"2013-12-13T14:23:05","guid":{"rendered":"http:\/\/tierheim-moers.de\/Wordpress\/?p=556"},"modified":"2014-04-24T16:23:34","modified_gmt":"2014-04-24T14:23:34","slug":"tierheim-auf-dem-weihnachtsmarkt-in-moers","status":"publish","type":"post","link":"https:\/\/tierheim-moers.de\/Wordpress\/tierheim-auf-dem-weihnachtsmarkt-in-moers\/","title":{"rendered":"Tierheim auf dem Weihnachtsmarkt in Moers"},"content":{"rendered":"<h2>Auf zum Weihnachtsmarkt !<\/h2>\n<p>Genau das haben sich auch in diesem Jahr viele Menschen gesagt und den Moerser Weihnachtsmarkt besucht. Und wir wurden dabei nicht vergessen. Vom 11. bis 13. Dezember stand das Tierheim Moers mit wechselnden Ehrenamtlern in einer gem\u00fctlich eingerichteten Bude und gab gegen Spenden alle m\u00f6glichen Leckereien f\u00fcr Tiere und Menschen ab.<\/p>\n<p>Katzenk\u00fcsschen und Hundekekse, Schnuffelkissen mit Baldrianwurzel gef\u00fcllt und nach Baldrian riechende kleine Kratzm\u00e4use waren einige der Renner im diesj\u00e4hrigen Weihnachtsgeschenkesortiment. Aber auch selbst gemachte Waffeln und der eine oder andere Becher Gl\u00fchwein fand rei\u00dfenden Absatz. Selbst gebastelte Landhausengelchen, ein Kalender mit den Tieren aus unserem Tierheim, selbst gemachte Marmeladen und vieles mehr trug dazu bei, dass am Ende des dritten Tages sage und schreibe mehr als 1.500 Euro f\u00fcr unser dringend neu ben\u00f6tigtes Hundehaus zusammen kamen.<\/p>\n<p><strong>Danke an alle,<\/strong> die dazu beigetragen haben, diesen Erfolg dazustellen. Ohne die vielen Helfer hinter und vor den Kulissen w\u00e4ren solche Aktionen undenkbar.<\/p>\n<p><strong>Und vielen Dank<\/strong> an all die gro\u00dfz\u00fcgigen Spender, die ihr Portemonnaie weit ge\u00f6ffnet haben und dadurch diesen Betrag haben zustande kommen lassen.<\/p>\n<p>Dazu kamen wieder viele anregende und aufregende Gespr\u00e4che mit neuen und alten Tierbesitzern, die ihre Geschichten erz\u00e4hlten und uns gl\u00fccklich machten, da wir von ehemaligen Tierheimbewohnern Neuigkeiten zu h\u00f6ren bekamen &#8230;<\/p>\n<p>Wir freuen uns \u00fcber sehr sch\u00f6n verbrachte Tage und auf ein Wiedersehen auf dem Weihnachtsmarkt im Dezember 2014.<\/p>\n<p>Gisela Kuhnen<\/p>\n<p>&nbsp;<\/p>\n<div class=\"shariff shariff-align-flex-start shariff-widget-align-center\" data-url=\"https%3A%2F%2Ftierheim-moers.de%2FWordpress%2Ftierheim-auf-dem-weihnachtsmarkt-in-moers%2F\" data-timestamp=\"1398356614\" data-hidezero=\"1\" data-backendurl=\"https:\/\/tierheim-moers.de\/Wordpress\/wp-json\/shariff\/v1\/share_counts?\"><ul class=\"shariff-buttons theme-round orientation-horizontal buttonsize-small\"><li class=\"shariff-button facebook shariff-nocustomcolor\" style=\"background-color:#4273c8\"><a href=\"https:\/\/www.facebook.com\/sharer\/sharer.php?u=https%3A%2F%2Ftierheim-moers.de%2FWordpress%2Ftierheim-auf-dem-weihnachtsmarkt-in-moers%2F\" title=\"Bei Facebook teilen\" aria-label=\"Bei Facebook teilen\" role=\"button\" rel=\"nofollow\" class=\"shariff-link\" style=\"; background-color:#3b5998; color:#fff\" target=\"_blank\"><span class=\"shariff-icon\" style=\"\"><svg width=\"32px\" height=\"20px\" xmlns=\"http:\/\/www.w3.org\/2000\/svg\" viewBox=\"0 0 18 32\"><path fill=\"#3b5998\" d=\"M17.1 0.2v4.7h-2.8q-1.5 0-2.1 0.6t-0.5 1.9v3.4h5.2l-0.7 5.3h-4.5v13.6h-5.5v-13.6h-4.5v-5.3h4.5v-3.9q0-3.3 1.9-5.2t5-1.8q2.6 0 4.1 0.2z\"\/><\/svg><\/span><\/a><\/li><li class=\"shariff-button twitter shariff-nocustomcolor\" style=\"background-color:#595959\"><a href=\"https:\/\/twitter.com\/share?url=https%3A%2F%2Ftierheim-moers.de%2FWordpress%2Ftierheim-auf-dem-weihnachtsmarkt-in-moers%2F&text=Tierheim%20auf%20dem%20Weihnachtsmarkt%20in%20Moers\" title=\"Bei X teilen\" aria-label=\"Bei X teilen\" role=\"button\" rel=\"noopener nofollow\" class=\"shariff-link\" style=\"; background-color:#000; color:#fff\" target=\"_blank\"><span class=\"shariff-icon\" style=\"\"><svg width=\"32px\" height=\"20px\" xmlns=\"http:\/\/www.w3.org\/2000\/svg\" viewBox=\"0 0 24 24\"><path fill=\"#000\" d=\"M14.258 10.152L23.176 0h-2.113l-7.747 8.813L7.133 0H0l9.352 13.328L0 23.973h2.113l8.176-9.309 6.531 9.309h7.133zm-2.895 3.293l-.949-1.328L2.875 1.56h3.246l6.086 8.523.945 1.328 7.91 11.078h-3.246zm0 0\"\/><\/svg><\/span><\/a><\/li><li class=\"shariff-button whatsapp shariff-nocustomcolor\" style=\"background-color:#5cbe4a\"><a href=\"https:\/\/api.whatsapp.com\/send?text=https%3A%2F%2Ftierheim-moers.de%2FWordpress%2Ftierheim-auf-dem-weihnachtsmarkt-in-moers%2F%20Tierheim%20auf%20dem%20Weihnachtsmarkt%20in%20Moers\" title=\"Bei Whatsapp teilen\" aria-label=\"Bei Whatsapp teilen\" role=\"button\" rel=\"noopener nofollow\" class=\"shariff-link\" style=\"; background-color:#34af23; color:#fff\" target=\"_blank\"><span class=\"shariff-icon\" style=\"\"><svg width=\"32px\" height=\"20px\" xmlns=\"http:\/\/www.w3.org\/2000\/svg\" viewBox=\"0 0 32 32\"><path fill=\"#34af23\" d=\"M17.6 17.4q0.2 0 1.7 0.8t1.6 0.9q0 0.1 0 0.3 0 0.6-0.3 1.4-0.3 0.7-1.3 1.2t-1.8 0.5q-1 0-3.4-1.1-1.7-0.8-3-2.1t-2.6-3.3q-1.3-1.9-1.3-3.5v-0.1q0.1-1.6 1.3-2.8 0.4-0.4 0.9-0.4 0.1 0 0.3 0t0.3 0q0.3 0 0.5 0.1t0.3 0.5q0.1 0.4 0.6 1.6t0.4 1.3q0 0.4-0.6 1t-0.6 0.8q0 0.1 0.1 0.3 0.6 1.3 1.8 2.4 1 0.9 2.7 1.8 0.2 0.1 0.4 0.1 0.3 0 1-0.9t0.9-0.9zM14 26.9q2.3 0 4.3-0.9t3.6-2.4 2.4-3.6 0.9-4.3-0.9-4.3-2.4-3.6-3.6-2.4-4.3-0.9-4.3 0.9-3.6 2.4-2.4 3.6-0.9 4.3q0 3.6 2.1 6.6l-1.4 4.2 4.3-1.4q2.8 1.9 6.2 1.9zM14 2.2q2.7 0 5.2 1.1t4.3 2.9 2.9 4.3 1.1 5.2-1.1 5.2-2.9 4.3-4.3 2.9-5.2 1.1q-3.5 0-6.5-1.7l-7.4 2.4 2.4-7.2q-1.9-3.2-1.9-6.9 0-2.7 1.1-5.2t2.9-4.3 4.3-2.9 5.2-1.1z\"\/><\/svg><\/span><\/a><\/li><li class=\"shariff-button sms shariff-nocustomcolor shariff-mobile\" style=\"background-color:#d7d9d8\"><a href=\"sms:?&body=https%3A%2F%2Ftierheim-moers.de%2FWordpress%2Ftierheim-auf-dem-weihnachtsmarkt-in-moers%2F\" title=\"Per SMS teilen\" aria-label=\"Per SMS teilen\" role=\"button\" rel=\"noopener nofollow\" class=\"shariff-link\" style=\"; background-color:#a1e877; color:#fff\" target=\"_blank\"><span class=\"shariff-icon\" style=\"\"><svg xmlns=\"http:\/\/www.w3.org\/2000\/svg\" width=\"510\" height=\"510\" viewBox=\"0 0 510 510\"><path fill=\"#a1e877\" d=\"M459 0H51C23 0 0 23 0 51v459l102-102h357c28.1 0 51-22.9 51-51V51C510 23 487.1 0 459 0zM178.5 229.5h-51v-51h51V229.5zM280.5 229.5h-51v-51h51V229.5zM382.5 229.5h-51v-51h51V229.5z\"\/><\/svg><\/span><\/a><\/li><\/ul><\/div>","protected":false},"excerpt":{"rendered":"<p>Auf zum Weihnachtsmarkt ! Genau das haben sich auch in diesem Jahr viele Menschen gesagt und den Moerser Weihnachtsmarkt besucht. Und wir wurden dabei nicht vergessen. Vom 11. bis 13. Dezember stand das Tierheim Moers mit wechselnden Ehrenamtlern in einer gem\u00fctlich eingerichteten Bude und gab gegen Spenden alle m\u00f6glichen Leckereien &#8230;<\/p>\n","protected":false},"author":1,"featured_media":557,"comment_status":"closed","ping_status":"open","sticky":false,"template":"","format":"aside","meta":{"ngg_post_thumbnail":0,"footnotes":""},"categories":[25],"tags":[],"class_list":["post-556","post","type-post","status-publish","format-aside","has-post-thumbnail","hentry","category-presseberichte","post_format-post-format-aside","column","threecol","has-thumbnail"],"yoast_head":"<!-- This site is optimized with the Yoast SEO plugin v24.6 - https:\/\/yoast.com\/wordpress\/plugins\/seo\/ -->\n<title>Tierheim auf dem Weihnachtsmarkt in Moers | TIERHEIM MOERS<\/title>\n<meta name=\"robots\" content=\"index, follow, max-snippet:-1, max-image-preview:large, max-video-preview:-1\" \/>\n<link rel=\"canonical\" href=\"https:\/\/tierheim-moers.de\/Wordpress\/tierheim-auf-dem-weihnachtsmarkt-in-moers\/\" \/>\n<meta property=\"og:locale\" content=\"de_DE\" \/>\n<meta property=\"og:type\" content=\"article\" \/>\n<meta property=\"og:title\" content=\"Tierheim auf dem Weihnachtsmarkt in Moers | TIERHEIM MOERS\" \/>\n<meta property=\"og:description\" content=\"Auf zum Weihnachtsmarkt ! Genau das haben sich auch in diesem Jahr viele Menschen gesagt und den Moerser Weihnachtsmarkt besucht. Und wir wurden dabei nicht vergessen. Vom 11. bis 13. Dezember stand das Tierheim Moers mit &#8230;\" \/>\n<meta property=\"og:url\" content=\"https:\/\/tierheim-moers.de\/Wordpress\/tierheim-auf-dem-weihnachtsmarkt-in-moers\/\" \/>\n<meta property=\"og:site_name\" content=\"TIERHEIM MOERS\" \/>\n<meta property=\"article:publisher\" content=\"https:\/\/de-de.facebook.com\/moers.tierheim\" \/>\n<meta property=\"article:published_time\" content=\"2013-12-13T14:23:05+00:00\" \/>\n<meta property=\"article:modified_time\" content=\"2014-04-24T14:23:34+00:00\" \/>\n<meta property=\"og:image\" content=\"https:\/\/tierheim-moers.de\/Wordpress\/wp-content\/uploads\/2014\/04\/xmasmarkt.png\" \/>\n\t<meta property=\"og:image:width\" content=\"464\" \/>\n\t<meta property=\"og:image:height\" content=\"278\" \/>\n\t<meta property=\"og:image:type\" content=\"image\/png\" \/>\n<meta name=\"author\" content=\"Nicole Schoenbeck\" \/>\n<meta name=\"twitter:card\" content=\"summary_large_image\" \/>\n<meta name=\"twitter:label1\" content=\"Verfasst von\" \/>\n\t<meta name=\"twitter:data1\" content=\"Nicole Schoenbeck\" \/>\n\t<meta name=\"twitter:label2\" content=\"Gesch\u00e4tzte Lesezeit\" \/>\n\t<meta name=\"twitter:data2\" content=\"1\u00a0Minute\" \/>\n<script type=\"application\/ld+json\" class=\"yoast-schema-graph\">{\"@context\":\"https:\/\/schema.org\",\"@graph\":[{\"@type\":\"Article\",\"@id\":\"https:\/\/tierheim-moers.de\/Wordpress\/tierheim-auf-dem-weihnachtsmarkt-in-moers\/#article\",\"isPartOf\":{\"@id\":\"https:\/\/tierheim-moers.de\/Wordpress\/tierheim-auf-dem-weihnachtsmarkt-in-moers\/\"},\"author\":{\"name\":\"Nicole Schoenbeck\",\"@id\":\"https:\/\/tierheim-moers.de\/Wordpress\/#\/schema\/person\/4f3ee62665748f804fbcad2beded889e\"},\"headline\":\"Tierheim auf dem Weihnachtsmarkt in Moers\",\"datePublished\":\"2013-12-13T14:23:05+00:00\",\"dateModified\":\"2014-04-24T14:23:34+00:00\",\"mainEntityOfPage\":{\"@id\":\"https:\/\/tierheim-moers.de\/Wordpress\/tierheim-auf-dem-weihnachtsmarkt-in-moers\/\"},\"wordCount\":248,\"publisher\":{\"@id\":\"https:\/\/tierheim-moers.de\/Wordpress\/#organization\"},\"image\":{\"@id\":\"https:\/\/tierheim-moers.de\/Wordpress\/tierheim-auf-dem-weihnachtsmarkt-in-moers\/#primaryimage\"},\"thumbnailUrl\":\"https:\/\/tierheim-moers.de\/Wordpress\/wp-content\/uploads\/2014\/04\/xmasmarkt.png\",\"articleSection\":[\"Presseberichte\"],\"inLanguage\":\"de\"},{\"@type\":\"WebPage\",\"@id\":\"https:\/\/tierheim-moers.de\/Wordpress\/tierheim-auf-dem-weihnachtsmarkt-in-moers\/\",\"url\":\"https:\/\/tierheim-moers.de\/Wordpress\/tierheim-auf-dem-weihnachtsmarkt-in-moers\/\",\"name\":\"Tierheim auf dem Weihnachtsmarkt in Moers | TIERHEIM MOERS\",\"isPartOf\":{\"@id\":\"https:\/\/tierheim-moers.de\/Wordpress\/#website\"},\"primaryImageOfPage\":{\"@id\":\"https:\/\/tierheim-moers.de\/Wordpress\/tierheim-auf-dem-weihnachtsmarkt-in-moers\/#primaryimage\"},\"image\":{\"@id\":\"https:\/\/tierheim-moers.de\/Wordpress\/tierheim-auf-dem-weihnachtsmarkt-in-moers\/#primaryimage\"},\"thumbnailUrl\":\"https:\/\/tierheim-moers.de\/Wordpress\/wp-content\/uploads\/2014\/04\/xmasmarkt.png\",\"datePublished\":\"2013-12-13T14:23:05+00:00\",\"dateModified\":\"2014-04-24T14:23:34+00:00\",\"breadcrumb\":{\"@id\":\"https:\/\/tierheim-moers.de\/Wordpress\/tierheim-auf-dem-weihnachtsmarkt-in-moers\/#breadcrumb\"},\"inLanguage\":\"de\",\"potentialAction\":[{\"@type\":\"ReadAction\",\"target\":[\"https:\/\/tierheim-moers.de\/Wordpress\/tierheim-auf-dem-weihnachtsmarkt-in-moers\/\"]}]},{\"@type\":\"ImageObject\",\"inLanguage\":\"de\",\"@id\":\"https:\/\/tierheim-moers.de\/Wordpress\/tierheim-auf-dem-weihnachtsmarkt-in-moers\/#primaryimage\",\"url\":\"https:\/\/tierheim-moers.de\/Wordpress\/wp-content\/uploads\/2014\/04\/xmasmarkt.png\",\"contentUrl\":\"https:\/\/tierheim-moers.de\/Wordpress\/wp-content\/uploads\/2014\/04\/xmasmarkt.png\",\"width\":464,\"height\":278},{\"@type\":\"BreadcrumbList\",\"@id\":\"https:\/\/tierheim-moers.de\/Wordpress\/tierheim-auf-dem-weihnachtsmarkt-in-moers\/#breadcrumb\",\"itemListElement\":[{\"@type\":\"ListItem\",\"position\":1,\"name\":\"Startseite\",\"item\":\"https:\/\/tierheim-moers.de\/Wordpress\/\"},{\"@type\":\"ListItem\",\"position\":2,\"name\":\"Tierheim auf dem Weihnachtsmarkt in Moers\"}]},{\"@type\":\"WebSite\",\"@id\":\"https:\/\/tierheim-moers.de\/Wordpress\/#website\",\"url\":\"https:\/\/tierheim-moers.de\/Wordpress\/\",\"name\":\"Tierheim Moers\",\"description\":\"Tierheim | Hundepension | Tierschutz | Moers\",\"publisher\":{\"@id\":\"https:\/\/tierheim-moers.de\/Wordpress\/#organization\"},\"potentialAction\":[{\"@type\":\"SearchAction\",\"target\":{\"@type\":\"EntryPoint\",\"urlTemplate\":\"https:\/\/tierheim-moers.de\/Wordpress\/?s={search_term_string}\"},\"query-input\":{\"@type\":\"PropertyValueSpecification\",\"valueRequired\":true,\"valueName\":\"search_term_string\"}}],\"inLanguage\":\"de\"},{\"@type\":\"Organization\",\"@id\":\"https:\/\/tierheim-moers.de\/Wordpress\/#organization\",\"name\":\"Tierheim Moers\",\"url\":\"https:\/\/tierheim-moers.de\/Wordpress\/\",\"logo\":{\"@type\":\"ImageObject\",\"inLanguage\":\"de\",\"@id\":\"https:\/\/tierheim-moers.de\/Wordpress\/#\/schema\/logo\/image\/\",\"url\":\"https:\/\/tierheim-moers.de\/Wordpress\/wp-content\/uploads\/2014\/04\/Logo-TSV-Moers-V01-RGB-300.png\",\"contentUrl\":\"https:\/\/tierheim-moers.de\/Wordpress\/wp-content\/uploads\/2014\/04\/Logo-TSV-Moers-V01-RGB-300.png\",\"width\":1052,\"height\":1038,\"caption\":\"Tierheim Moers\"},\"image\":{\"@id\":\"https:\/\/tierheim-moers.de\/Wordpress\/#\/schema\/logo\/image\/\"},\"sameAs\":[\"https:\/\/de-de.facebook.com\/moers.tierheim\"]},{\"@type\":\"Person\",\"@id\":\"https:\/\/tierheim-moers.de\/Wordpress\/#\/schema\/person\/4f3ee62665748f804fbcad2beded889e\",\"name\":\"Nicole Schoenbeck\",\"image\":{\"@type\":\"ImageObject\",\"inLanguage\":\"de\",\"@id\":\"https:\/\/tierheim-moers.de\/Wordpress\/#\/schema\/person\/image\/\",\"url\":\"https:\/\/secure.gravatar.com\/avatar\/90be0179b20ef5313a08c0486c86128d536080572a3f3f44fcce0305eab24798?s=96&d=mm&r=g\",\"contentUrl\":\"https:\/\/secure.gravatar.com\/avatar\/90be0179b20ef5313a08c0486c86128d536080572a3f3f44fcce0305eab24798?s=96&d=mm&r=g\",\"caption\":\"Nicole Schoenbeck\"},\"url\":\"https:\/\/tierheim-moers.de\/Wordpress\/author\/nicole-schoenbeck\/\"}]}<\/script>\n<!-- \/ Yoast SEO plugin. -->","yoast_head_json":{"title":"Tierheim auf dem Weihnachtsmarkt in Moers | TIERHEIM MOERS","robots":{"index":"index","follow":"follow","max-snippet":"max-snippet:-1","max-image-preview":"max-image-preview:large","max-video-preview":"max-video-preview:-1"},"canonical":"https:\/\/tierheim-moers.de\/Wordpress\/tierheim-auf-dem-weihnachtsmarkt-in-moers\/","og_locale":"de_DE","og_type":"article","og_title":"Tierheim auf dem Weihnachtsmarkt in Moers | TIERHEIM MOERS","og_description":"Auf zum Weihnachtsmarkt ! Genau das haben sich auch in diesem Jahr viele Menschen gesagt und den Moerser Weihnachtsmarkt besucht. Und wir wurden dabei nicht vergessen. Vom 11. bis 13. Dezember stand das Tierheim Moers mit &#8230;","og_url":"https:\/\/tierheim-moers.de\/Wordpress\/tierheim-auf-dem-weihnachtsmarkt-in-moers\/","og_site_name":"TIERHEIM MOERS","article_publisher":"https:\/\/de-de.facebook.com\/moers.tierheim","article_published_time":"2013-12-13T14:23:05+00:00","article_modified_time":"2014-04-24T14:23:34+00:00","og_image":[{"width":464,"height":278,"url":"https:\/\/tierheim-moers.de\/Wordpress\/wp-content\/uploads\/2014\/04\/xmasmarkt.png","type":"image\/png"}],"author":"Nicole Schoenbeck","twitter_card":"summary_large_image","twitter_misc":{"Verfasst von":"Nicole Schoenbeck","Gesch\u00e4tzte Lesezeit":"1\u00a0Minute"},"schema":{"@context":"https:\/\/schema.org","@graph":[{"@type":"Article","@id":"https:\/\/tierheim-moers.de\/Wordpress\/tierheim-auf-dem-weihnachtsmarkt-in-moers\/#article","isPartOf":{"@id":"https:\/\/tierheim-moers.de\/Wordpress\/tierheim-auf-dem-weihnachtsmarkt-in-moers\/"},"author":{"name":"Nicole Schoenbeck","@id":"https:\/\/tierheim-moers.de\/Wordpress\/#\/schema\/person\/4f3ee62665748f804fbcad2beded889e"},"headline":"Tierheim auf dem Weihnachtsmarkt in Moers","datePublished":"2013-12-13T14:23:05+00:00","dateModified":"2014-04-24T14:23:34+00:00","mainEntityOfPage":{"@id":"https:\/\/tierheim-moers.de\/Wordpress\/tierheim-auf-dem-weihnachtsmarkt-in-moers\/"},"wordCount":248,"publisher":{"@id":"https:\/\/tierheim-moers.de\/Wordpress\/#organization"},"image":{"@id":"https:\/\/tierheim-moers.de\/Wordpress\/tierheim-auf-dem-weihnachtsmarkt-in-moers\/#primaryimage"},"thumbnailUrl":"https:\/\/tierheim-moers.de\/Wordpress\/wp-content\/uploads\/2014\/04\/xmasmarkt.png","articleSection":["Presseberichte"],"inLanguage":"de"},{"@type":"WebPage","@id":"https:\/\/tierheim-moers.de\/Wordpress\/tierheim-auf-dem-weihnachtsmarkt-in-moers\/","url":"https:\/\/tierheim-moers.de\/Wordpress\/tierheim-auf-dem-weihnachtsmarkt-in-moers\/","name":"Tierheim auf dem Weihnachtsmarkt in Moers | TIERHEIM MOERS","isPartOf":{"@id":"https:\/\/tierheim-moers.de\/Wordpress\/#website"},"primaryImageOfPage":{"@id":"https:\/\/tierheim-moers.de\/Wordpress\/tierheim-auf-dem-weihnachtsmarkt-in-moers\/#primaryimage"},"image":{"@id":"https:\/\/tierheim-moers.de\/Wordpress\/tierheim-auf-dem-weihnachtsmarkt-in-moers\/#primaryimage"},"thumbnailUrl":"https:\/\/tierheim-moers.de\/Wordpress\/wp-content\/uploads\/2014\/04\/xmasmarkt.png","datePublished":"2013-12-13T14:23:05+00:00","dateModified":"2014-04-24T14:23:34+00:00","breadcrumb":{"@id":"https:\/\/tierheim-moers.de\/Wordpress\/tierheim-auf-dem-weihnachtsmarkt-in-moers\/#breadcrumb"},"inLanguage":"de","potentialAction":[{"@type":"ReadAction","target":["https:\/\/tierheim-moers.de\/Wordpress\/tierheim-auf-dem-weihnachtsmarkt-in-moers\/"]}]},{"@type":"ImageObject","inLanguage":"de","@id":"https:\/\/tierheim-moers.de\/Wordpress\/tierheim-auf-dem-weihnachtsmarkt-in-moers\/#primaryimage","url":"https:\/\/tierheim-moers.de\/Wordpress\/wp-content\/uploads\/2014\/04\/xmasmarkt.png","contentUrl":"https:\/\/tierheim-moers.de\/Wordpress\/wp-content\/uploads\/2014\/04\/xmasmarkt.png","width":464,"height":278},{"@type":"BreadcrumbList","@id":"https:\/\/tierheim-moers.de\/Wordpress\/tierheim-auf-dem-weihnachtsmarkt-in-moers\/#breadcrumb","itemListElement":[{"@type":"ListItem","position":1,"name":"Startseite","item":"https:\/\/tierheim-moers.de\/Wordpress\/"},{"@type":"ListItem","position":2,"name":"Tierheim auf dem Weihnachtsmarkt in Moers"}]},{"@type":"WebSite","@id":"https:\/\/tierheim-moers.de\/Wordpress\/#website","url":"https:\/\/tierheim-moers.de\/Wordpress\/","name":"Tierheim Moers","description":"Tierheim | Hundepension | Tierschutz | Moers","publisher":{"@id":"https:\/\/tierheim-moers.de\/Wordpress\/#organization"},"potentialAction":[{"@type":"SearchAction","target":{"@type":"EntryPoint","urlTemplate":"https:\/\/tierheim-moers.de\/Wordpress\/?s={search_term_string}"},"query-input":{"@type":"PropertyValueSpecification","valueRequired":true,"valueName":"search_term_string"}}],"inLanguage":"de"},{"@type":"Organization","@id":"https:\/\/tierheim-moers.de\/Wordpress\/#organization","name":"Tierheim Moers","url":"https:\/\/tierheim-moers.de\/Wordpress\/","logo":{"@type":"ImageObject","inLanguage":"de","@id":"https:\/\/tierheim-moers.de\/Wordpress\/#\/schema\/logo\/image\/","url":"https:\/\/tierheim-moers.de\/Wordpress\/wp-content\/uploads\/2014\/04\/Logo-TSV-Moers-V01-RGB-300.png","contentUrl":"https:\/\/tierheim-moers.de\/Wordpress\/wp-content\/uploads\/2014\/04\/Logo-TSV-Moers-V01-RGB-300.png","width":1052,"height":1038,"caption":"Tierheim Moers"},"image":{"@id":"https:\/\/tierheim-moers.de\/Wordpress\/#\/schema\/logo\/image\/"},"sameAs":["https:\/\/de-de.facebook.com\/moers.tierheim"]},{"@type":"Person","@id":"https:\/\/tierheim-moers.de\/Wordpress\/#\/schema\/person\/4f3ee62665748f804fbcad2beded889e","name":"Nicole Schoenbeck","image":{"@type":"ImageObject","inLanguage":"de","@id":"https:\/\/tierheim-moers.de\/Wordpress\/#\/schema\/person\/image\/","url":"https:\/\/secure.gravatar.com\/avatar\/90be0179b20ef5313a08c0486c86128d536080572a3f3f44fcce0305eab24798?s=96&d=mm&r=g","contentUrl":"https:\/\/secure.gravatar.com\/avatar\/90be0179b20ef5313a08c0486c86128d536080572a3f3f44fcce0305eab24798?s=96&d=mm&r=g","caption":"Nicole Schoenbeck"},"url":"https:\/\/tierheim-moers.de\/Wordpress\/author\/nicole-schoenbeck\/"}]}},"_links":{"self":[{"href":"https:\/\/tierheim-moers.de\/Wordpress\/wp-json\/wp\/v2\/posts\/556","targetHints":{"allow":["GET"]}}],"collection":[{"href":"https:\/\/tierheim-moers.de\/Wordpress\/wp-json\/wp\/v2\/posts"}],"about":[{"href":"https:\/\/tierheim-moers.de\/Wordpress\/wp-json\/wp\/v2\/types\/post"}],"author":[{"embeddable":true,"href":"https:\/\/tierheim-moers.de\/Wordpress\/wp-json\/wp\/v2\/users\/1"}],"replies":[{"embeddable":true,"href":"https:\/\/tierheim-moers.de\/Wordpress\/wp-json\/wp\/v2\/comments?post=556"}],"version-history":[{"count":1,"href":"https:\/\/tierheim-moers.de\/Wordpress\/wp-json\/wp\/v2\/posts\/556\/revisions"}],"predecessor-version":[{"id":558,"href":"https:\/\/tierheim-moers.de\/Wordpress\/wp-json\/wp\/v2\/posts\/556\/revisions\/558"}],"wp:featuredmedia":[{"embeddable":true,"href":"https:\/\/tierheim-moers.de\/Wordpress\/wp-json\/wp\/v2\/media\/557"}],"wp:attachment":[{"href":"https:\/\/tierheim-moers.de\/Wordpress\/wp-json\/wp\/v2\/media?parent=556"}],"wp:term":[{"taxonomy":"category","embeddable":true,"href":"https:\/\/tierheim-moers.de\/Wordpress\/wp-json\/wp\/v2\/categories?post=556"},{"taxonomy":"post_tag","embeddable":true,"href":"https:\/\/tierheim-moers.de\/Wordpress\/wp-json\/wp\/v2\/tags?post=556"}],"curies":[{"name":"wp","href":"https:\/\/api.w.org\/{rel}","templated":true}]}}