{"id":56609,"date":"2025-10-30T09:36:04","date_gmt":"2025-10-30T07:36:04","guid":{"rendered":"https:\/\/tierheim-moers.de\/Wordpress\/?p=56609"},"modified":"2025-10-30T09:36:07","modified_gmt":"2025-10-30T07:36:07","slug":"carlos-ein-sensibler-zeitgenosse","status":"publish","type":"post","link":"https:\/\/tierheim-moers.de\/Wordpress\/carlos-ein-sensibler-zeitgenosse\/","title":{"rendered":"Carlos &#8230; besonderer Kater sucht besonderen Menschen &#8211; vermittelt 29.10.2025"},"content":{"rendered":"\n<div style=\"height:100px\" aria-hidden=\"true\" class=\"wp-block-spacer\"><\/div>\n\n\n\n<table id=\"tablepress-2291\" class=\"tablepress tablepress-id-2291\">\n<tbody class=\"row-striping row-hover\">\n<tr class=\"row-1\">\n\t<td class=\"column-1\">Name des Tiers:<\/td><td class=\"column-2\">Carlos<\/td>\n<\/tr>\n<tr class=\"row-2\">\n\t<td class=\"column-1\">Bestandsnummer:<\/td><td class=\"column-2\">19_\u00dc_24<\/td>\n<\/tr>\n<tr class=\"row-3\">\n\t<td class=\"column-1\">Aufnahmegrund:<\/td><td class=\"column-2\">\u00dcbereignung<\/td>\n<\/tr>\n<tr class=\"row-4\">\n\t<td class=\"column-1\">Im Tierheim seit:<\/td><td class=\"column-2\">26.02.2024<\/td>\n<\/tr>\n<tr class=\"row-5\">\n\t<td class=\"column-1\">Rasse:<\/td><td class=\"column-2\">EKH<\/td>\n<\/tr>\n<tr class=\"row-6\">\n\t<td class=\"column-1\">Geschlecht:<\/td><td class=\"column-2\">m\u00e4nnlich, kastriert<\/td>\n<\/tr>\n<tr class=\"row-7\">\n\t<td class=\"column-1\">Farbe\/Felll\u00e4nge:<\/td><td class=\"column-2\">schwarz wei\u00df<\/td>\n<\/tr>\n<tr class=\"row-8\">\n\t<td class=\"column-1\">Geburtsdatum:<\/td><td class=\"column-2\">12.03.2012<\/td>\n<\/tr>\n<tr class=\"row-9\">\n\t<td class=\"column-1\">Schulterh\u00f6he\/Gewicht:<\/td><td class=\"column-2\"><\/td>\n<\/tr>\n<tr class=\"row-10\">\n\t<td class=\"column-1\">Fundort\/Abgabegrund:<\/td><td class=\"column-2\">Unsauberkeit<\/td>\n<\/tr>\n<tr class=\"row-11\">\n\t<td class=\"column-1\">Tierbeschreibung:<\/td><td class=\"column-2\">Wohnung mit gesichertem Balkon<\/td>\n<\/tr>\n<\/tbody>\n<\/table>\n<!-- #tablepress-2291 from cache -->\n\n\n\n<div style=\"height:100px\" aria-hidden=\"true\" class=\"wp-block-spacer\"><\/div>\n\n\n\n<p><strong>Juni 2025<\/strong><\/p>\n\n\n\n<p>Im Februar 2024 kam Carlos zu uns zur\u00fcck und wartet seit dem auf einen Dosen\u00f6ffner, der ihn versteht.<\/p>\n\n\n\n<p><a><\/a>Carlos ist kein Kater f\u00fcr jedermann &#8211; er \u00f6ffnet sein Herz langsam und nicht f\u00fcr jeden. Aber er hat sich ver\u00e4ndert, seit Miki ausgezogen ist. Wir wussten immer, dass die beiden Kater keine best friends sind &#8211; dass Carlos sich so sehr durch Miki gest\u00f6rt f\u00fchlte, war jedoch nicht offensichtlich. Auch das kann einfach ein Nachteil sein, bei sensiblen Katzen, die sich einfach nur zur\u00fcckziehen, wenn sie sich nicht wohl f\u00fchlen.<\/p>\n\n\n\n<p>Da Miki schon vor Carlos bei uns war, fiel die Ver\u00e4nderung erst auf, als Miki ausgezogen war.<\/p>\n\n\n\n<p>Carlos ist sehr viel freier und zug\u00e4nglicher und auch das Thema Unsauberkeit kann man inzwischen als Unf\u00e4lle bezeichnen, die nur selten passieren (nach wie vor auf Pipi-Matten neben der Katzentoilette). Auf seine Art ist Carlos inzwischen fast aufdringlich bei vertrauten Personen.<\/p>\n\n\n\n<p>Wir sind sicher, dass Carlos in einem passenden Mensch-Carlos-Team alles mitbringt, um ein echter Seelenkater zu sein. <img decoding=\"async\" height=\"16\" width=\"16\" alt=\"&#x2764;\" src=\"https:\/\/static.xx.fbcdn.net\/images\/emoji.php\/v9\/t6c\/1\/16\/2764.png\"><\/p>\n\n\n\n<p>Carlos liebt es, sich im Au\u00dfenbereich aufzuhalten. Ein abgesicherter Balkon ist Voraussetzung f\u00fcr seine Vermittlung &#8230; ein abgesicherter Garten w\u00e4re sein Jackpot.<\/p>\n\n\n\n<div style=\"height:80px\" aria-hidden=\"true\" class=\"wp-block-spacer\"><\/div>\n\n\n\n<p><strong>M\u00e4rz 2025<\/strong><\/p>\n\n\n\n<p>Carlos wartet nun bereits seit \u00fcber einem Jahr bei uns im Tierheim auf ein eigenes Zuhause.<\/p>\n\n\n\n<p>Seine inzwischen 13 Jahre kann man nicht wirklich den Pro-Argumenten zuordnen. Hinzukommt, dass er keine andere Katzen mag, ein bisschen &#8220;grumpy&#8221; ist und eine eigene Vorstellung vom stillen \u00d6rtchen hat. Carlos variiert gerne mal zwischen der handels\u00fcblichen Katzentoilette oder auch Pipi-Matten, die an seinen Lieblings\u00f6rtchenstellen liegen sollten.<\/p>\n\n\n\n<p>Auch seine t\u00e4gliche Tablette f\u00fcrs Herz hat schon so manchen Tierpfleger zur Verzweiflung getrieben, weil Carlos ganz vorbildlich &#8220;nichts von Fremden nimmt&#8221;. Muss also jemand anders als seine vertrauten Tierpfleger die Tablettengabe \u00fcbernehmen, birgt das durchaus Herausforderungen.<\/p>\n\n\n\n<p><\/p>\n\n\n\n<figure class=\"wp-block-gallery has-nested-images columns-default is-cropped wp-block-gallery-1 is-layout-flex wp-block-gallery-is-layout-flex\">\n<figure class=\"wp-block-image size-large\"><a href=\"https:\/\/tierheim-moers.de\/Wordpress\/wp-content\/uploads\/2025\/03\/20250317_174339.jpg\"><img decoding=\"async\" data-id=\"59682\" src=\"https:\/\/tierheim-moers.de\/Wordpress\/wp-content\/uploads\/2025\/03\/20250317_174339-1024x1020.jpg\" alt=\"\" class=\"wp-image-59682\"\/><\/a><\/figure>\n\n\n\n<figure class=\"wp-block-image size-large\"><a href=\"https:\/\/tierheim-moers.de\/Wordpress\/wp-content\/uploads\/2025\/03\/20250317_174509.jpg\"><img fetchpriority=\"high\" decoding=\"async\" width=\"1019\" height=\"1024\" data-id=\"59684\" src=\"https:\/\/tierheim-moers.de\/Wordpress\/wp-content\/uploads\/2025\/03\/20250317_174509-1019x1024.jpg\" alt=\"\" class=\"wp-image-59684\" srcset=\"https:\/\/tierheim-moers.de\/Wordpress\/wp-content\/uploads\/2025\/03\/20250317_174509-1019x1024.jpg 1019w, https:\/\/tierheim-moers.de\/Wordpress\/wp-content\/uploads\/2025\/03\/20250317_174509-300x300.jpg 300w, https:\/\/tierheim-moers.de\/Wordpress\/wp-content\/uploads\/2025\/03\/20250317_174509-150x150.jpg 150w, https:\/\/tierheim-moers.de\/Wordpress\/wp-content\/uploads\/2025\/03\/20250317_174509-768x771.jpg 768w, https:\/\/tierheim-moers.de\/Wordpress\/wp-content\/uploads\/2025\/03\/20250317_174509-1529x1536.jpg 1529w, https:\/\/tierheim-moers.de\/Wordpress\/wp-content\/uploads\/2025\/03\/20250317_174509-2039x2048.jpg 2039w, https:\/\/tierheim-moers.de\/Wordpress\/wp-content\/uploads\/2025\/03\/20250317_174509-268x268.jpg 268w, https:\/\/tierheim-moers.de\/Wordpress\/wp-content\/uploads\/2025\/03\/20250317_174509-700x703.jpg 700w, https:\/\/tierheim-moers.de\/Wordpress\/wp-content\/uploads\/2025\/03\/20250317_174509-1320x1326.jpg 1320w, https:\/\/tierheim-moers.de\/Wordpress\/wp-content\/uploads\/2025\/03\/20250317_174509-45x45.jpg 45w\" sizes=\"(max-width: 1019px) 100vw, 1019px\" \/><\/a><\/figure>\n\n\n\n<figure class=\"wp-block-image size-large\"><a href=\"https:\/\/tierheim-moers.de\/Wordpress\/wp-content\/uploads\/2025\/03\/20250317_174440.jpg\"><img decoding=\"async\" width=\"1017\" height=\"1024\" data-id=\"59683\" src=\"https:\/\/tierheim-moers.de\/Wordpress\/wp-content\/uploads\/2025\/03\/20250317_174440-1017x1024.jpg\" alt=\"\" class=\"wp-image-59683\" srcset=\"https:\/\/tierheim-moers.de\/Wordpress\/wp-content\/uploads\/2025\/03\/20250317_174440-1017x1024.jpg 1017w, https:\/\/tierheim-moers.de\/Wordpress\/wp-content\/uploads\/2025\/03\/20250317_174440-298x300.jpg 298w, https:\/\/tierheim-moers.de\/Wordpress\/wp-content\/uploads\/2025\/03\/20250317_174440-150x150.jpg 150w, https:\/\/tierheim-moers.de\/Wordpress\/wp-content\/uploads\/2025\/03\/20250317_174440-768x773.jpg 768w, https:\/\/tierheim-moers.de\/Wordpress\/wp-content\/uploads\/2025\/03\/20250317_174440-1526x1536.jpg 1526w, https:\/\/tierheim-moers.de\/Wordpress\/wp-content\/uploads\/2025\/03\/20250317_174440-2035x2048.jpg 2035w, https:\/\/tierheim-moers.de\/Wordpress\/wp-content\/uploads\/2025\/03\/20250317_174440-700x705.jpg 700w, https:\/\/tierheim-moers.de\/Wordpress\/wp-content\/uploads\/2025\/03\/20250317_174440-1320x1329.jpg 1320w, https:\/\/tierheim-moers.de\/Wordpress\/wp-content\/uploads\/2025\/03\/20250317_174440-45x45.jpg 45w\" sizes=\"(max-width: 1017px) 100vw, 1017px\" \/><\/a><\/figure>\n<\/figure>\n\n\n\n<p><\/p>\n\n\n\n<p>So, nun haben wir das ganze Contra-Paket offengelegt und es bleibt die Frage stehen, warum um Himmels willen, man eine solche Katze zu sich holen sollte &#8230; daf\u00fcr beschreiben wir ihn einfach, wie wir ihn sehen und erleben:<\/p>\n\n\n\n<p>Carlos ist kein Kater f\u00fcr jedermann. Man muss sich das Vertrauen des sensiblen Katers erarbeiten und verdienen. Genau das macht es zu etwas sehr besonderem, wenn man zu dem Kreis geh\u00f6rt, von dem er seine Herztablette problemlos nimmt &#8230; wenn man seine Abwehrhaltung \u00fcberwunden hat und mit K\u00f6pfchen statt mit flinker Pfote begr\u00fc\u00dft wird &#8230; wenn man als Liegeplatz f\u00fcr eine Streicheleinheit ausgew\u00e4hlt wird.<\/p>\n\n\n\n<p>Carlos mag keinerlei Hektik und hilft dem ein oder anderen dadurch, sein eigenes Verhalten zu reflektieren und auch mal zu entschleunigen &#8230; sich einfach neben Carlos zu setzen und zu verstehen, wie wertvoll es ist, in Ruhe den Moment zu genie\u00dfen &#8211; gemeinsam.<\/p>\n\n\n\n<p>Carlos wei\u00df, wer er ist und was er will &#8230; und genau daf\u00fcr muss man ihn lieben.<\/p>\n\n\n\n<div style=\"height:100px\" aria-hidden=\"true\" class=\"wp-block-spacer\"><\/div>\n\n\n\n<p><strong>Juli 2024<\/strong><\/p>\n\n\n\n<p>Der sensible Carlos aus dem Schrank hat sich mit dem Tierheimalltag arrangiert, ist jedoch mit der Gesamtsituation nicht wirklich zufrieden.<\/p>\n\n\n\n<p>Streicheleinheiten sind tagesformabh\u00e4ngig und vertrauten Personen vorbehalten. Wenn er verunsichert ist, lernt man seine flinke Pfote kennen. Wir sind sicher, dass er in einem ruhigen Umfeld ohne andere Katzen zufriedener und zug\u00e4nglicher sein wird.<\/p>\n\n\n\n<p><\/p>\n\n\n\n<figure class=\"wp-block-gallery has-nested-images columns-default is-cropped wp-block-gallery-2 is-layout-flex wp-block-gallery-is-layout-flex\">\n<figure class=\"wp-block-image size-large\"><a href=\"https:\/\/tierheim-moers.de\/Wordpress\/wp-content\/uploads\/2024\/07\/20240723_095200.jpg\"><img loading=\"lazy\" decoding=\"async\" width=\"1024\" height=\"741\" data-id=\"57598\" src=\"https:\/\/tierheim-moers.de\/Wordpress\/wp-content\/uploads\/2024\/07\/20240723_095200-1024x741.jpg\" alt=\"\" class=\"wp-image-57598\" srcset=\"https:\/\/tierheim-moers.de\/Wordpress\/wp-content\/uploads\/2024\/07\/20240723_095200-1024x741.jpg 1024w, https:\/\/tierheim-moers.de\/Wordpress\/wp-content\/uploads\/2024\/07\/20240723_095200-300x217.jpg 300w, https:\/\/tierheim-moers.de\/Wordpress\/wp-content\/uploads\/2024\/07\/20240723_095200-768x556.jpg 768w, https:\/\/tierheim-moers.de\/Wordpress\/wp-content\/uploads\/2024\/07\/20240723_095200-1536x1112.jpg 1536w, https:\/\/tierheim-moers.de\/Wordpress\/wp-content\/uploads\/2024\/07\/20240723_095200-2048x1483.jpg 2048w, https:\/\/tierheim-moers.de\/Wordpress\/wp-content\/uploads\/2024\/07\/20240723_095200-700x507.jpg 700w, https:\/\/tierheim-moers.de\/Wordpress\/wp-content\/uploads\/2024\/07\/20240723_095200-1320x956.jpg 1320w\" sizes=\"(max-width: 1024px) 100vw, 1024px\" \/><\/a><\/figure>\n\n\n\n<figure class=\"wp-block-image size-large\"><a href=\"https:\/\/tierheim-moers.de\/Wordpress\/wp-content\/uploads\/2024\/07\/20240723_095121-scaled.jpg\"><img loading=\"lazy\" decoding=\"async\" width=\"791\" height=\"1024\" data-id=\"57600\" src=\"https:\/\/tierheim-moers.de\/Wordpress\/wp-content\/uploads\/2024\/07\/20240723_095121-791x1024.jpg\" alt=\"\" class=\"wp-image-57600\" srcset=\"https:\/\/tierheim-moers.de\/Wordpress\/wp-content\/uploads\/2024\/07\/20240723_095121-791x1024.jpg 791w, https:\/\/tierheim-moers.de\/Wordpress\/wp-content\/uploads\/2024\/07\/20240723_095121-232x300.jpg 232w, https:\/\/tierheim-moers.de\/Wordpress\/wp-content\/uploads\/2024\/07\/20240723_095121-768x994.jpg 768w, https:\/\/tierheim-moers.de\/Wordpress\/wp-content\/uploads\/2024\/07\/20240723_095121-1187x1536.jpg 1187w, https:\/\/tierheim-moers.de\/Wordpress\/wp-content\/uploads\/2024\/07\/20240723_095121-1583x2048.jpg 1583w, https:\/\/tierheim-moers.de\/Wordpress\/wp-content\/uploads\/2024\/07\/20240723_095121-700x906.jpg 700w, https:\/\/tierheim-moers.de\/Wordpress\/wp-content\/uploads\/2024\/07\/20240723_095121-1320x1708.jpg 1320w, https:\/\/tierheim-moers.de\/Wordpress\/wp-content\/uploads\/2024\/07\/20240723_095121-scaled.jpg 1979w\" sizes=\"(max-width: 791px) 100vw, 791px\" \/><\/a><\/figure>\n<\/figure>\n\n\n\n<p><br>Inzwischen verfehlt Carlos f\u00fcr das kleine Gesch\u00e4ft \u00f6fters mal die Katzentoilette, trifft jedoch immer die extra ausgelegten Pipi-Matten. <\/p>\n\n\n\n<p>Es ist schwer abzugrenzen, ob er sich mit den anderen Katzen unwohl f\u00fchlt oder ob er vielleicht ein Schmerzged\u00e4chtnis hat aufgrund der Struvit-Steine. Wir werden das weiter beobachten, aber in einem neuen Zuhause br\u00e4uchte es sicherlich ein &#8220;Pipi-Management&#8221;.<\/p>\n\n\n\n<div style=\"height:100px\" aria-hidden=\"true\" class=\"wp-block-spacer\"><\/div>\n\n\n\n<p><strong>M\u00e4rz 2024<\/strong><\/p>\n\n\n\n<p>Der 12j\u00e4hrige Kater Carlos wurde zu uns gebracht, weil er im alten Zuhause wiederholt unsauber war.<\/p>\n\n\n\n<p>Zwar wurde er dem Tierarzt vorgestellt, der Struvit-Steine als Ursache fand und auch behandelte, aber die sporadische Unsauberkeit blieb.<\/p>\n\n\n\n<p><\/p>\n\n\n\n<figure class=\"wp-block-gallery has-nested-images columns-default is-cropped wp-block-gallery-3 is-layout-flex wp-block-gallery-is-layout-flex\">\n<figure class=\"wp-block-image size-large\"><a href=\"https:\/\/tierheim-moers.de\/Wordpress\/wp-content\/uploads\/2024\/03\/20240309_145050.jpg\"><img loading=\"lazy\" decoding=\"async\" width=\"1024\" height=\"1019\" data-id=\"56604\" src=\"https:\/\/tierheim-moers.de\/Wordpress\/wp-content\/uploads\/2024\/03\/20240309_145050-1024x1019.jpg\" alt=\"\" class=\"wp-image-56604\" srcset=\"https:\/\/tierheim-moers.de\/Wordpress\/wp-content\/uploads\/2024\/03\/20240309_145050-1024x1019.jpg 1024w, https:\/\/tierheim-moers.de\/Wordpress\/wp-content\/uploads\/2024\/03\/20240309_145050-300x298.jpg 300w, https:\/\/tierheim-moers.de\/Wordpress\/wp-content\/uploads\/2024\/03\/20240309_145050-150x150.jpg 150w, https:\/\/tierheim-moers.de\/Wordpress\/wp-content\/uploads\/2024\/03\/20240309_145050-768x764.jpg 768w, https:\/\/tierheim-moers.de\/Wordpress\/wp-content\/uploads\/2024\/03\/20240309_145050-1536x1528.jpg 1536w, https:\/\/tierheim-moers.de\/Wordpress\/wp-content\/uploads\/2024\/03\/20240309_145050-2048x2037.jpg 2048w, https:\/\/tierheim-moers.de\/Wordpress\/wp-content\/uploads\/2024\/03\/20240309_145050-268x268.jpg 268w, https:\/\/tierheim-moers.de\/Wordpress\/wp-content\/uploads\/2024\/03\/20240309_145050-700x696.jpg 700w, https:\/\/tierheim-moers.de\/Wordpress\/wp-content\/uploads\/2024\/03\/20240309_145050-1320x1313.jpg 1320w, https:\/\/tierheim-moers.de\/Wordpress\/wp-content\/uploads\/2024\/03\/20240309_145050-45x45.jpg 45w\" sizes=\"(max-width: 1024px) 100vw, 1024px\" \/><\/a><\/figure>\n\n\n\n<figure class=\"wp-block-image size-large\"><a href=\"https:\/\/tierheim-moers.de\/Wordpress\/wp-content\/uploads\/2024\/03\/20240309_142242-scaled.jpg\"><img loading=\"lazy\" decoding=\"async\" width=\"1024\" height=\"1010\" data-id=\"56596\" src=\"https:\/\/tierheim-moers.de\/Wordpress\/wp-content\/uploads\/2024\/03\/20240309_142242-1024x1010.jpg\" alt=\"\" class=\"wp-image-56596\" srcset=\"https:\/\/tierheim-moers.de\/Wordpress\/wp-content\/uploads\/2024\/03\/20240309_142242-1024x1010.jpg 1024w, https:\/\/tierheim-moers.de\/Wordpress\/wp-content\/uploads\/2024\/03\/20240309_142242-300x296.jpg 300w, https:\/\/tierheim-moers.de\/Wordpress\/wp-content\/uploads\/2024\/03\/20240309_142242-768x758.jpg 768w, https:\/\/tierheim-moers.de\/Wordpress\/wp-content\/uploads\/2024\/03\/20240309_142242-1536x1515.jpg 1536w, https:\/\/tierheim-moers.de\/Wordpress\/wp-content\/uploads\/2024\/03\/20240309_142242-2048x2020.jpg 2048w, https:\/\/tierheim-moers.de\/Wordpress\/wp-content\/uploads\/2024\/03\/20240309_142242-700x691.jpg 700w, https:\/\/tierheim-moers.de\/Wordpress\/wp-content\/uploads\/2024\/03\/20240309_142242-1320x1302.jpg 1320w, https:\/\/tierheim-moers.de\/Wordpress\/wp-content\/uploads\/2024\/03\/20240309_142242-45x45.jpg 45w\" sizes=\"(max-width: 1024px) 100vw, 1024px\" \/><\/a><\/figure>\n<\/figure>\n\n\n\n<p><\/p>\n\n\n\n<p>Wir haben Carlos bisher als sehr ruhigen und empfindsamen Kater kennengelernt. Er genie\u00dft Zuwendung und Streicheleinheiten, fordert sie bisher jedoch nicht bei uns ein.<\/p>\n\n\n\n<p>Carlos sucht derzeit Sicherheit im R\u00fcckzug.<\/p>\n\n\n\n<p><\/p>\n\n\n\n<figure class=\"wp-block-gallery has-nested-images columns-default is-cropped wp-block-gallery-4 is-layout-flex wp-block-gallery-is-layout-flex\">\n<figure class=\"wp-block-image size-large\"><a href=\"https:\/\/tierheim-moers.de\/Wordpress\/wp-content\/uploads\/2024\/03\/20240309_145128.jpg\"><img loading=\"lazy\" decoding=\"async\" width=\"1024\" height=\"1003\" data-id=\"56602\" src=\"https:\/\/tierheim-moers.de\/Wordpress\/wp-content\/uploads\/2024\/03\/20240309_145128-1024x1003.jpg\" alt=\"\" class=\"wp-image-56602\" srcset=\"https:\/\/tierheim-moers.de\/Wordpress\/wp-content\/uploads\/2024\/03\/20240309_145128-1024x1003.jpg 1024w, https:\/\/tierheim-moers.de\/Wordpress\/wp-content\/uploads\/2024\/03\/20240309_145128-300x294.jpg 300w, https:\/\/tierheim-moers.de\/Wordpress\/wp-content\/uploads\/2024\/03\/20240309_145128-768x753.jpg 768w, https:\/\/tierheim-moers.de\/Wordpress\/wp-content\/uploads\/2024\/03\/20240309_145128-1536x1505.jpg 1536w, https:\/\/tierheim-moers.de\/Wordpress\/wp-content\/uploads\/2024\/03\/20240309_145128-2048x2007.jpg 2048w, https:\/\/tierheim-moers.de\/Wordpress\/wp-content\/uploads\/2024\/03\/20240309_145128-700x686.jpg 700w, https:\/\/tierheim-moers.de\/Wordpress\/wp-content\/uploads\/2024\/03\/20240309_145128-1320x1293.jpg 1320w, https:\/\/tierheim-moers.de\/Wordpress\/wp-content\/uploads\/2024\/03\/20240309_145128-45x45.jpg 45w\" sizes=\"(max-width: 1024px) 100vw, 1024px\" \/><\/a><\/figure>\n<\/figure>\n\n\n\n<p><\/p>\n\n\n\n<p>Bei der Eingangsuntersuchung fiel ein Herzger\u00e4usch auf und der daraufhin vorgenommene Herzultraschall best\u00e4tigte, dass Carlos zur Unterst\u00fctzung t\u00e4glich Tabletten ben\u00f6tigt.<\/p>\n\n\n\n<p>Auf die Ergebnisse des Blutbildes warten wir derzeit noch.<\/p>\n\n\n\n<p>Bisher zeigt Carlos bei uns keine Unsauberkeit. Es ist gut m\u00f6glich, dass neben den Struvit-Steinen auch andere organische Ursachen zur Unsauberkeit beigetragen haben. Sobald uns ein Gesamtbild vorliegt, werden wir die Beschreibung aktualisieren.<\/p>\n\n\n\n<p>Carlos sucht ein ruhiges Zuhause mit einem abgesicherten Balkon.<\/p>\n\n\n\n<p><em>Spontane Besuche sind leider nicht m\u00f6glich. Bei Interesse an Carlos stehen die vermittelnden Kollegen f\u00fcr telefonische Erstgespr\u00e4che von Montag bis Freitag von 14 \u2013 17 Uhr und Samstag von 13 \u2013 16 Uhr zur Verf\u00fcgung.<\/em><\/p>\n\n\n\n<p><em>Wir bitten darum, sich an diese Zeiten zu halten, da nach den regul\u00e4ren Telefonzeiten alle Gespr\u00e4che in den Notdienst umgeleitet werden und dieser nat\u00fcrlich Notf\u00e4llen vorbehalten ist.<\/em><\/p>\n\n\n\n<p><em>Alternativ erreichen Sie die vermittelnden Kollegen auch per Email: tierpfleger@tierheim-moers.de<\/em><\/p>\n\n\n\n<p><\/p>\n<div class=\"shariff shariff-align-flex-start shariff-widget-align-center\" data-url=\"https%3A%2F%2Ftierheim-moers.de%2FWordpress%2Fcarlos-ein-sensibler-zeitgenosse%2F\" data-timestamp=\"1761816967\" data-hidezero=\"1\" data-backendurl=\"https:\/\/tierheim-moers.de\/Wordpress\/wp-json\/shariff\/v1\/share_counts?\"><ul class=\"shariff-buttons theme-round orientation-horizontal buttonsize-small\"><li class=\"shariff-button facebook shariff-nocustomcolor\" style=\"background-color:#4273c8\"><a href=\"https:\/\/www.facebook.com\/sharer\/sharer.php?u=https%3A%2F%2Ftierheim-moers.de%2FWordpress%2Fcarlos-ein-sensibler-zeitgenosse%2F\" title=\"Bei Facebook teilen\" aria-label=\"Bei Facebook teilen\" role=\"button\" rel=\"nofollow\" class=\"shariff-link\" style=\"; background-color:#3b5998; color:#fff\" target=\"_blank\"><span class=\"shariff-icon\" style=\"\"><svg width=\"32px\" height=\"20px\" xmlns=\"http:\/\/www.w3.org\/2000\/svg\" viewBox=\"0 0 18 32\"><path fill=\"#3b5998\" d=\"M17.1 0.2v4.7h-2.8q-1.5 0-2.1 0.6t-0.5 1.9v3.4h5.2l-0.7 5.3h-4.5v13.6h-5.5v-13.6h-4.5v-5.3h4.5v-3.9q0-3.3 1.9-5.2t5-1.8q2.6 0 4.1 0.2z\"\/><\/svg><\/span><\/a><\/li><li class=\"shariff-button twitter shariff-nocustomcolor\" style=\"background-color:#595959\"><a href=\"https:\/\/twitter.com\/share?url=https%3A%2F%2Ftierheim-moers.de%2FWordpress%2Fcarlos-ein-sensibler-zeitgenosse%2F&text=Carlos%20%E2%80%A6%20besonderer%20Kater%20sucht%20besonderen%20Menschen%20%E2%80%93%20vermittelt%2029.10.2025\" title=\"Bei X teilen\" aria-label=\"Bei X teilen\" role=\"button\" rel=\"noopener nofollow\" class=\"shariff-link\" style=\"; background-color:#000; color:#fff\" target=\"_blank\"><span class=\"shariff-icon\" style=\"\"><svg width=\"32px\" height=\"20px\" xmlns=\"http:\/\/www.w3.org\/2000\/svg\" viewBox=\"0 0 24 24\"><path fill=\"#000\" d=\"M14.258 10.152L23.176 0h-2.113l-7.747 8.813L7.133 0H0l9.352 13.328L0 23.973h2.113l8.176-9.309 6.531 9.309h7.133zm-2.895 3.293l-.949-1.328L2.875 1.56h3.246l6.086 8.523.945 1.328 7.91 11.078h-3.246zm0 0\"\/><\/svg><\/span><\/a><\/li><li class=\"shariff-button whatsapp shariff-nocustomcolor\" style=\"background-color:#5cbe4a\"><a href=\"https:\/\/api.whatsapp.com\/send?text=https%3A%2F%2Ftierheim-moers.de%2FWordpress%2Fcarlos-ein-sensibler-zeitgenosse%2F%20Carlos%20%E2%80%A6%20besonderer%20Kater%20sucht%20besonderen%20Menschen%20%E2%80%93%20vermittelt%2029.10.2025\" title=\"Bei Whatsapp teilen\" aria-label=\"Bei Whatsapp teilen\" role=\"button\" rel=\"noopener nofollow\" class=\"shariff-link\" style=\"; background-color:#34af23; color:#fff\" target=\"_blank\"><span class=\"shariff-icon\" style=\"\"><svg width=\"32px\" height=\"20px\" xmlns=\"http:\/\/www.w3.org\/2000\/svg\" viewBox=\"0 0 32 32\"><path fill=\"#34af23\" d=\"M17.6 17.4q0.2 0 1.7 0.8t1.6 0.9q0 0.1 0 0.3 0 0.6-0.3 1.4-0.3 0.7-1.3 1.2t-1.8 0.5q-1 0-3.4-1.1-1.7-0.8-3-2.1t-2.6-3.3q-1.3-1.9-1.3-3.5v-0.1q0.1-1.6 1.3-2.8 0.4-0.4 0.9-0.4 0.1 0 0.3 0t0.3 0q0.3 0 0.5 0.1t0.3 0.5q0.1 0.4 0.6 1.6t0.4 1.3q0 0.4-0.6 1t-0.6 0.8q0 0.1 0.1 0.3 0.6 1.3 1.8 2.4 1 0.9 2.7 1.8 0.2 0.1 0.4 0.1 0.3 0 1-0.9t0.9-0.9zM14 26.9q2.3 0 4.3-0.9t3.6-2.4 2.4-3.6 0.9-4.3-0.9-4.3-2.4-3.6-3.6-2.4-4.3-0.9-4.3 0.9-3.6 2.4-2.4 3.6-0.9 4.3q0 3.6 2.1 6.6l-1.4 4.2 4.3-1.4q2.8 1.9 6.2 1.9zM14 2.2q2.7 0 5.2 1.1t4.3 2.9 2.9 4.3 1.1 5.2-1.1 5.2-2.9 4.3-4.3 2.9-5.2 1.1q-3.5 0-6.5-1.7l-7.4 2.4 2.4-7.2q-1.9-3.2-1.9-6.9 0-2.7 1.1-5.2t2.9-4.3 4.3-2.9 5.2-1.1z\"\/><\/svg><\/span><\/a><\/li><li class=\"shariff-button sms shariff-nocustomcolor shariff-mobile\" style=\"background-color:#d7d9d8\"><a href=\"sms:?&body=https%3A%2F%2Ftierheim-moers.de%2FWordpress%2Fcarlos-ein-sensibler-zeitgenosse%2F\" title=\"Per SMS teilen\" aria-label=\"Per SMS teilen\" role=\"button\" rel=\"noopener nofollow\" class=\"shariff-link\" style=\"; background-color:#a1e877; color:#fff\" target=\"_blank\"><span class=\"shariff-icon\" style=\"\"><svg xmlns=\"http:\/\/www.w3.org\/2000\/svg\" width=\"510\" height=\"510\" viewBox=\"0 0 510 510\"><path fill=\"#a1e877\" d=\"M459 0H51C23 0 0 23 0 51v459l102-102h357c28.1 0 51-22.9 51-51V51C510 23 487.1 0 459 0zM178.5 229.5h-51v-51h51V229.5zM280.5 229.5h-51v-51h51V229.5zM382.5 229.5h-51v-51h51V229.5z\"\/><\/svg><\/span><\/a><\/li><\/ul><\/div>","protected":false},"excerpt":{"rendered":"<p>Juni 2025 Im Februar 2024 kam Carlos zu uns zur\u00fcck und wartet seit dem auf einen Dosen\u00f6ffner, der ihn versteht. Carlos ist kein Kater f\u00fcr jedermann &#8211; er \u00f6ffnet sein Herz langsam und nicht f\u00fcr jeden. Aber er hat sich ver\u00e4ndert, seit Miki ausgezogen ist. Wir wussten immer, dass die &#8230;<\/p>\n","protected":false},"author":7,"featured_media":59682,"comment_status":"closed","ping_status":"open","sticky":false,"template":"","format":"standard","meta":{"ngg_post_thumbnail":0,"footnotes":""},"categories":[10],"tags":[],"class_list":["post-56609","post","type-post","status-publish","format-standard","has-post-thumbnail","hentry","category-vermittelt","column","threecol","has-thumbnail"],"yoast_head":"<!-- This site is optimized with the Yoast SEO plugin v24.6 - https:\/\/yoast.com\/wordpress\/plugins\/seo\/ -->\n<title>Carlos ... besonderer Kater sucht besonderen Menschen - vermittelt 29.10.2025 | TIERHEIM MOERS<\/title>\n<meta name=\"robots\" content=\"index, follow, max-snippet:-1, max-image-preview:large, max-video-preview:-1\" \/>\n<link rel=\"canonical\" href=\"https:\/\/tierheim-moers.de\/Wordpress\/carlos-ein-sensibler-zeitgenosse\/\" \/>\n<meta property=\"og:locale\" content=\"de_DE\" \/>\n<meta property=\"og:type\" content=\"article\" \/>\n<meta property=\"og:title\" content=\"Carlos ... besonderer Kater sucht besonderen Menschen - vermittelt 29.10.2025 | TIERHEIM MOERS\" \/>\n<meta property=\"og:description\" content=\"Juni 2025 Im Februar 2024 kam Carlos zu uns zur\u00fcck und wartet seit dem auf einen Dosen\u00f6ffner, der ihn versteht. Carlos ist &#8230;\" \/>\n<meta property=\"og:url\" content=\"https:\/\/tierheim-moers.de\/Wordpress\/carlos-ein-sensibler-zeitgenosse\/\" \/>\n<meta property=\"og:site_name\" content=\"TIERHEIM MOERS\" \/>\n<meta property=\"article:publisher\" content=\"https:\/\/de-de.facebook.com\/moers.tierheim\" \/>\n<meta property=\"article:published_time\" content=\"2025-10-30T07:36:04+00:00\" \/>\n<meta property=\"article:modified_time\" content=\"2025-10-30T07:36:07+00:00\" \/>\n<meta property=\"og:image\" content=\"https:\/\/tierheim-moers.de\/Wordpress\/wp-content\/uploads\/2025\/03\/20250317_174339-e1742369337358.jpg\" \/>\n\t<meta property=\"og:image:width\" content=\"1742\" \/>\n\t<meta property=\"og:image:height\" content=\"1054\" \/>\n\t<meta property=\"og:image:type\" content=\"image\/jpeg\" \/>\n<meta name=\"author\" content=\"Kathrin Novotny\" \/>\n<meta name=\"twitter:card\" content=\"summary_large_image\" \/>\n<meta name=\"twitter:label1\" content=\"Verfasst von\" \/>\n\t<meta name=\"twitter:data1\" content=\"Kathrin Novotny\" \/>\n\t<meta name=\"twitter:label2\" content=\"Gesch\u00e4tzte Lesezeit\" \/>\n\t<meta name=\"twitter:data2\" content=\"7\u00a0Minuten\" \/>\n<script type=\"application\/ld+json\" class=\"yoast-schema-graph\">{\"@context\":\"https:\/\/schema.org\",\"@graph\":[{\"@type\":\"Article\",\"@id\":\"https:\/\/tierheim-moers.de\/Wordpress\/carlos-ein-sensibler-zeitgenosse\/#article\",\"isPartOf\":{\"@id\":\"https:\/\/tierheim-moers.de\/Wordpress\/carlos-ein-sensibler-zeitgenosse\/\"},\"author\":{\"name\":\"Kathrin Novotny\",\"@id\":\"https:\/\/tierheim-moers.de\/Wordpress\/#\/schema\/person\/167de77fdd5ff85153606cdd34a5ffbc\"},\"headline\":\"Carlos &#8230; besonderer Kater sucht besonderen Menschen &#8211; vermittelt 29.10.2025\",\"datePublished\":\"2025-10-30T07:36:04+00:00\",\"dateModified\":\"2025-10-30T07:36:07+00:00\",\"mainEntityOfPage\":{\"@id\":\"https:\/\/tierheim-moers.de\/Wordpress\/carlos-ein-sensibler-zeitgenosse\/\"},\"wordCount\":822,\"publisher\":{\"@id\":\"https:\/\/tierheim-moers.de\/Wordpress\/#organization\"},\"image\":{\"@id\":\"https:\/\/tierheim-moers.de\/Wordpress\/carlos-ein-sensibler-zeitgenosse\/#primaryimage\"},\"thumbnailUrl\":\"https:\/\/tierheim-moers.de\/Wordpress\/wp-content\/uploads\/2025\/03\/20250317_174339-e1742369337358.jpg\",\"articleSection\":[\"Vermittelt\"],\"inLanguage\":\"de\"},{\"@type\":\"WebPage\",\"@id\":\"https:\/\/tierheim-moers.de\/Wordpress\/carlos-ein-sensibler-zeitgenosse\/\",\"url\":\"https:\/\/tierheim-moers.de\/Wordpress\/carlos-ein-sensibler-zeitgenosse\/\",\"name\":\"Carlos ... besonderer Kater sucht besonderen Menschen - vermittelt 29.10.2025 | TIERHEIM MOERS\",\"isPartOf\":{\"@id\":\"https:\/\/tierheim-moers.de\/Wordpress\/#website\"},\"primaryImageOfPage\":{\"@id\":\"https:\/\/tierheim-moers.de\/Wordpress\/carlos-ein-sensibler-zeitgenosse\/#primaryimage\"},\"image\":{\"@id\":\"https:\/\/tierheim-moers.de\/Wordpress\/carlos-ein-sensibler-zeitgenosse\/#primaryimage\"},\"thumbnailUrl\":\"https:\/\/tierheim-moers.de\/Wordpress\/wp-content\/uploads\/2025\/03\/20250317_174339-e1742369337358.jpg\",\"datePublished\":\"2025-10-30T07:36:04+00:00\",\"dateModified\":\"2025-10-30T07:36:07+00:00\",\"breadcrumb\":{\"@id\":\"https:\/\/tierheim-moers.de\/Wordpress\/carlos-ein-sensibler-zeitgenosse\/#breadcrumb\"},\"inLanguage\":\"de\",\"potentialAction\":[{\"@type\":\"ReadAction\",\"target\":[\"https:\/\/tierheim-moers.de\/Wordpress\/carlos-ein-sensibler-zeitgenosse\/\"]}]},{\"@type\":\"ImageObject\",\"inLanguage\":\"de\",\"@id\":\"https:\/\/tierheim-moers.de\/Wordpress\/carlos-ein-sensibler-zeitgenosse\/#primaryimage\",\"url\":\"https:\/\/tierheim-moers.de\/Wordpress\/wp-content\/uploads\/2025\/03\/20250317_174339-e1742369337358.jpg\",\"contentUrl\":\"https:\/\/tierheim-moers.de\/Wordpress\/wp-content\/uploads\/2025\/03\/20250317_174339-e1742369337358.jpg\",\"width\":1742,\"height\":1054},{\"@type\":\"BreadcrumbList\",\"@id\":\"https:\/\/tierheim-moers.de\/Wordpress\/carlos-ein-sensibler-zeitgenosse\/#breadcrumb\",\"itemListElement\":[{\"@type\":\"ListItem\",\"position\":1,\"name\":\"Startseite\",\"item\":\"https:\/\/tierheim-moers.de\/Wordpress\/\"},{\"@type\":\"ListItem\",\"position\":2,\"name\":\"Carlos &#8230; besonderer Kater sucht besonderen Menschen &#8211; vermittelt 29.10.2025\"}]},{\"@type\":\"WebSite\",\"@id\":\"https:\/\/tierheim-moers.de\/Wordpress\/#website\",\"url\":\"https:\/\/tierheim-moers.de\/Wordpress\/\",\"name\":\"Tierheim Moers\",\"description\":\"Tierheim | Hundepension | Tierschutz | Moers\",\"publisher\":{\"@id\":\"https:\/\/tierheim-moers.de\/Wordpress\/#organization\"},\"potentialAction\":[{\"@type\":\"SearchAction\",\"target\":{\"@type\":\"EntryPoint\",\"urlTemplate\":\"https:\/\/tierheim-moers.de\/Wordpress\/?s={search_term_string}\"},\"query-input\":{\"@type\":\"PropertyValueSpecification\",\"valueRequired\":true,\"valueName\":\"search_term_string\"}}],\"inLanguage\":\"de\"},{\"@type\":\"Organization\",\"@id\":\"https:\/\/tierheim-moers.de\/Wordpress\/#organization\",\"name\":\"Tierheim Moers\",\"url\":\"https:\/\/tierheim-moers.de\/Wordpress\/\",\"logo\":{\"@type\":\"ImageObject\",\"inLanguage\":\"de\",\"@id\":\"https:\/\/tierheim-moers.de\/Wordpress\/#\/schema\/logo\/image\/\",\"url\":\"https:\/\/tierheim-moers.de\/Wordpress\/wp-content\/uploads\/2014\/04\/Logo-TSV-Moers-V01-RGB-300.png\",\"contentUrl\":\"https:\/\/tierheim-moers.de\/Wordpress\/wp-content\/uploads\/2014\/04\/Logo-TSV-Moers-V01-RGB-300.png\",\"width\":1052,\"height\":1038,\"caption\":\"Tierheim Moers\"},\"image\":{\"@id\":\"https:\/\/tierheim-moers.de\/Wordpress\/#\/schema\/logo\/image\/\"},\"sameAs\":[\"https:\/\/de-de.facebook.com\/moers.tierheim\"]},{\"@type\":\"Person\",\"@id\":\"https:\/\/tierheim-moers.de\/Wordpress\/#\/schema\/person\/167de77fdd5ff85153606cdd34a5ffbc\",\"name\":\"Kathrin Novotny\",\"image\":{\"@type\":\"ImageObject\",\"inLanguage\":\"de\",\"@id\":\"https:\/\/tierheim-moers.de\/Wordpress\/#\/schema\/person\/image\/\",\"url\":\"https:\/\/secure.gravatar.com\/avatar\/8dbd3a3cd58d0e299cb5bd95a6d53c79eebe36713eda62bbb3c41a749d06346f?s=96&d=mm&r=g\",\"contentUrl\":\"https:\/\/secure.gravatar.com\/avatar\/8dbd3a3cd58d0e299cb5bd95a6d53c79eebe36713eda62bbb3c41a749d06346f?s=96&d=mm&r=g\",\"caption\":\"Kathrin Novotny\"},\"url\":\"https:\/\/tierheim-moers.de\/Wordpress\/author\/kathrin\/\"}]}<\/script>\n<!-- \/ Yoast SEO plugin. -->","yoast_head_json":{"title":"Carlos ... besonderer Kater sucht besonderen Menschen - vermittelt 29.10.2025 | TIERHEIM MOERS","robots":{"index":"index","follow":"follow","max-snippet":"max-snippet:-1","max-image-preview":"max-image-preview:large","max-video-preview":"max-video-preview:-1"},"canonical":"https:\/\/tierheim-moers.de\/Wordpress\/carlos-ein-sensibler-zeitgenosse\/","og_locale":"de_DE","og_type":"article","og_title":"Carlos ... besonderer Kater sucht besonderen Menschen - vermittelt 29.10.2025 | TIERHEIM MOERS","og_description":"Juni 2025 Im Februar 2024 kam Carlos zu uns zur\u00fcck und wartet seit dem auf einen Dosen\u00f6ffner, der ihn versteht. Carlos ist &#8230;","og_url":"https:\/\/tierheim-moers.de\/Wordpress\/carlos-ein-sensibler-zeitgenosse\/","og_site_name":"TIERHEIM MOERS","article_publisher":"https:\/\/de-de.facebook.com\/moers.tierheim","article_published_time":"2025-10-30T07:36:04+00:00","article_modified_time":"2025-10-30T07:36:07+00:00","og_image":[{"width":1742,"height":1054,"url":"https:\/\/tierheim-moers.de\/Wordpress\/wp-content\/uploads\/2025\/03\/20250317_174339-e1742369337358.jpg","type":"image\/jpeg"}],"author":"Kathrin Novotny","twitter_card":"summary_large_image","twitter_misc":{"Verfasst von":"Kathrin Novotny","Gesch\u00e4tzte Lesezeit":"7\u00a0Minuten"},"schema":{"@context":"https:\/\/schema.org","@graph":[{"@type":"Article","@id":"https:\/\/tierheim-moers.de\/Wordpress\/carlos-ein-sensibler-zeitgenosse\/#article","isPartOf":{"@id":"https:\/\/tierheim-moers.de\/Wordpress\/carlos-ein-sensibler-zeitgenosse\/"},"author":{"name":"Kathrin Novotny","@id":"https:\/\/tierheim-moers.de\/Wordpress\/#\/schema\/person\/167de77fdd5ff85153606cdd34a5ffbc"},"headline":"Carlos &#8230; besonderer Kater sucht besonderen Menschen &#8211; vermittelt 29.10.2025","datePublished":"2025-10-30T07:36:04+00:00","dateModified":"2025-10-30T07:36:07+00:00","mainEntityOfPage":{"@id":"https:\/\/tierheim-moers.de\/Wordpress\/carlos-ein-sensibler-zeitgenosse\/"},"wordCount":822,"publisher":{"@id":"https:\/\/tierheim-moers.de\/Wordpress\/#organization"},"image":{"@id":"https:\/\/tierheim-moers.de\/Wordpress\/carlos-ein-sensibler-zeitgenosse\/#primaryimage"},"thumbnailUrl":"https:\/\/tierheim-moers.de\/Wordpress\/wp-content\/uploads\/2025\/03\/20250317_174339-e1742369337358.jpg","articleSection":["Vermittelt"],"inLanguage":"de"},{"@type":"WebPage","@id":"https:\/\/tierheim-moers.de\/Wordpress\/carlos-ein-sensibler-zeitgenosse\/","url":"https:\/\/tierheim-moers.de\/Wordpress\/carlos-ein-sensibler-zeitgenosse\/","name":"Carlos ... besonderer Kater sucht besonderen Menschen - vermittelt 29.10.2025 | TIERHEIM MOERS","isPartOf":{"@id":"https:\/\/tierheim-moers.de\/Wordpress\/#website"},"primaryImageOfPage":{"@id":"https:\/\/tierheim-moers.de\/Wordpress\/carlos-ein-sensibler-zeitgenosse\/#primaryimage"},"image":{"@id":"https:\/\/tierheim-moers.de\/Wordpress\/carlos-ein-sensibler-zeitgenosse\/#primaryimage"},"thumbnailUrl":"https:\/\/tierheim-moers.de\/Wordpress\/wp-content\/uploads\/2025\/03\/20250317_174339-e1742369337358.jpg","datePublished":"2025-10-30T07:36:04+00:00","dateModified":"2025-10-30T07:36:07+00:00","breadcrumb":{"@id":"https:\/\/tierheim-moers.de\/Wordpress\/carlos-ein-sensibler-zeitgenosse\/#breadcrumb"},"inLanguage":"de","potentialAction":[{"@type":"ReadAction","target":["https:\/\/tierheim-moers.de\/Wordpress\/carlos-ein-sensibler-zeitgenosse\/"]}]},{"@type":"ImageObject","inLanguage":"de","@id":"https:\/\/tierheim-moers.de\/Wordpress\/carlos-ein-sensibler-zeitgenosse\/#primaryimage","url":"https:\/\/tierheim-moers.de\/Wordpress\/wp-content\/uploads\/2025\/03\/20250317_174339-e1742369337358.jpg","contentUrl":"https:\/\/tierheim-moers.de\/Wordpress\/wp-content\/uploads\/2025\/03\/20250317_174339-e1742369337358.jpg","width":1742,"height":1054},{"@type":"BreadcrumbList","@id":"https:\/\/tierheim-moers.de\/Wordpress\/carlos-ein-sensibler-zeitgenosse\/#breadcrumb","itemListElement":[{"@type":"ListItem","position":1,"name":"Startseite","item":"https:\/\/tierheim-moers.de\/Wordpress\/"},{"@type":"ListItem","position":2,"name":"Carlos &#8230; besonderer Kater sucht besonderen Menschen &#8211; vermittelt 29.10.2025"}]},{"@type":"WebSite","@id":"https:\/\/tierheim-moers.de\/Wordpress\/#website","url":"https:\/\/tierheim-moers.de\/Wordpress\/","name":"Tierheim Moers","description":"Tierheim | Hundepension | Tierschutz | Moers","publisher":{"@id":"https:\/\/tierheim-moers.de\/Wordpress\/#organization"},"potentialAction":[{"@type":"SearchAction","target":{"@type":"EntryPoint","urlTemplate":"https:\/\/tierheim-moers.de\/Wordpress\/?s={search_term_string}"},"query-input":{"@type":"PropertyValueSpecification","valueRequired":true,"valueName":"search_term_string"}}],"inLanguage":"de"},{"@type":"Organization","@id":"https:\/\/tierheim-moers.de\/Wordpress\/#organization","name":"Tierheim Moers","url":"https:\/\/tierheim-moers.de\/Wordpress\/","logo":{"@type":"ImageObject","inLanguage":"de","@id":"https:\/\/tierheim-moers.de\/Wordpress\/#\/schema\/logo\/image\/","url":"https:\/\/tierheim-moers.de\/Wordpress\/wp-content\/uploads\/2014\/04\/Logo-TSV-Moers-V01-RGB-300.png","contentUrl":"https:\/\/tierheim-moers.de\/Wordpress\/wp-content\/uploads\/2014\/04\/Logo-TSV-Moers-V01-RGB-300.png","width":1052,"height":1038,"caption":"Tierheim Moers"},"image":{"@id":"https:\/\/tierheim-moers.de\/Wordpress\/#\/schema\/logo\/image\/"},"sameAs":["https:\/\/de-de.facebook.com\/moers.tierheim"]},{"@type":"Person","@id":"https:\/\/tierheim-moers.de\/Wordpress\/#\/schema\/person\/167de77fdd5ff85153606cdd34a5ffbc","name":"Kathrin Novotny","image":{"@type":"ImageObject","inLanguage":"de","@id":"https:\/\/tierheim-moers.de\/Wordpress\/#\/schema\/person\/image\/","url":"https:\/\/secure.gravatar.com\/avatar\/8dbd3a3cd58d0e299cb5bd95a6d53c79eebe36713eda62bbb3c41a749d06346f?s=96&d=mm&r=g","contentUrl":"https:\/\/secure.gravatar.com\/avatar\/8dbd3a3cd58d0e299cb5bd95a6d53c79eebe36713eda62bbb3c41a749d06346f?s=96&d=mm&r=g","caption":"Kathrin Novotny"},"url":"https:\/\/tierheim-moers.de\/Wordpress\/author\/kathrin\/"}]}},"_links":{"self":[{"href":"https:\/\/tierheim-moers.de\/Wordpress\/wp-json\/wp\/v2\/posts\/56609","targetHints":{"allow":["GET"]}}],"collection":[{"href":"https:\/\/tierheim-moers.de\/Wordpress\/wp-json\/wp\/v2\/posts"}],"about":[{"href":"https:\/\/tierheim-moers.de\/Wordpress\/wp-json\/wp\/v2\/types\/post"}],"author":[{"embeddable":true,"href":"https:\/\/tierheim-moers.de\/Wordpress\/wp-json\/wp\/v2\/users\/7"}],"replies":[{"embeddable":true,"href":"https:\/\/tierheim-moers.de\/Wordpress\/wp-json\/wp\/v2\/comments?post=56609"}],"version-history":[{"count":7,"href":"https:\/\/tierheim-moers.de\/Wordpress\/wp-json\/wp\/v2\/posts\/56609\/revisions"}],"predecessor-version":[{"id":61943,"href":"https:\/\/tierheim-moers.de\/Wordpress\/wp-json\/wp\/v2\/posts\/56609\/revisions\/61943"}],"wp:featuredmedia":[{"embeddable":true,"href":"https:\/\/tierheim-moers.de\/Wordpress\/wp-json\/wp\/v2\/media\/59682"}],"wp:attachment":[{"href":"https:\/\/tierheim-moers.de\/Wordpress\/wp-json\/wp\/v2\/media?parent=56609"}],"wp:term":[{"taxonomy":"category","embeddable":true,"href":"https:\/\/tierheim-moers.de\/Wordpress\/wp-json\/wp\/v2\/categories?post=56609"},{"taxonomy":"post_tag","embeddable":true,"href":"https:\/\/tierheim-moers.de\/Wordpress\/wp-json\/wp\/v2\/tags?post=56609"}],"curies":[{"name":"wp","href":"https:\/\/api.w.org\/{rel}","templated":true}]}}