{"id":57342,"date":"2024-09-06T14:43:34","date_gmt":"2024-09-06T12:43:34","guid":{"rendered":"https:\/\/tierheim-moers.de\/Wordpress\/?p=57342"},"modified":"2024-09-06T14:43:37","modified_gmt":"2024-09-06T12:43:37","slug":"luci-hat-sich-schnell-eingelebt","status":"publish","type":"post","link":"https:\/\/tierheim-moers.de\/Wordpress\/luci-hat-sich-schnell-eingelebt\/","title":{"rendered":"Luci &#8230; hat sich schnell eingelebt"},"content":{"rendered":"\n<div style=\"height:100px\" aria-hidden=\"true\" class=\"wp-block-spacer\"><\/div>\n\n\n\n<p><strong>31. Juli 2024<\/strong><\/p>\n\n\n\n<p>Hallo liebes Team,<\/p>\n\n\n\n<p>nach knapp 2 Monaten m\u00f6chten wir gern noch einmal kurz von unserem Gl\u00fcck mit Lucy berichten &#x2665;&#xfe0f;.<\/p>\n\n\n\n<p>Sie ist eine total aufgeschlossene, selbstbewusste und fr\u00f6hliche Katze, die sehr gern spielt, sich versteckt uns auflauert, um uns dann &nbsp;mit Vorliebe zu erschrecken &#x263a;&#xfe0f;.&nbsp;<\/p>\n\n\n\n<p>Dann schl\u00e4ft sie wieder viel und genie\u00dft die Ruhe.<\/p>\n\n\n\n<p><\/p>\n\n\n\n<figure class=\"wp-block-gallery has-nested-images columns-default is-cropped wp-block-gallery-1 is-layout-flex wp-block-gallery-is-layout-flex\">\n<figure class=\"wp-block-image size-large\"><a href=\"https:\/\/tierheim-moers.de\/Wordpress\/wp-content\/uploads\/2024\/09\/LuciH4.jpg\"><img fetchpriority=\"high\" decoding=\"async\" width=\"783\" height=\"934\" data-id=\"57972\" src=\"https:\/\/tierheim-moers.de\/Wordpress\/wp-content\/uploads\/2024\/09\/LuciH4.jpg\" alt=\"\" class=\"wp-image-57972\" srcset=\"https:\/\/tierheim-moers.de\/Wordpress\/wp-content\/uploads\/2024\/09\/LuciH4.jpg 783w, https:\/\/tierheim-moers.de\/Wordpress\/wp-content\/uploads\/2024\/09\/LuciH4-251x300.jpg 251w, https:\/\/tierheim-moers.de\/Wordpress\/wp-content\/uploads\/2024\/09\/LuciH4-768x916.jpg 768w, https:\/\/tierheim-moers.de\/Wordpress\/wp-content\/uploads\/2024\/09\/LuciH4-700x835.jpg 700w\" sizes=\"(max-width: 783px) 100vw, 783px\" \/><\/a><\/figure>\n\n\n\n<figure class=\"wp-block-image size-large\"><a href=\"https:\/\/tierheim-moers.de\/Wordpress\/wp-content\/uploads\/2024\/09\/LuciH3.jpg\"><img decoding=\"async\" width=\"828\" height=\"608\" data-id=\"57971\" src=\"https:\/\/tierheim-moers.de\/Wordpress\/wp-content\/uploads\/2024\/09\/LuciH3.jpg\" alt=\"\" class=\"wp-image-57971\" srcset=\"https:\/\/tierheim-moers.de\/Wordpress\/wp-content\/uploads\/2024\/09\/LuciH3.jpg 828w, https:\/\/tierheim-moers.de\/Wordpress\/wp-content\/uploads\/2024\/09\/LuciH3-300x220.jpg 300w, https:\/\/tierheim-moers.de\/Wordpress\/wp-content\/uploads\/2024\/09\/LuciH3-768x564.jpg 768w, https:\/\/tierheim-moers.de\/Wordpress\/wp-content\/uploads\/2024\/09\/LuciH3-700x514.jpg 700w\" sizes=\"(max-width: 828px) 100vw, 828px\" \/><\/a><\/figure>\n\n\n\n<figure class=\"wp-block-image size-large\"><a href=\"https:\/\/tierheim-moers.de\/Wordpress\/wp-content\/uploads\/2024\/09\/LuciH2.jpg\"><img decoding=\"async\" width=\"590\" height=\"1024\" data-id=\"57970\" src=\"https:\/\/tierheim-moers.de\/Wordpress\/wp-content\/uploads\/2024\/09\/LuciH2-590x1024.jpg\" alt=\"\" class=\"wp-image-57970\" srcset=\"https:\/\/tierheim-moers.de\/Wordpress\/wp-content\/uploads\/2024\/09\/LuciH2-590x1024.jpg 590w, https:\/\/tierheim-moers.de\/Wordpress\/wp-content\/uploads\/2024\/09\/LuciH2-173x300.jpg 173w, https:\/\/tierheim-moers.de\/Wordpress\/wp-content\/uploads\/2024\/09\/LuciH2-768x1334.jpg 768w, https:\/\/tierheim-moers.de\/Wordpress\/wp-content\/uploads\/2024\/09\/LuciH2-700x1216.jpg 700w, https:\/\/tierheim-moers.de\/Wordpress\/wp-content\/uploads\/2024\/09\/LuciH2.jpg 828w\" sizes=\"(max-width: 590px) 100vw, 590px\" \/><\/a><\/figure>\n\n\n\n<figure class=\"wp-block-image size-large\"><a href=\"https:\/\/tierheim-moers.de\/Wordpress\/wp-content\/uploads\/2024\/09\/LuciH.jpg\"><img loading=\"lazy\" decoding=\"async\" width=\"789\" height=\"1024\" data-id=\"57969\" src=\"https:\/\/tierheim-moers.de\/Wordpress\/wp-content\/uploads\/2024\/09\/LuciH-789x1024.jpg\" alt=\"\" class=\"wp-image-57969\" srcset=\"https:\/\/tierheim-moers.de\/Wordpress\/wp-content\/uploads\/2024\/09\/LuciH-789x1024.jpg 789w, https:\/\/tierheim-moers.de\/Wordpress\/wp-content\/uploads\/2024\/09\/LuciH-231x300.jpg 231w, https:\/\/tierheim-moers.de\/Wordpress\/wp-content\/uploads\/2024\/09\/LuciH-768x997.jpg 768w, https:\/\/tierheim-moers.de\/Wordpress\/wp-content\/uploads\/2024\/09\/LuciH-700x909.jpg 700w, https:\/\/tierheim-moers.de\/Wordpress\/wp-content\/uploads\/2024\/09\/LuciH.jpg 828w\" sizes=\"(max-width: 789px) 100vw, 789px\" \/><\/a><\/figure>\n<\/figure>\n\n\n\n<p><\/p>\n\n\n\n<p>VIELLEICHT w\u00e4re sie ja doch ganz happy mit einer 2. Katze\u2026&nbsp;<\/p>\n\n\n\n<p>F\u00fcr uns steht fest: Nur das, was f\u00fcr sie richtig ist &#x1f63b;.&nbsp;<\/p>\n\n\n\n<p>Nach wie vor sind wir \u00fcbergl\u00fccklich mit ihr.<\/p>\n\n\n\n<p>Am Freitag steht der 1. \u201e Kennenlerntermin\u201c bei unserer Tier\u00e4rztin an.&nbsp;<\/p>\n\n\n\n<p><\/p>\n\n\n\n<p><\/p>\n\n\n\n<p><strong>18. Juni 2024<\/strong><\/p>\n\n\n\n<p>Hallo Zusammen,<\/p>\n\n\n\n<p>heute m\u00f6chten wir schon einmal kurz berichten, wie Lucy sich seit Montag in ihrem neuen Zuhause einlebt.<\/p>\n\n\n\n<p><\/p>\n\n\n\n<figure class=\"wp-block-gallery has-nested-images columns-default is-cropped wp-block-gallery-2 is-layout-flex wp-block-gallery-is-layout-flex\">\n<figure class=\"wp-block-image size-large\"><a href=\"https:\/\/tierheim-moers.de\/Wordpress\/wp-content\/uploads\/2024\/06\/LuciZ5-scaled.jpg\"><img loading=\"lazy\" decoding=\"async\" width=\"893\" height=\"1024\" data-id=\"57341\" src=\"https:\/\/tierheim-moers.de\/Wordpress\/wp-content\/uploads\/2024\/06\/LuciZ5-893x1024.jpg\" alt=\"\" class=\"wp-image-57341\" srcset=\"https:\/\/tierheim-moers.de\/Wordpress\/wp-content\/uploads\/2024\/06\/LuciZ5-893x1024.jpg 893w, https:\/\/tierheim-moers.de\/Wordpress\/wp-content\/uploads\/2024\/06\/LuciZ5-262x300.jpg 262w, https:\/\/tierheim-moers.de\/Wordpress\/wp-content\/uploads\/2024\/06\/LuciZ5-768x881.jpg 768w, https:\/\/tierheim-moers.de\/Wordpress\/wp-content\/uploads\/2024\/06\/LuciZ5-1339x1536.jpg 1339w, https:\/\/tierheim-moers.de\/Wordpress\/wp-content\/uploads\/2024\/06\/LuciZ5-1786x2048.jpg 1786w, https:\/\/tierheim-moers.de\/Wordpress\/wp-content\/uploads\/2024\/06\/LuciZ5-700x803.jpg 700w, https:\/\/tierheim-moers.de\/Wordpress\/wp-content\/uploads\/2024\/06\/LuciZ5-1320x1514.jpg 1320w\" sizes=\"(max-width: 893px) 100vw, 893px\" \/><\/a><\/figure>\n\n\n\n<figure class=\"wp-block-image size-large\"><a href=\"https:\/\/tierheim-moers.de\/Wordpress\/wp-content\/uploads\/2024\/06\/LuciZ4.jpg\"><img loading=\"lazy\" decoding=\"async\" width=\"828\" height=\"778\" data-id=\"57340\" src=\"https:\/\/tierheim-moers.de\/Wordpress\/wp-content\/uploads\/2024\/06\/LuciZ4.jpg\" alt=\"\" class=\"wp-image-57340\" srcset=\"https:\/\/tierheim-moers.de\/Wordpress\/wp-content\/uploads\/2024\/06\/LuciZ4.jpg 828w, https:\/\/tierheim-moers.de\/Wordpress\/wp-content\/uploads\/2024\/06\/LuciZ4-300x282.jpg 300w, https:\/\/tierheim-moers.de\/Wordpress\/wp-content\/uploads\/2024\/06\/LuciZ4-768x722.jpg 768w, https:\/\/tierheim-moers.de\/Wordpress\/wp-content\/uploads\/2024\/06\/LuciZ4-700x658.jpg 700w\" sizes=\"(max-width: 828px) 100vw, 828px\" \/><\/a><\/figure>\n\n\n\n<figure class=\"wp-block-image size-large\"><a href=\"https:\/\/tierheim-moers.de\/Wordpress\/wp-content\/uploads\/2024\/06\/LuciZ2.jpg\"><img loading=\"lazy\" decoding=\"async\" width=\"784\" height=\"1024\" data-id=\"57338\" src=\"https:\/\/tierheim-moers.de\/Wordpress\/wp-content\/uploads\/2024\/06\/LuciZ2-784x1024.jpg\" alt=\"\" class=\"wp-image-57338\" srcset=\"https:\/\/tierheim-moers.de\/Wordpress\/wp-content\/uploads\/2024\/06\/LuciZ2-784x1024.jpg 784w, https:\/\/tierheim-moers.de\/Wordpress\/wp-content\/uploads\/2024\/06\/LuciZ2-230x300.jpg 230w, https:\/\/tierheim-moers.de\/Wordpress\/wp-content\/uploads\/2024\/06\/LuciZ2-768x1004.jpg 768w, https:\/\/tierheim-moers.de\/Wordpress\/wp-content\/uploads\/2024\/06\/LuciZ2-700x915.jpg 700w, https:\/\/tierheim-moers.de\/Wordpress\/wp-content\/uploads\/2024\/06\/LuciZ2.jpg 828w\" sizes=\"(max-width: 784px) 100vw, 784px\" \/><\/a><\/figure>\n\n\n\n<figure class=\"wp-block-image size-large\"><a href=\"https:\/\/tierheim-moers.de\/Wordpress\/wp-content\/uploads\/2024\/06\/LuciZ.jpg\"><img loading=\"lazy\" decoding=\"async\" width=\"828\" height=\"844\" data-id=\"57337\" src=\"https:\/\/tierheim-moers.de\/Wordpress\/wp-content\/uploads\/2024\/06\/LuciZ.jpg\" alt=\"\" class=\"wp-image-57337\" srcset=\"https:\/\/tierheim-moers.de\/Wordpress\/wp-content\/uploads\/2024\/06\/LuciZ.jpg 828w, https:\/\/tierheim-moers.de\/Wordpress\/wp-content\/uploads\/2024\/06\/LuciZ-294x300.jpg 294w, https:\/\/tierheim-moers.de\/Wordpress\/wp-content\/uploads\/2024\/06\/LuciZ-768x783.jpg 768w, https:\/\/tierheim-moers.de\/Wordpress\/wp-content\/uploads\/2024\/06\/LuciZ-700x714.jpg 700w, https:\/\/tierheim-moers.de\/Wordpress\/wp-content\/uploads\/2024\/06\/LuciZ-45x45.jpg 45w\" sizes=\"(max-width: 828px) 100vw, 828px\" \/><\/a><\/figure>\n<\/figure>\n\n\n\n<p><\/p>\n\n\n\n<p>Sie hat sehr schnell Vertrauen gefasst, wird immer gelassener und entspannt von Tag zu Tag mehr.&nbsp;<\/p>\n\n\n\n<p>&nbsp;Sie sucht die N\u00e4he zu uns und genie\u00dft die volle Aufmerksamkeit + Streicheleinheiten &#x2665;&#xfe0f;<\/p>\n\n\n\n<p>Und WIR sind einfach nur gl\u00fccklich und dankbar, dass Lucy bei uns ist.&nbsp;<\/p>\n\n\n\n<p>Es f\u00fchlt sich auch f\u00fcr uns so vertraut an, als w\u00e4re sie schon immer da gewesen. V\u00f6llig problemlos &#x1f64f;&#x1f3fb;. 1000 Dank noch einmal &#8211; an alle Beteiligten.<\/p>\n\n\n\n<p>Herzliche Gr\u00fc\u00dfe&nbsp;<\/p>\n\n\n\n<p>Lucy + Anhang&nbsp;<\/p>\n<div class=\"shariff shariff-align-flex-start shariff-widget-align-center\" data-url=\"https%3A%2F%2Ftierheim-moers.de%2FWordpress%2Fluci-hat-sich-schnell-eingelebt%2F\" data-timestamp=\"1725633817\" data-hidezero=\"1\" data-backendurl=\"https:\/\/tierheim-moers.de\/Wordpress\/wp-json\/shariff\/v1\/share_counts?\"><ul class=\"shariff-buttons theme-round orientation-horizontal buttonsize-small\"><li class=\"shariff-button facebook shariff-nocustomcolor\" style=\"background-color:#4273c8\"><a href=\"https:\/\/www.facebook.com\/sharer\/sharer.php?u=https%3A%2F%2Ftierheim-moers.de%2FWordpress%2Fluci-hat-sich-schnell-eingelebt%2F\" title=\"Bei Facebook teilen\" aria-label=\"Bei Facebook teilen\" role=\"button\" rel=\"nofollow\" class=\"shariff-link\" style=\"; background-color:#3b5998; color:#fff\" target=\"_blank\"><span class=\"shariff-icon\" style=\"\"><svg width=\"32px\" height=\"20px\" xmlns=\"http:\/\/www.w3.org\/2000\/svg\" viewBox=\"0 0 18 32\"><path fill=\"#3b5998\" d=\"M17.1 0.2v4.7h-2.8q-1.5 0-2.1 0.6t-0.5 1.9v3.4h5.2l-0.7 5.3h-4.5v13.6h-5.5v-13.6h-4.5v-5.3h4.5v-3.9q0-3.3 1.9-5.2t5-1.8q2.6 0 4.1 0.2z\"\/><\/svg><\/span><\/a><\/li><li class=\"shariff-button twitter shariff-nocustomcolor\" style=\"background-color:#595959\"><a href=\"https:\/\/twitter.com\/share?url=https%3A%2F%2Ftierheim-moers.de%2FWordpress%2Fluci-hat-sich-schnell-eingelebt%2F&text=Luci%20%E2%80%A6%20hat%20sich%20schnell%20eingelebt\" title=\"Bei X teilen\" aria-label=\"Bei X teilen\" role=\"button\" rel=\"noopener nofollow\" class=\"shariff-link\" style=\"; background-color:#000; color:#fff\" target=\"_blank\"><span class=\"shariff-icon\" style=\"\"><svg width=\"32px\" height=\"20px\" xmlns=\"http:\/\/www.w3.org\/2000\/svg\" viewBox=\"0 0 24 24\"><path fill=\"#000\" d=\"M14.258 10.152L23.176 0h-2.113l-7.747 8.813L7.133 0H0l9.352 13.328L0 23.973h2.113l8.176-9.309 6.531 9.309h7.133zm-2.895 3.293l-.949-1.328L2.875 1.56h3.246l6.086 8.523.945 1.328 7.91 11.078h-3.246zm0 0\"\/><\/svg><\/span><\/a><\/li><li class=\"shariff-button whatsapp shariff-nocustomcolor\" style=\"background-color:#5cbe4a\"><a href=\"https:\/\/api.whatsapp.com\/send?text=https%3A%2F%2Ftierheim-moers.de%2FWordpress%2Fluci-hat-sich-schnell-eingelebt%2F%20Luci%20%E2%80%A6%20hat%20sich%20schnell%20eingelebt\" title=\"Bei Whatsapp teilen\" aria-label=\"Bei Whatsapp teilen\" role=\"button\" rel=\"noopener nofollow\" class=\"shariff-link\" style=\"; background-color:#34af23; color:#fff\" target=\"_blank\"><span class=\"shariff-icon\" style=\"\"><svg width=\"32px\" height=\"20px\" xmlns=\"http:\/\/www.w3.org\/2000\/svg\" viewBox=\"0 0 32 32\"><path fill=\"#34af23\" d=\"M17.6 17.4q0.2 0 1.7 0.8t1.6 0.9q0 0.1 0 0.3 0 0.6-0.3 1.4-0.3 0.7-1.3 1.2t-1.8 0.5q-1 0-3.4-1.1-1.7-0.8-3-2.1t-2.6-3.3q-1.3-1.9-1.3-3.5v-0.1q0.1-1.6 1.3-2.8 0.4-0.4 0.9-0.4 0.1 0 0.3 0t0.3 0q0.3 0 0.5 0.1t0.3 0.5q0.1 0.4 0.6 1.6t0.4 1.3q0 0.4-0.6 1t-0.6 0.8q0 0.1 0.1 0.3 0.6 1.3 1.8 2.4 1 0.9 2.7 1.8 0.2 0.1 0.4 0.1 0.3 0 1-0.9t0.9-0.9zM14 26.9q2.3 0 4.3-0.9t3.6-2.4 2.4-3.6 0.9-4.3-0.9-4.3-2.4-3.6-3.6-2.4-4.3-0.9-4.3 0.9-3.6 2.4-2.4 3.6-0.9 4.3q0 3.6 2.1 6.6l-1.4 4.2 4.3-1.4q2.8 1.9 6.2 1.9zM14 2.2q2.7 0 5.2 1.1t4.3 2.9 2.9 4.3 1.1 5.2-1.1 5.2-2.9 4.3-4.3 2.9-5.2 1.1q-3.5 0-6.5-1.7l-7.4 2.4 2.4-7.2q-1.9-3.2-1.9-6.9 0-2.7 1.1-5.2t2.9-4.3 4.3-2.9 5.2-1.1z\"\/><\/svg><\/span><\/a><\/li><li class=\"shariff-button sms shariff-nocustomcolor shariff-mobile\" style=\"background-color:#d7d9d8\"><a href=\"sms:?&body=https%3A%2F%2Ftierheim-moers.de%2FWordpress%2Fluci-hat-sich-schnell-eingelebt%2F\" title=\"Per SMS teilen\" aria-label=\"Per SMS teilen\" role=\"button\" rel=\"noopener nofollow\" class=\"shariff-link\" style=\"; background-color:#a1e877; color:#fff\" target=\"_blank\"><span class=\"shariff-icon\" style=\"\"><svg xmlns=\"http:\/\/www.w3.org\/2000\/svg\" width=\"510\" height=\"510\" viewBox=\"0 0 510 510\"><path fill=\"#a1e877\" d=\"M459 0H51C23 0 0 23 0 51v459l102-102h357c28.1 0 51-22.9 51-51V51C510 23 487.1 0 459 0zM178.5 229.5h-51v-51h51V229.5zM280.5 229.5h-51v-51h51V229.5zM382.5 229.5h-51v-51h51V229.5z\"\/><\/svg><\/span><\/a><\/li><\/ul><\/div>","protected":false},"excerpt":{"rendered":"<p>31. Juli 2024 Hallo liebes Team, nach knapp 2 Monaten m\u00f6chten wir gern noch einmal kurz von unserem Gl\u00fcck mit Lucy berichten &#x2665;&#xfe0f;. Sie ist eine total aufgeschlossene, selbstbewusste und fr\u00f6hliche Katze, die sehr gern spielt, sich versteckt uns auflauert, um uns dann &nbsp;mit Vorliebe zu erschrecken &#x263a;&#xfe0f;.&nbsp; Dann schl\u00e4ft &#8230;<\/p>\n","protected":false},"author":7,"featured_media":57339,"comment_status":"closed","ping_status":"open","sticky":false,"template":"","format":"standard","meta":{"ngg_post_thumbnail":0,"footnotes":""},"categories":[32],"tags":[],"class_list":["post-57342","post","type-post","status-publish","format-standard","has-post-thumbnail","hentry","category-erfolgsgeschichten","column","threecol","has-thumbnail"],"yoast_head":"<!-- This site is optimized with the Yoast SEO plugin v24.6 - https:\/\/yoast.com\/wordpress\/plugins\/seo\/ -->\n<title>Luci ... hat sich schnell eingelebt | TIERHEIM MOERS<\/title>\n<meta name=\"robots\" content=\"index, follow, max-snippet:-1, max-image-preview:large, max-video-preview:-1\" \/>\n<link rel=\"canonical\" href=\"https:\/\/tierheim-moers.de\/Wordpress\/luci-hat-sich-schnell-eingelebt\/\" \/>\n<meta property=\"og:locale\" content=\"de_DE\" \/>\n<meta property=\"og:type\" content=\"article\" \/>\n<meta property=\"og:title\" content=\"Luci ... hat sich schnell eingelebt | TIERHEIM MOERS\" \/>\n<meta property=\"og:description\" content=\"31. Juli 2024 Hallo liebes Team, nach knapp 2 Monaten m\u00f6chten wir gern noch einmal kurz von unserem Gl\u00fcck mit Lucy berichten &#8230;\" \/>\n<meta property=\"og:url\" content=\"https:\/\/tierheim-moers.de\/Wordpress\/luci-hat-sich-schnell-eingelebt\/\" \/>\n<meta property=\"og:site_name\" content=\"TIERHEIM MOERS\" \/>\n<meta property=\"article:publisher\" content=\"https:\/\/de-de.facebook.com\/moers.tierheim\" \/>\n<meta property=\"article:published_time\" content=\"2024-09-06T12:43:34+00:00\" \/>\n<meta property=\"article:modified_time\" content=\"2024-09-06T12:43:37+00:00\" \/>\n<meta property=\"og:image\" content=\"https:\/\/tierheim-moers.de\/Wordpress\/wp-content\/uploads\/2024\/06\/LuciZ3.jpg\" \/>\n\t<meta property=\"og:image:width\" content=\"828\" \/>\n\t<meta property=\"og:image:height\" content=\"543\" \/>\n\t<meta property=\"og:image:type\" content=\"image\/jpeg\" \/>\n<meta name=\"author\" content=\"Kathrin Novotny\" \/>\n<meta name=\"twitter:card\" content=\"summary_large_image\" \/>\n<meta name=\"twitter:label1\" content=\"Verfasst von\" \/>\n\t<meta name=\"twitter:data1\" content=\"Kathrin Novotny\" \/>\n\t<meta name=\"twitter:label2\" content=\"Gesch\u00e4tzte Lesezeit\" \/>\n\t<meta name=\"twitter:data2\" content=\"3\u00a0Minuten\" \/>\n<script type=\"application\/ld+json\" class=\"yoast-schema-graph\">{\"@context\":\"https:\/\/schema.org\",\"@graph\":[{\"@type\":\"Article\",\"@id\":\"https:\/\/tierheim-moers.de\/Wordpress\/luci-hat-sich-schnell-eingelebt\/#article\",\"isPartOf\":{\"@id\":\"https:\/\/tierheim-moers.de\/Wordpress\/luci-hat-sich-schnell-eingelebt\/\"},\"author\":{\"name\":\"Kathrin Novotny\",\"@id\":\"https:\/\/tierheim-moers.de\/Wordpress\/#\/schema\/person\/167de77fdd5ff85153606cdd34a5ffbc\"},\"headline\":\"Luci &#8230; hat sich schnell eingelebt\",\"datePublished\":\"2024-09-06T12:43:34+00:00\",\"dateModified\":\"2024-09-06T12:43:37+00:00\",\"mainEntityOfPage\":{\"@id\":\"https:\/\/tierheim-moers.de\/Wordpress\/luci-hat-sich-schnell-eingelebt\/\"},\"wordCount\":233,\"publisher\":{\"@id\":\"https:\/\/tierheim-moers.de\/Wordpress\/#organization\"},\"image\":{\"@id\":\"https:\/\/tierheim-moers.de\/Wordpress\/luci-hat-sich-schnell-eingelebt\/#primaryimage\"},\"thumbnailUrl\":\"https:\/\/tierheim-moers.de\/Wordpress\/wp-content\/uploads\/2024\/06\/LuciZ3.jpg\",\"articleSection\":[\"Erfolgsgeschichten\"],\"inLanguage\":\"de\"},{\"@type\":\"WebPage\",\"@id\":\"https:\/\/tierheim-moers.de\/Wordpress\/luci-hat-sich-schnell-eingelebt\/\",\"url\":\"https:\/\/tierheim-moers.de\/Wordpress\/luci-hat-sich-schnell-eingelebt\/\",\"name\":\"Luci ... hat sich schnell eingelebt | TIERHEIM MOERS\",\"isPartOf\":{\"@id\":\"https:\/\/tierheim-moers.de\/Wordpress\/#website\"},\"primaryImageOfPage\":{\"@id\":\"https:\/\/tierheim-moers.de\/Wordpress\/luci-hat-sich-schnell-eingelebt\/#primaryimage\"},\"image\":{\"@id\":\"https:\/\/tierheim-moers.de\/Wordpress\/luci-hat-sich-schnell-eingelebt\/#primaryimage\"},\"thumbnailUrl\":\"https:\/\/tierheim-moers.de\/Wordpress\/wp-content\/uploads\/2024\/06\/LuciZ3.jpg\",\"datePublished\":\"2024-09-06T12:43:34+00:00\",\"dateModified\":\"2024-09-06T12:43:37+00:00\",\"breadcrumb\":{\"@id\":\"https:\/\/tierheim-moers.de\/Wordpress\/luci-hat-sich-schnell-eingelebt\/#breadcrumb\"},\"inLanguage\":\"de\",\"potentialAction\":[{\"@type\":\"ReadAction\",\"target\":[\"https:\/\/tierheim-moers.de\/Wordpress\/luci-hat-sich-schnell-eingelebt\/\"]}]},{\"@type\":\"ImageObject\",\"inLanguage\":\"de\",\"@id\":\"https:\/\/tierheim-moers.de\/Wordpress\/luci-hat-sich-schnell-eingelebt\/#primaryimage\",\"url\":\"https:\/\/tierheim-moers.de\/Wordpress\/wp-content\/uploads\/2024\/06\/LuciZ3.jpg\",\"contentUrl\":\"https:\/\/tierheim-moers.de\/Wordpress\/wp-content\/uploads\/2024\/06\/LuciZ3.jpg\",\"width\":828,\"height\":543},{\"@type\":\"BreadcrumbList\",\"@id\":\"https:\/\/tierheim-moers.de\/Wordpress\/luci-hat-sich-schnell-eingelebt\/#breadcrumb\",\"itemListElement\":[{\"@type\":\"ListItem\",\"position\":1,\"name\":\"Startseite\",\"item\":\"https:\/\/tierheim-moers.de\/Wordpress\/\"},{\"@type\":\"ListItem\",\"position\":2,\"name\":\"Luci &#8230; hat sich schnell eingelebt\"}]},{\"@type\":\"WebSite\",\"@id\":\"https:\/\/tierheim-moers.de\/Wordpress\/#website\",\"url\":\"https:\/\/tierheim-moers.de\/Wordpress\/\",\"name\":\"Tierheim Moers\",\"description\":\"Tierheim | Hundepension | Tierschutz | Moers\",\"publisher\":{\"@id\":\"https:\/\/tierheim-moers.de\/Wordpress\/#organization\"},\"potentialAction\":[{\"@type\":\"SearchAction\",\"target\":{\"@type\":\"EntryPoint\",\"urlTemplate\":\"https:\/\/tierheim-moers.de\/Wordpress\/?s={search_term_string}\"},\"query-input\":{\"@type\":\"PropertyValueSpecification\",\"valueRequired\":true,\"valueName\":\"search_term_string\"}}],\"inLanguage\":\"de\"},{\"@type\":\"Organization\",\"@id\":\"https:\/\/tierheim-moers.de\/Wordpress\/#organization\",\"name\":\"Tierheim Moers\",\"url\":\"https:\/\/tierheim-moers.de\/Wordpress\/\",\"logo\":{\"@type\":\"ImageObject\",\"inLanguage\":\"de\",\"@id\":\"https:\/\/tierheim-moers.de\/Wordpress\/#\/schema\/logo\/image\/\",\"url\":\"https:\/\/tierheim-moers.de\/Wordpress\/wp-content\/uploads\/2014\/04\/Logo-TSV-Moers-V01-RGB-300.png\",\"contentUrl\":\"https:\/\/tierheim-moers.de\/Wordpress\/wp-content\/uploads\/2014\/04\/Logo-TSV-Moers-V01-RGB-300.png\",\"width\":1052,\"height\":1038,\"caption\":\"Tierheim Moers\"},\"image\":{\"@id\":\"https:\/\/tierheim-moers.de\/Wordpress\/#\/schema\/logo\/image\/\"},\"sameAs\":[\"https:\/\/de-de.facebook.com\/moers.tierheim\"]},{\"@type\":\"Person\",\"@id\":\"https:\/\/tierheim-moers.de\/Wordpress\/#\/schema\/person\/167de77fdd5ff85153606cdd34a5ffbc\",\"name\":\"Kathrin Novotny\",\"image\":{\"@type\":\"ImageObject\",\"inLanguage\":\"de\",\"@id\":\"https:\/\/tierheim-moers.de\/Wordpress\/#\/schema\/person\/image\/\",\"url\":\"https:\/\/secure.gravatar.com\/avatar\/8dbd3a3cd58d0e299cb5bd95a6d53c79eebe36713eda62bbb3c41a749d06346f?s=96&d=mm&r=g\",\"contentUrl\":\"https:\/\/secure.gravatar.com\/avatar\/8dbd3a3cd58d0e299cb5bd95a6d53c79eebe36713eda62bbb3c41a749d06346f?s=96&d=mm&r=g\",\"caption\":\"Kathrin Novotny\"},\"url\":\"https:\/\/tierheim-moers.de\/Wordpress\/author\/kathrin\/\"}]}<\/script>\n<!-- \/ Yoast SEO plugin. -->","yoast_head_json":{"title":"Luci ... hat sich schnell eingelebt | TIERHEIM MOERS","robots":{"index":"index","follow":"follow","max-snippet":"max-snippet:-1","max-image-preview":"max-image-preview:large","max-video-preview":"max-video-preview:-1"},"canonical":"https:\/\/tierheim-moers.de\/Wordpress\/luci-hat-sich-schnell-eingelebt\/","og_locale":"de_DE","og_type":"article","og_title":"Luci ... hat sich schnell eingelebt | TIERHEIM MOERS","og_description":"31. Juli 2024 Hallo liebes Team, nach knapp 2 Monaten m\u00f6chten wir gern noch einmal kurz von unserem Gl\u00fcck mit Lucy berichten &#8230;","og_url":"https:\/\/tierheim-moers.de\/Wordpress\/luci-hat-sich-schnell-eingelebt\/","og_site_name":"TIERHEIM MOERS","article_publisher":"https:\/\/de-de.facebook.com\/moers.tierheim","article_published_time":"2024-09-06T12:43:34+00:00","article_modified_time":"2024-09-06T12:43:37+00:00","og_image":[{"width":828,"height":543,"url":"https:\/\/tierheim-moers.de\/Wordpress\/wp-content\/uploads\/2024\/06\/LuciZ3.jpg","type":"image\/jpeg"}],"author":"Kathrin Novotny","twitter_card":"summary_large_image","twitter_misc":{"Verfasst von":"Kathrin Novotny","Gesch\u00e4tzte Lesezeit":"3\u00a0Minuten"},"schema":{"@context":"https:\/\/schema.org","@graph":[{"@type":"Article","@id":"https:\/\/tierheim-moers.de\/Wordpress\/luci-hat-sich-schnell-eingelebt\/#article","isPartOf":{"@id":"https:\/\/tierheim-moers.de\/Wordpress\/luci-hat-sich-schnell-eingelebt\/"},"author":{"name":"Kathrin Novotny","@id":"https:\/\/tierheim-moers.de\/Wordpress\/#\/schema\/person\/167de77fdd5ff85153606cdd34a5ffbc"},"headline":"Luci &#8230; hat sich schnell eingelebt","datePublished":"2024-09-06T12:43:34+00:00","dateModified":"2024-09-06T12:43:37+00:00","mainEntityOfPage":{"@id":"https:\/\/tierheim-moers.de\/Wordpress\/luci-hat-sich-schnell-eingelebt\/"},"wordCount":233,"publisher":{"@id":"https:\/\/tierheim-moers.de\/Wordpress\/#organization"},"image":{"@id":"https:\/\/tierheim-moers.de\/Wordpress\/luci-hat-sich-schnell-eingelebt\/#primaryimage"},"thumbnailUrl":"https:\/\/tierheim-moers.de\/Wordpress\/wp-content\/uploads\/2024\/06\/LuciZ3.jpg","articleSection":["Erfolgsgeschichten"],"inLanguage":"de"},{"@type":"WebPage","@id":"https:\/\/tierheim-moers.de\/Wordpress\/luci-hat-sich-schnell-eingelebt\/","url":"https:\/\/tierheim-moers.de\/Wordpress\/luci-hat-sich-schnell-eingelebt\/","name":"Luci ... hat sich schnell eingelebt | TIERHEIM MOERS","isPartOf":{"@id":"https:\/\/tierheim-moers.de\/Wordpress\/#website"},"primaryImageOfPage":{"@id":"https:\/\/tierheim-moers.de\/Wordpress\/luci-hat-sich-schnell-eingelebt\/#primaryimage"},"image":{"@id":"https:\/\/tierheim-moers.de\/Wordpress\/luci-hat-sich-schnell-eingelebt\/#primaryimage"},"thumbnailUrl":"https:\/\/tierheim-moers.de\/Wordpress\/wp-content\/uploads\/2024\/06\/LuciZ3.jpg","datePublished":"2024-09-06T12:43:34+00:00","dateModified":"2024-09-06T12:43:37+00:00","breadcrumb":{"@id":"https:\/\/tierheim-moers.de\/Wordpress\/luci-hat-sich-schnell-eingelebt\/#breadcrumb"},"inLanguage":"de","potentialAction":[{"@type":"ReadAction","target":["https:\/\/tierheim-moers.de\/Wordpress\/luci-hat-sich-schnell-eingelebt\/"]}]},{"@type":"ImageObject","inLanguage":"de","@id":"https:\/\/tierheim-moers.de\/Wordpress\/luci-hat-sich-schnell-eingelebt\/#primaryimage","url":"https:\/\/tierheim-moers.de\/Wordpress\/wp-content\/uploads\/2024\/06\/LuciZ3.jpg","contentUrl":"https:\/\/tierheim-moers.de\/Wordpress\/wp-content\/uploads\/2024\/06\/LuciZ3.jpg","width":828,"height":543},{"@type":"BreadcrumbList","@id":"https:\/\/tierheim-moers.de\/Wordpress\/luci-hat-sich-schnell-eingelebt\/#breadcrumb","itemListElement":[{"@type":"ListItem","position":1,"name":"Startseite","item":"https:\/\/tierheim-moers.de\/Wordpress\/"},{"@type":"ListItem","position":2,"name":"Luci &#8230; hat sich schnell eingelebt"}]},{"@type":"WebSite","@id":"https:\/\/tierheim-moers.de\/Wordpress\/#website","url":"https:\/\/tierheim-moers.de\/Wordpress\/","name":"Tierheim Moers","description":"Tierheim | Hundepension | Tierschutz | Moers","publisher":{"@id":"https:\/\/tierheim-moers.de\/Wordpress\/#organization"},"potentialAction":[{"@type":"SearchAction","target":{"@type":"EntryPoint","urlTemplate":"https:\/\/tierheim-moers.de\/Wordpress\/?s={search_term_string}"},"query-input":{"@type":"PropertyValueSpecification","valueRequired":true,"valueName":"search_term_string"}}],"inLanguage":"de"},{"@type":"Organization","@id":"https:\/\/tierheim-moers.de\/Wordpress\/#organization","name":"Tierheim Moers","url":"https:\/\/tierheim-moers.de\/Wordpress\/","logo":{"@type":"ImageObject","inLanguage":"de","@id":"https:\/\/tierheim-moers.de\/Wordpress\/#\/schema\/logo\/image\/","url":"https:\/\/tierheim-moers.de\/Wordpress\/wp-content\/uploads\/2014\/04\/Logo-TSV-Moers-V01-RGB-300.png","contentUrl":"https:\/\/tierheim-moers.de\/Wordpress\/wp-content\/uploads\/2014\/04\/Logo-TSV-Moers-V01-RGB-300.png","width":1052,"height":1038,"caption":"Tierheim Moers"},"image":{"@id":"https:\/\/tierheim-moers.de\/Wordpress\/#\/schema\/logo\/image\/"},"sameAs":["https:\/\/de-de.facebook.com\/moers.tierheim"]},{"@type":"Person","@id":"https:\/\/tierheim-moers.de\/Wordpress\/#\/schema\/person\/167de77fdd5ff85153606cdd34a5ffbc","name":"Kathrin Novotny","image":{"@type":"ImageObject","inLanguage":"de","@id":"https:\/\/tierheim-moers.de\/Wordpress\/#\/schema\/person\/image\/","url":"https:\/\/secure.gravatar.com\/avatar\/8dbd3a3cd58d0e299cb5bd95a6d53c79eebe36713eda62bbb3c41a749d06346f?s=96&d=mm&r=g","contentUrl":"https:\/\/secure.gravatar.com\/avatar\/8dbd3a3cd58d0e299cb5bd95a6d53c79eebe36713eda62bbb3c41a749d06346f?s=96&d=mm&r=g","caption":"Kathrin Novotny"},"url":"https:\/\/tierheim-moers.de\/Wordpress\/author\/kathrin\/"}]}},"_links":{"self":[{"href":"https:\/\/tierheim-moers.de\/Wordpress\/wp-json\/wp\/v2\/posts\/57342","targetHints":{"allow":["GET"]}}],"collection":[{"href":"https:\/\/tierheim-moers.de\/Wordpress\/wp-json\/wp\/v2\/posts"}],"about":[{"href":"https:\/\/tierheim-moers.de\/Wordpress\/wp-json\/wp\/v2\/types\/post"}],"author":[{"embeddable":true,"href":"https:\/\/tierheim-moers.de\/Wordpress\/wp-json\/wp\/v2\/users\/7"}],"replies":[{"embeddable":true,"href":"https:\/\/tierheim-moers.de\/Wordpress\/wp-json\/wp\/v2\/comments?post=57342"}],"version-history":[{"count":2,"href":"https:\/\/tierheim-moers.de\/Wordpress\/wp-json\/wp\/v2\/posts\/57342\/revisions"}],"predecessor-version":[{"id":57974,"href":"https:\/\/tierheim-moers.de\/Wordpress\/wp-json\/wp\/v2\/posts\/57342\/revisions\/57974"}],"wp:featuredmedia":[{"embeddable":true,"href":"https:\/\/tierheim-moers.de\/Wordpress\/wp-json\/wp\/v2\/media\/57339"}],"wp:attachment":[{"href":"https:\/\/tierheim-moers.de\/Wordpress\/wp-json\/wp\/v2\/media?parent=57342"}],"wp:term":[{"taxonomy":"category","embeddable":true,"href":"https:\/\/tierheim-moers.de\/Wordpress\/wp-json\/wp\/v2\/categories?post=57342"},{"taxonomy":"post_tag","embeddable":true,"href":"https:\/\/tierheim-moers.de\/Wordpress\/wp-json\/wp\/v2\/tags?post=57342"}],"curies":[{"name":"wp","href":"https:\/\/api.w.org\/{rel}","templated":true}]}}