{"id":58074,"date":"2024-09-28T11:16:08","date_gmt":"2024-09-28T09:16:08","guid":{"rendered":"https:\/\/tierheim-moers.de\/Wordpress\/?p=58074"},"modified":"2024-09-28T11:16:10","modified_gmt":"2024-09-28T09:16:10","slug":"abraxas-odin-hatten-kein-glueck-mit-dem-hund","status":"publish","type":"post","link":"https:\/\/tierheim-moers.de\/Wordpress\/abraxas-odin-hatten-kein-glueck-mit-dem-hund\/","title":{"rendered":"Abraxas &amp; Odin &#8230; hatten kein Gl\u00fcck mit dem Hund &#8211; vermittelt 27.09.2024"},"content":{"rendered":"\n<div style=\"height:100px\" aria-hidden=\"true\" class=\"wp-block-spacer\"><\/div>\n\n\n\n<table id=\"tablepress-2343\" class=\"tablepress tablepress-id-2343\">\n<tbody class=\"row-striping row-hover\">\n<tr class=\"row-1\">\n\t<td class=\"column-1\">Name des Tiers:<\/td><td class=\"column-2\">Abraxas<br \/>\nOdin<\/td>\n<\/tr>\n<tr class=\"row-2\">\n\t<td class=\"column-1\">Bestandsnummer:<\/td><td class=\"column-2\">112_\u00dc_24<br \/>\n111_\u00dc_24<\/td>\n<\/tr>\n<tr class=\"row-3\">\n\t<td class=\"column-1\">Aufnahmegrund:<\/td><td class=\"column-2\">\u00dcbereignung<\/td>\n<\/tr>\n<tr class=\"row-4\">\n\t<td class=\"column-1\">Im Tierheim seit:<\/td><td class=\"column-2\">14.09.2024<\/td>\n<\/tr>\n<tr class=\"row-5\">\n\t<td class=\"column-1\">Rasse:<\/td><td class=\"column-2\">EKH<br \/>\n<\/td>\n<\/tr>\n<tr class=\"row-6\">\n\t<td class=\"column-1\">Geschlecht:<\/td><td class=\"column-2\">m\u00e4nnlich<\/td>\n<\/tr>\n<tr class=\"row-7\">\n\t<td class=\"column-1\">Farbe\/Felll\u00e4nge:<\/td><td class=\"column-2\">getigert mit wei\u00df<\/td>\n<\/tr>\n<tr class=\"row-8\">\n\t<td class=\"column-1\">Geburtsdatum:<\/td><td class=\"column-2\">29.05.2024<\/td>\n<\/tr>\n<tr class=\"row-9\">\n\t<td class=\"column-1\">Schulterh\u00f6he\/Gewicht:<\/td><td class=\"column-2\"><\/td>\n<\/tr>\n<tr class=\"row-10\">\n\t<td class=\"column-1\">Fundort\/Abgabegrund:<\/td><td class=\"column-2\">\u00dcbereignung<\/td>\n<\/tr>\n<tr class=\"row-11\">\n\t<td class=\"column-1\">Tierbeschreibung:<\/td><td class=\"column-2\">Wohnung mit gesichertem Balkon<\/td>\n<\/tr>\n<\/tbody>\n<\/table>\n\n\n\n\n<div style=\"height:100px\" aria-hidden=\"true\" class=\"wp-block-spacer\"><\/div>\n\n\n\n<p>Abraxas und Odin sollten einen tierischen Haushalt vervollst\u00e4ndigen, aber leider war der dort bereits wohnende Hund mit der Entscheidung seiner Menschen so gar nicht einverstanden.<\/p>\n\n\n\n<p>So kamen die beiden jungen Kater zu uns, um nun ein harmonisches Zuhause ohne oder mit katzenvertr\u00e4glichem Hund zu finden. <\/p>\n\n\n\n<p><\/p>\n\n\n\n<figure class=\"wp-block-gallery has-nested-images columns-default is-cropped wp-block-gallery-1 is-layout-flex wp-block-gallery-is-layout-flex\">\n<figure class=\"wp-block-image size-large\"><a href=\"https:\/\/tierheim-moers.de\/Wordpress\/wp-content\/uploads\/2024\/09\/20240924_131124-scaled.jpg\"><img fetchpriority=\"high\" decoding=\"async\" width=\"748\" height=\"1024\" data-id=\"58064\" src=\"https:\/\/tierheim-moers.de\/Wordpress\/wp-content\/uploads\/2024\/09\/20240924_131124-748x1024.jpg\" alt=\"\" class=\"wp-image-58064\" srcset=\"https:\/\/tierheim-moers.de\/Wordpress\/wp-content\/uploads\/2024\/09\/20240924_131124-748x1024.jpg 748w, https:\/\/tierheim-moers.de\/Wordpress\/wp-content\/uploads\/2024\/09\/20240924_131124-219x300.jpg 219w, https:\/\/tierheim-moers.de\/Wordpress\/wp-content\/uploads\/2024\/09\/20240924_131124-768x1052.jpg 768w, https:\/\/tierheim-moers.de\/Wordpress\/wp-content\/uploads\/2024\/09\/20240924_131124-1122x1536.jpg 1122w, https:\/\/tierheim-moers.de\/Wordpress\/wp-content\/uploads\/2024\/09\/20240924_131124-1495x2048.jpg 1495w, https:\/\/tierheim-moers.de\/Wordpress\/wp-content\/uploads\/2024\/09\/20240924_131124-700x959.jpg 700w, https:\/\/tierheim-moers.de\/Wordpress\/wp-content\/uploads\/2024\/09\/20240924_131124-1320x1808.jpg 1320w, https:\/\/tierheim-moers.de\/Wordpress\/wp-content\/uploads\/2024\/09\/20240924_131124-scaled.jpg 1869w\" sizes=\"(max-width: 748px) 100vw, 748px\" \/><\/a><figcaption class=\"wp-element-caption\">Odin<\/figcaption><\/figure>\n\n\n\n<figure class=\"wp-block-image size-large\"><a href=\"https:\/\/tierheim-moers.de\/Wordpress\/wp-content\/uploads\/2024\/09\/20240924_131205-scaled.jpg\"><img decoding=\"async\" width=\"717\" height=\"1024\" data-id=\"58063\" src=\"https:\/\/tierheim-moers.de\/Wordpress\/wp-content\/uploads\/2024\/09\/20240924_131205-717x1024.jpg\" alt=\"\" class=\"wp-image-58063\" srcset=\"https:\/\/tierheim-moers.de\/Wordpress\/wp-content\/uploads\/2024\/09\/20240924_131205-717x1024.jpg 717w, https:\/\/tierheim-moers.de\/Wordpress\/wp-content\/uploads\/2024\/09\/20240924_131205-210x300.jpg 210w, https:\/\/tierheim-moers.de\/Wordpress\/wp-content\/uploads\/2024\/09\/20240924_131205-768x1098.jpg 768w, https:\/\/tierheim-moers.de\/Wordpress\/wp-content\/uploads\/2024\/09\/20240924_131205-1075x1536.jpg 1075w, https:\/\/tierheim-moers.de\/Wordpress\/wp-content\/uploads\/2024\/09\/20240924_131205-1433x2048.jpg 1433w, https:\/\/tierheim-moers.de\/Wordpress\/wp-content\/uploads\/2024\/09\/20240924_131205-700x1000.jpg 700w, https:\/\/tierheim-moers.de\/Wordpress\/wp-content\/uploads\/2024\/09\/20240924_131205-1320x1886.jpg 1320w, https:\/\/tierheim-moers.de\/Wordpress\/wp-content\/uploads\/2024\/09\/20240924_131205-scaled.jpg 1791w\" sizes=\"(max-width: 717px) 100vw, 717px\" \/><\/a><figcaption class=\"wp-element-caption\">Abraxas<\/figcaption><\/figure>\n<\/figure>\n\n\n\n<p><\/p>\n\n\n\n<p>Abraxas und Odin sind sehr mit dem Menschen vertraut und entsprechend verschmust und verspielt. W\u00e4hrend Odin noch manchmal vor sich hintr\u00e4umt, lebt Abraxas seine &#8220;Hoppla hier komme ich&#8221;-Seite gerne aus. <\/p>\n\n\n\n<p><\/p>\n\n\n\n<figure class=\"wp-block-gallery has-nested-images columns-default is-cropped wp-block-gallery-2 is-layout-flex wp-block-gallery-is-layout-flex\">\n<figure class=\"wp-block-image size-large\"><a href=\"https:\/\/tierheim-moers.de\/Wordpress\/wp-content\/uploads\/2024\/09\/20240924_130904.jpg\"><img decoding=\"async\" width=\"1024\" height=\"1024\" data-id=\"58070\" src=\"https:\/\/tierheim-moers.de\/Wordpress\/wp-content\/uploads\/2024\/09\/20240924_130904-1024x1024.jpg\" alt=\"\" class=\"wp-image-58070\" srcset=\"https:\/\/tierheim-moers.de\/Wordpress\/wp-content\/uploads\/2024\/09\/20240924_130904-1024x1024.jpg 1024w, https:\/\/tierheim-moers.de\/Wordpress\/wp-content\/uploads\/2024\/09\/20240924_130904-300x300.jpg 300w, https:\/\/tierheim-moers.de\/Wordpress\/wp-content\/uploads\/2024\/09\/20240924_130904-150x150.jpg 150w, https:\/\/tierheim-moers.de\/Wordpress\/wp-content\/uploads\/2024\/09\/20240924_130904-768x768.jpg 768w, https:\/\/tierheim-moers.de\/Wordpress\/wp-content\/uploads\/2024\/09\/20240924_130904-1536x1536.jpg 1536w, https:\/\/tierheim-moers.de\/Wordpress\/wp-content\/uploads\/2024\/09\/20240924_130904-2048x2048.jpg 2048w, https:\/\/tierheim-moers.de\/Wordpress\/wp-content\/uploads\/2024\/09\/20240924_130904-432x432.jpg 432w, https:\/\/tierheim-moers.de\/Wordpress\/wp-content\/uploads\/2024\/09\/20240924_130904-268x268.jpg 268w, https:\/\/tierheim-moers.de\/Wordpress\/wp-content\/uploads\/2024\/09\/20240924_130904-700x700.jpg 700w, https:\/\/tierheim-moers.de\/Wordpress\/wp-content\/uploads\/2024\/09\/20240924_130904-1320x1320.jpg 1320w, https:\/\/tierheim-moers.de\/Wordpress\/wp-content\/uploads\/2024\/09\/20240924_130904-45x45.jpg 45w\" sizes=\"(max-width: 1024px) 100vw, 1024px\" \/><\/a><\/figure>\n\n\n\n<figure class=\"wp-block-image size-large\"><a href=\"https:\/\/tierheim-moers.de\/Wordpress\/wp-content\/uploads\/2024\/09\/20240924_130931-scaled.jpg\"><img loading=\"lazy\" decoding=\"async\" width=\"1024\" height=\"754\" data-id=\"58069\" src=\"https:\/\/tierheim-moers.de\/Wordpress\/wp-content\/uploads\/2024\/09\/20240924_130931-1024x754.jpg\" alt=\"\" class=\"wp-image-58069\" srcset=\"https:\/\/tierheim-moers.de\/Wordpress\/wp-content\/uploads\/2024\/09\/20240924_130931-1024x754.jpg 1024w, https:\/\/tierheim-moers.de\/Wordpress\/wp-content\/uploads\/2024\/09\/20240924_130931-300x221.jpg 300w, https:\/\/tierheim-moers.de\/Wordpress\/wp-content\/uploads\/2024\/09\/20240924_130931-768x565.jpg 768w, https:\/\/tierheim-moers.de\/Wordpress\/wp-content\/uploads\/2024\/09\/20240924_130931-1536x1130.jpg 1536w, https:\/\/tierheim-moers.de\/Wordpress\/wp-content\/uploads\/2024\/09\/20240924_130931-2048x1507.jpg 2048w, https:\/\/tierheim-moers.de\/Wordpress\/wp-content\/uploads\/2024\/09\/20240924_130931-700x515.jpg 700w, https:\/\/tierheim-moers.de\/Wordpress\/wp-content\/uploads\/2024\/09\/20240924_130931-1320x971.jpg 1320w\" sizes=\"(max-width: 1024px) 100vw, 1024px\" \/><\/a><\/figure>\n<\/figure>\n\n\n\n<p><\/p>\n\n\n\n<p>Wenn man in das Katzenzimmer kommt, merkt man schnell, dass Abraxas und Odin sich gut kennen und sehr vertraut miteinander sind &#8211; deshalb sollen sie auch gemeinsam in ein neues Zuhause ziehen.<\/p>\n\n\n\n<p>Kitten brauchen viel Ansprache und Zuwendung, um eine gute Bindung zum Menschen aufbauen zu k\u00f6nnen und ein kleines bisschen Do\u00b4s und Dont`s mit auf dem Weg zu bekommen. Auch wenn sie noch viele Ruhepausen einlegen, sollte das \u00fcber den Tag verteilt gegeben sein. Keinesfalls sollten sie regelm\u00e4\u00dfig ganzt\u00e4gig ohne die Interaktion zu ihrem Menschen sein.<\/p>\n\n\n\n<p><em>Spontane Besuche sind leider nicht m\u00f6glich. Bei Interesse an Abraxas und Odin stehen die vermittelnden Kollegen f\u00fcr telefonische Erstgespr\u00e4che von Montag bis Freitag von 14 \u2013 17 Uhr und Samstag von 13 \u2013 16 Uhr zur Verf\u00fcgung.<\/em><\/p>\n\n\n\n<p><em>Wir bitten darum, sich an diese Zeiten zu halten, da nach den regul\u00e4ren Telefonzeiten alle Gespr\u00e4che in den Notdienst umgeleitet werden und dieser nat\u00fcrlich Notf\u00e4llen vorbehalten ist.<\/em><\/p>\n\n\n\n<p><em>Alternativ erreichen Sie die vermittelnden Kollegen auch per Email: tierpfleger@tierheim-moers.de<\/em><\/p>\n<div class=\"shariff shariff-align-flex-start shariff-widget-align-center\" data-url=\"https%3A%2F%2Ftierheim-moers.de%2FWordpress%2Fabraxas-odin-hatten-kein-glueck-mit-dem-hund%2F\" data-timestamp=\"1727522170\" data-hidezero=\"1\" data-backendurl=\"https:\/\/tierheim-moers.de\/Wordpress\/wp-json\/shariff\/v1\/share_counts?\"><ul class=\"shariff-buttons theme-round orientation-horizontal buttonsize-small\"><li class=\"shariff-button facebook shariff-nocustomcolor\" style=\"background-color:#4273c8\"><a href=\"https:\/\/www.facebook.com\/sharer\/sharer.php?u=https%3A%2F%2Ftierheim-moers.de%2FWordpress%2Fabraxas-odin-hatten-kein-glueck-mit-dem-hund%2F\" title=\"Bei Facebook teilen\" aria-label=\"Bei Facebook teilen\" role=\"button\" rel=\"nofollow\" class=\"shariff-link\" style=\"; background-color:#3b5998; color:#fff\" target=\"_blank\"><span class=\"shariff-icon\" style=\"\"><svg width=\"32px\" height=\"20px\" xmlns=\"http:\/\/www.w3.org\/2000\/svg\" viewBox=\"0 0 18 32\"><path fill=\"#3b5998\" d=\"M17.1 0.2v4.7h-2.8q-1.5 0-2.1 0.6t-0.5 1.9v3.4h5.2l-0.7 5.3h-4.5v13.6h-5.5v-13.6h-4.5v-5.3h4.5v-3.9q0-3.3 1.9-5.2t5-1.8q2.6 0 4.1 0.2z\"\/><\/svg><\/span><\/a><\/li><li class=\"shariff-button twitter shariff-nocustomcolor\" style=\"background-color:#595959\"><a href=\"https:\/\/twitter.com\/share?url=https%3A%2F%2Ftierheim-moers.de%2FWordpress%2Fabraxas-odin-hatten-kein-glueck-mit-dem-hund%2F&text=Abraxas%20%26%20Odin%20%E2%80%A6%20hatten%20kein%20Gl%C3%BCck%20mit%20dem%20Hund%20%E2%80%93%20vermittelt%2027.09.2024\" title=\"Bei X teilen\" aria-label=\"Bei X teilen\" role=\"button\" rel=\"noopener nofollow\" class=\"shariff-link\" style=\"; background-color:#000; color:#fff\" target=\"_blank\"><span class=\"shariff-icon\" style=\"\"><svg width=\"32px\" height=\"20px\" xmlns=\"http:\/\/www.w3.org\/2000\/svg\" viewBox=\"0 0 24 24\"><path fill=\"#000\" d=\"M14.258 10.152L23.176 0h-2.113l-7.747 8.813L7.133 0H0l9.352 13.328L0 23.973h2.113l8.176-9.309 6.531 9.309h7.133zm-2.895 3.293l-.949-1.328L2.875 1.56h3.246l6.086 8.523.945 1.328 7.91 11.078h-3.246zm0 0\"\/><\/svg><\/span><\/a><\/li><li class=\"shariff-button whatsapp shariff-nocustomcolor\" style=\"background-color:#5cbe4a\"><a href=\"https:\/\/api.whatsapp.com\/send?text=https%3A%2F%2Ftierheim-moers.de%2FWordpress%2Fabraxas-odin-hatten-kein-glueck-mit-dem-hund%2F%20Abraxas%20%26%20Odin%20%E2%80%A6%20hatten%20kein%20Gl%C3%BCck%20mit%20dem%20Hund%20%E2%80%93%20vermittelt%2027.09.2024\" title=\"Bei Whatsapp teilen\" aria-label=\"Bei Whatsapp teilen\" role=\"button\" rel=\"noopener nofollow\" class=\"shariff-link\" style=\"; background-color:#34af23; color:#fff\" target=\"_blank\"><span class=\"shariff-icon\" style=\"\"><svg width=\"32px\" height=\"20px\" xmlns=\"http:\/\/www.w3.org\/2000\/svg\" viewBox=\"0 0 32 32\"><path fill=\"#34af23\" d=\"M17.6 17.4q0.2 0 1.7 0.8t1.6 0.9q0 0.1 0 0.3 0 0.6-0.3 1.4-0.3 0.7-1.3 1.2t-1.8 0.5q-1 0-3.4-1.1-1.7-0.8-3-2.1t-2.6-3.3q-1.3-1.9-1.3-3.5v-0.1q0.1-1.6 1.3-2.8 0.4-0.4 0.9-0.4 0.1 0 0.3 0t0.3 0q0.3 0 0.5 0.1t0.3 0.5q0.1 0.4 0.6 1.6t0.4 1.3q0 0.4-0.6 1t-0.6 0.8q0 0.1 0.1 0.3 0.6 1.3 1.8 2.4 1 0.9 2.7 1.8 0.2 0.1 0.4 0.1 0.3 0 1-0.9t0.9-0.9zM14 26.9q2.3 0 4.3-0.9t3.6-2.4 2.4-3.6 0.9-4.3-0.9-4.3-2.4-3.6-3.6-2.4-4.3-0.9-4.3 0.9-3.6 2.4-2.4 3.6-0.9 4.3q0 3.6 2.1 6.6l-1.4 4.2 4.3-1.4q2.8 1.9 6.2 1.9zM14 2.2q2.7 0 5.2 1.1t4.3 2.9 2.9 4.3 1.1 5.2-1.1 5.2-2.9 4.3-4.3 2.9-5.2 1.1q-3.5 0-6.5-1.7l-7.4 2.4 2.4-7.2q-1.9-3.2-1.9-6.9 0-2.7 1.1-5.2t2.9-4.3 4.3-2.9 5.2-1.1z\"\/><\/svg><\/span><\/a><\/li><li class=\"shariff-button sms shariff-nocustomcolor shariff-mobile\" style=\"background-color:#d7d9d8\"><a href=\"sms:?&body=https%3A%2F%2Ftierheim-moers.de%2FWordpress%2Fabraxas-odin-hatten-kein-glueck-mit-dem-hund%2F\" title=\"Per SMS teilen\" aria-label=\"Per SMS teilen\" role=\"button\" rel=\"noopener nofollow\" class=\"shariff-link\" style=\"; background-color:#a1e877; color:#fff\" target=\"_blank\"><span class=\"shariff-icon\" style=\"\"><svg xmlns=\"http:\/\/www.w3.org\/2000\/svg\" width=\"510\" height=\"510\" viewBox=\"0 0 510 510\"><path fill=\"#a1e877\" d=\"M459 0H51C23 0 0 23 0 51v459l102-102h357c28.1 0 51-22.9 51-51V51C510 23 487.1 0 459 0zM178.5 229.5h-51v-51h51V229.5zM280.5 229.5h-51v-51h51V229.5zM382.5 229.5h-51v-51h51V229.5z\"\/><\/svg><\/span><\/a><\/li><\/ul><\/div>","protected":false},"excerpt":{"rendered":"<p>Abraxas und Odin sollten einen tierischen Haushalt vervollst\u00e4ndigen, aber leider war der dort bereits wohnende Hund mit der Entscheidung seiner Menschen so gar nicht einverstanden. So kamen die beiden jungen Kater zu uns, um nun ein harmonisches Zuhause ohne oder mit katzenvertr\u00e4glichem Hund zu finden. Abraxas und Odin sind sehr &#8230;<\/p>\n","protected":false},"author":7,"featured_media":58066,"comment_status":"closed","ping_status":"open","sticky":false,"template":"","format":"standard","meta":{"ngg_post_thumbnail":0,"footnotes":""},"categories":[10],"tags":[],"class_list":["post-58074","post","type-post","status-publish","format-standard","has-post-thumbnail","hentry","category-vermittelt","column","threecol","has-thumbnail"],"yoast_head":"<!-- This site is optimized with the Yoast SEO plugin v24.6 - https:\/\/yoast.com\/wordpress\/plugins\/seo\/ -->\n<title>Abraxas &amp; Odin ... hatten kein Gl\u00fcck mit dem Hund - vermittelt 27.09.2024 | TIERHEIM MOERS<\/title>\n<meta name=\"robots\" content=\"index, follow, max-snippet:-1, max-image-preview:large, max-video-preview:-1\" \/>\n<link rel=\"canonical\" href=\"https:\/\/tierheim-moers.de\/Wordpress\/abraxas-odin-hatten-kein-glueck-mit-dem-hund\/\" \/>\n<meta property=\"og:locale\" content=\"de_DE\" \/>\n<meta property=\"og:type\" content=\"article\" \/>\n<meta property=\"og:title\" content=\"Abraxas &amp; Odin ... hatten kein Gl\u00fcck mit dem Hund - vermittelt 27.09.2024 | TIERHEIM MOERS\" \/>\n<meta property=\"og:description\" content=\"Abraxas und Odin sollten einen tierischen Haushalt vervollst\u00e4ndigen, aber leider war der dort bereits wohnende Hund mit der Entscheidung seiner Menschen so &#8230;\" \/>\n<meta property=\"og:url\" content=\"https:\/\/tierheim-moers.de\/Wordpress\/abraxas-odin-hatten-kein-glueck-mit-dem-hund\/\" \/>\n<meta property=\"og:site_name\" content=\"TIERHEIM MOERS\" \/>\n<meta property=\"article:publisher\" content=\"https:\/\/de-de.facebook.com\/moers.tierheim\" \/>\n<meta property=\"article:published_time\" content=\"2024-09-28T09:16:08+00:00\" \/>\n<meta property=\"article:modified_time\" content=\"2024-09-28T09:16:10+00:00\" \/>\n<meta property=\"og:image\" content=\"https:\/\/tierheim-moers.de\/Wordpress\/wp-content\/uploads\/2024\/09\/20240924_131040-scaled.jpg\" \/>\n\t<meta property=\"og:image:width\" content=\"2560\" \/>\n\t<meta property=\"og:image:height\" content=\"1740\" \/>\n\t<meta property=\"og:image:type\" content=\"image\/jpeg\" \/>\n<meta name=\"author\" content=\"Kathrin Novotny\" \/>\n<meta name=\"twitter:card\" content=\"summary_large_image\" \/>\n<meta name=\"twitter:label1\" content=\"Verfasst von\" \/>\n\t<meta name=\"twitter:data1\" content=\"Kathrin Novotny\" \/>\n\t<meta name=\"twitter:label2\" content=\"Gesch\u00e4tzte Lesezeit\" \/>\n\t<meta name=\"twitter:data2\" content=\"3\u00a0Minuten\" \/>\n<script type=\"application\/ld+json\" class=\"yoast-schema-graph\">{\"@context\":\"https:\/\/schema.org\",\"@graph\":[{\"@type\":\"Article\",\"@id\":\"https:\/\/tierheim-moers.de\/Wordpress\/abraxas-odin-hatten-kein-glueck-mit-dem-hund\/#article\",\"isPartOf\":{\"@id\":\"https:\/\/tierheim-moers.de\/Wordpress\/abraxas-odin-hatten-kein-glueck-mit-dem-hund\/\"},\"author\":{\"name\":\"Kathrin Novotny\",\"@id\":\"https:\/\/tierheim-moers.de\/Wordpress\/#\/schema\/person\/167de77fdd5ff85153606cdd34a5ffbc\"},\"headline\":\"Abraxas &amp; Odin &#8230; hatten kein Gl\u00fcck mit dem Hund &#8211; vermittelt 27.09.2024\",\"datePublished\":\"2024-09-28T09:16:08+00:00\",\"dateModified\":\"2024-09-28T09:16:10+00:00\",\"mainEntityOfPage\":{\"@id\":\"https:\/\/tierheim-moers.de\/Wordpress\/abraxas-odin-hatten-kein-glueck-mit-dem-hund\/\"},\"wordCount\":266,\"publisher\":{\"@id\":\"https:\/\/tierheim-moers.de\/Wordpress\/#organization\"},\"image\":{\"@id\":\"https:\/\/tierheim-moers.de\/Wordpress\/abraxas-odin-hatten-kein-glueck-mit-dem-hund\/#primaryimage\"},\"thumbnailUrl\":\"https:\/\/tierheim-moers.de\/Wordpress\/wp-content\/uploads\/2024\/09\/20240924_131040-scaled.jpg\",\"articleSection\":[\"Vermittelt\"],\"inLanguage\":\"de\"},{\"@type\":\"WebPage\",\"@id\":\"https:\/\/tierheim-moers.de\/Wordpress\/abraxas-odin-hatten-kein-glueck-mit-dem-hund\/\",\"url\":\"https:\/\/tierheim-moers.de\/Wordpress\/abraxas-odin-hatten-kein-glueck-mit-dem-hund\/\",\"name\":\"Abraxas &amp; Odin ... hatten kein Gl\u00fcck mit dem Hund - vermittelt 27.09.2024 | TIERHEIM MOERS\",\"isPartOf\":{\"@id\":\"https:\/\/tierheim-moers.de\/Wordpress\/#website\"},\"primaryImageOfPage\":{\"@id\":\"https:\/\/tierheim-moers.de\/Wordpress\/abraxas-odin-hatten-kein-glueck-mit-dem-hund\/#primaryimage\"},\"image\":{\"@id\":\"https:\/\/tierheim-moers.de\/Wordpress\/abraxas-odin-hatten-kein-glueck-mit-dem-hund\/#primaryimage\"},\"thumbnailUrl\":\"https:\/\/tierheim-moers.de\/Wordpress\/wp-content\/uploads\/2024\/09\/20240924_131040-scaled.jpg\",\"datePublished\":\"2024-09-28T09:16:08+00:00\",\"dateModified\":\"2024-09-28T09:16:10+00:00\",\"breadcrumb\":{\"@id\":\"https:\/\/tierheim-moers.de\/Wordpress\/abraxas-odin-hatten-kein-glueck-mit-dem-hund\/#breadcrumb\"},\"inLanguage\":\"de\",\"potentialAction\":[{\"@type\":\"ReadAction\",\"target\":[\"https:\/\/tierheim-moers.de\/Wordpress\/abraxas-odin-hatten-kein-glueck-mit-dem-hund\/\"]}]},{\"@type\":\"ImageObject\",\"inLanguage\":\"de\",\"@id\":\"https:\/\/tierheim-moers.de\/Wordpress\/abraxas-odin-hatten-kein-glueck-mit-dem-hund\/#primaryimage\",\"url\":\"https:\/\/tierheim-moers.de\/Wordpress\/wp-content\/uploads\/2024\/09\/20240924_131040-scaled.jpg\",\"contentUrl\":\"https:\/\/tierheim-moers.de\/Wordpress\/wp-content\/uploads\/2024\/09\/20240924_131040-scaled.jpg\",\"width\":2560,\"height\":1740},{\"@type\":\"BreadcrumbList\",\"@id\":\"https:\/\/tierheim-moers.de\/Wordpress\/abraxas-odin-hatten-kein-glueck-mit-dem-hund\/#breadcrumb\",\"itemListElement\":[{\"@type\":\"ListItem\",\"position\":1,\"name\":\"Startseite\",\"item\":\"https:\/\/tierheim-moers.de\/Wordpress\/\"},{\"@type\":\"ListItem\",\"position\":2,\"name\":\"Abraxas &amp; Odin &#8230; hatten kein Gl\u00fcck mit dem Hund &#8211; vermittelt 27.09.2024\"}]},{\"@type\":\"WebSite\",\"@id\":\"https:\/\/tierheim-moers.de\/Wordpress\/#website\",\"url\":\"https:\/\/tierheim-moers.de\/Wordpress\/\",\"name\":\"Tierheim Moers\",\"description\":\"Tierheim | Hundepension | Tierschutz | Moers\",\"publisher\":{\"@id\":\"https:\/\/tierheim-moers.de\/Wordpress\/#organization\"},\"potentialAction\":[{\"@type\":\"SearchAction\",\"target\":{\"@type\":\"EntryPoint\",\"urlTemplate\":\"https:\/\/tierheim-moers.de\/Wordpress\/?s={search_term_string}\"},\"query-input\":{\"@type\":\"PropertyValueSpecification\",\"valueRequired\":true,\"valueName\":\"search_term_string\"}}],\"inLanguage\":\"de\"},{\"@type\":\"Organization\",\"@id\":\"https:\/\/tierheim-moers.de\/Wordpress\/#organization\",\"name\":\"Tierheim Moers\",\"url\":\"https:\/\/tierheim-moers.de\/Wordpress\/\",\"logo\":{\"@type\":\"ImageObject\",\"inLanguage\":\"de\",\"@id\":\"https:\/\/tierheim-moers.de\/Wordpress\/#\/schema\/logo\/image\/\",\"url\":\"https:\/\/tierheim-moers.de\/Wordpress\/wp-content\/uploads\/2014\/04\/Logo-TSV-Moers-V01-RGB-300.png\",\"contentUrl\":\"https:\/\/tierheim-moers.de\/Wordpress\/wp-content\/uploads\/2014\/04\/Logo-TSV-Moers-V01-RGB-300.png\",\"width\":1052,\"height\":1038,\"caption\":\"Tierheim Moers\"},\"image\":{\"@id\":\"https:\/\/tierheim-moers.de\/Wordpress\/#\/schema\/logo\/image\/\"},\"sameAs\":[\"https:\/\/de-de.facebook.com\/moers.tierheim\"]},{\"@type\":\"Person\",\"@id\":\"https:\/\/tierheim-moers.de\/Wordpress\/#\/schema\/person\/167de77fdd5ff85153606cdd34a5ffbc\",\"name\":\"Kathrin Novotny\",\"image\":{\"@type\":\"ImageObject\",\"inLanguage\":\"de\",\"@id\":\"https:\/\/tierheim-moers.de\/Wordpress\/#\/schema\/person\/image\/\",\"url\":\"https:\/\/secure.gravatar.com\/avatar\/8dbd3a3cd58d0e299cb5bd95a6d53c79eebe36713eda62bbb3c41a749d06346f?s=96&d=mm&r=g\",\"contentUrl\":\"https:\/\/secure.gravatar.com\/avatar\/8dbd3a3cd58d0e299cb5bd95a6d53c79eebe36713eda62bbb3c41a749d06346f?s=96&d=mm&r=g\",\"caption\":\"Kathrin Novotny\"},\"url\":\"https:\/\/tierheim-moers.de\/Wordpress\/author\/kathrin\/\"}]}<\/script>\n<!-- \/ Yoast SEO plugin. -->","yoast_head_json":{"title":"Abraxas &amp; Odin ... hatten kein Gl\u00fcck mit dem Hund - vermittelt 27.09.2024 | TIERHEIM MOERS","robots":{"index":"index","follow":"follow","max-snippet":"max-snippet:-1","max-image-preview":"max-image-preview:large","max-video-preview":"max-video-preview:-1"},"canonical":"https:\/\/tierheim-moers.de\/Wordpress\/abraxas-odin-hatten-kein-glueck-mit-dem-hund\/","og_locale":"de_DE","og_type":"article","og_title":"Abraxas &amp; Odin ... hatten kein Gl\u00fcck mit dem Hund - vermittelt 27.09.2024 | TIERHEIM MOERS","og_description":"Abraxas und Odin sollten einen tierischen Haushalt vervollst\u00e4ndigen, aber leider war der dort bereits wohnende Hund mit der Entscheidung seiner Menschen so &#8230;","og_url":"https:\/\/tierheim-moers.de\/Wordpress\/abraxas-odin-hatten-kein-glueck-mit-dem-hund\/","og_site_name":"TIERHEIM MOERS","article_publisher":"https:\/\/de-de.facebook.com\/moers.tierheim","article_published_time":"2024-09-28T09:16:08+00:00","article_modified_time":"2024-09-28T09:16:10+00:00","og_image":[{"width":2560,"height":1740,"url":"https:\/\/tierheim-moers.de\/Wordpress\/wp-content\/uploads\/2024\/09\/20240924_131040-scaled.jpg","type":"image\/jpeg"}],"author":"Kathrin Novotny","twitter_card":"summary_large_image","twitter_misc":{"Verfasst von":"Kathrin Novotny","Gesch\u00e4tzte Lesezeit":"3\u00a0Minuten"},"schema":{"@context":"https:\/\/schema.org","@graph":[{"@type":"Article","@id":"https:\/\/tierheim-moers.de\/Wordpress\/abraxas-odin-hatten-kein-glueck-mit-dem-hund\/#article","isPartOf":{"@id":"https:\/\/tierheim-moers.de\/Wordpress\/abraxas-odin-hatten-kein-glueck-mit-dem-hund\/"},"author":{"name":"Kathrin Novotny","@id":"https:\/\/tierheim-moers.de\/Wordpress\/#\/schema\/person\/167de77fdd5ff85153606cdd34a5ffbc"},"headline":"Abraxas &amp; Odin &#8230; hatten kein Gl\u00fcck mit dem Hund &#8211; vermittelt 27.09.2024","datePublished":"2024-09-28T09:16:08+00:00","dateModified":"2024-09-28T09:16:10+00:00","mainEntityOfPage":{"@id":"https:\/\/tierheim-moers.de\/Wordpress\/abraxas-odin-hatten-kein-glueck-mit-dem-hund\/"},"wordCount":266,"publisher":{"@id":"https:\/\/tierheim-moers.de\/Wordpress\/#organization"},"image":{"@id":"https:\/\/tierheim-moers.de\/Wordpress\/abraxas-odin-hatten-kein-glueck-mit-dem-hund\/#primaryimage"},"thumbnailUrl":"https:\/\/tierheim-moers.de\/Wordpress\/wp-content\/uploads\/2024\/09\/20240924_131040-scaled.jpg","articleSection":["Vermittelt"],"inLanguage":"de"},{"@type":"WebPage","@id":"https:\/\/tierheim-moers.de\/Wordpress\/abraxas-odin-hatten-kein-glueck-mit-dem-hund\/","url":"https:\/\/tierheim-moers.de\/Wordpress\/abraxas-odin-hatten-kein-glueck-mit-dem-hund\/","name":"Abraxas &amp; Odin ... hatten kein Gl\u00fcck mit dem Hund - vermittelt 27.09.2024 | TIERHEIM MOERS","isPartOf":{"@id":"https:\/\/tierheim-moers.de\/Wordpress\/#website"},"primaryImageOfPage":{"@id":"https:\/\/tierheim-moers.de\/Wordpress\/abraxas-odin-hatten-kein-glueck-mit-dem-hund\/#primaryimage"},"image":{"@id":"https:\/\/tierheim-moers.de\/Wordpress\/abraxas-odin-hatten-kein-glueck-mit-dem-hund\/#primaryimage"},"thumbnailUrl":"https:\/\/tierheim-moers.de\/Wordpress\/wp-content\/uploads\/2024\/09\/20240924_131040-scaled.jpg","datePublished":"2024-09-28T09:16:08+00:00","dateModified":"2024-09-28T09:16:10+00:00","breadcrumb":{"@id":"https:\/\/tierheim-moers.de\/Wordpress\/abraxas-odin-hatten-kein-glueck-mit-dem-hund\/#breadcrumb"},"inLanguage":"de","potentialAction":[{"@type":"ReadAction","target":["https:\/\/tierheim-moers.de\/Wordpress\/abraxas-odin-hatten-kein-glueck-mit-dem-hund\/"]}]},{"@type":"ImageObject","inLanguage":"de","@id":"https:\/\/tierheim-moers.de\/Wordpress\/abraxas-odin-hatten-kein-glueck-mit-dem-hund\/#primaryimage","url":"https:\/\/tierheim-moers.de\/Wordpress\/wp-content\/uploads\/2024\/09\/20240924_131040-scaled.jpg","contentUrl":"https:\/\/tierheim-moers.de\/Wordpress\/wp-content\/uploads\/2024\/09\/20240924_131040-scaled.jpg","width":2560,"height":1740},{"@type":"BreadcrumbList","@id":"https:\/\/tierheim-moers.de\/Wordpress\/abraxas-odin-hatten-kein-glueck-mit-dem-hund\/#breadcrumb","itemListElement":[{"@type":"ListItem","position":1,"name":"Startseite","item":"https:\/\/tierheim-moers.de\/Wordpress\/"},{"@type":"ListItem","position":2,"name":"Abraxas &amp; Odin &#8230; hatten kein Gl\u00fcck mit dem Hund &#8211; vermittelt 27.09.2024"}]},{"@type":"WebSite","@id":"https:\/\/tierheim-moers.de\/Wordpress\/#website","url":"https:\/\/tierheim-moers.de\/Wordpress\/","name":"Tierheim Moers","description":"Tierheim | Hundepension | Tierschutz | Moers","publisher":{"@id":"https:\/\/tierheim-moers.de\/Wordpress\/#organization"},"potentialAction":[{"@type":"SearchAction","target":{"@type":"EntryPoint","urlTemplate":"https:\/\/tierheim-moers.de\/Wordpress\/?s={search_term_string}"},"query-input":{"@type":"PropertyValueSpecification","valueRequired":true,"valueName":"search_term_string"}}],"inLanguage":"de"},{"@type":"Organization","@id":"https:\/\/tierheim-moers.de\/Wordpress\/#organization","name":"Tierheim Moers","url":"https:\/\/tierheim-moers.de\/Wordpress\/","logo":{"@type":"ImageObject","inLanguage":"de","@id":"https:\/\/tierheim-moers.de\/Wordpress\/#\/schema\/logo\/image\/","url":"https:\/\/tierheim-moers.de\/Wordpress\/wp-content\/uploads\/2014\/04\/Logo-TSV-Moers-V01-RGB-300.png","contentUrl":"https:\/\/tierheim-moers.de\/Wordpress\/wp-content\/uploads\/2014\/04\/Logo-TSV-Moers-V01-RGB-300.png","width":1052,"height":1038,"caption":"Tierheim Moers"},"image":{"@id":"https:\/\/tierheim-moers.de\/Wordpress\/#\/schema\/logo\/image\/"},"sameAs":["https:\/\/de-de.facebook.com\/moers.tierheim"]},{"@type":"Person","@id":"https:\/\/tierheim-moers.de\/Wordpress\/#\/schema\/person\/167de77fdd5ff85153606cdd34a5ffbc","name":"Kathrin Novotny","image":{"@type":"ImageObject","inLanguage":"de","@id":"https:\/\/tierheim-moers.de\/Wordpress\/#\/schema\/person\/image\/","url":"https:\/\/secure.gravatar.com\/avatar\/8dbd3a3cd58d0e299cb5bd95a6d53c79eebe36713eda62bbb3c41a749d06346f?s=96&d=mm&r=g","contentUrl":"https:\/\/secure.gravatar.com\/avatar\/8dbd3a3cd58d0e299cb5bd95a6d53c79eebe36713eda62bbb3c41a749d06346f?s=96&d=mm&r=g","caption":"Kathrin Novotny"},"url":"https:\/\/tierheim-moers.de\/Wordpress\/author\/kathrin\/"}]}},"_links":{"self":[{"href":"https:\/\/tierheim-moers.de\/Wordpress\/wp-json\/wp\/v2\/posts\/58074","targetHints":{"allow":["GET"]}}],"collection":[{"href":"https:\/\/tierheim-moers.de\/Wordpress\/wp-json\/wp\/v2\/posts"}],"about":[{"href":"https:\/\/tierheim-moers.de\/Wordpress\/wp-json\/wp\/v2\/types\/post"}],"author":[{"embeddable":true,"href":"https:\/\/tierheim-moers.de\/Wordpress\/wp-json\/wp\/v2\/users\/7"}],"replies":[{"embeddable":true,"href":"https:\/\/tierheim-moers.de\/Wordpress\/wp-json\/wp\/v2\/comments?post=58074"}],"version-history":[{"count":2,"href":"https:\/\/tierheim-moers.de\/Wordpress\/wp-json\/wp\/v2\/posts\/58074\/revisions"}],"predecessor-version":[{"id":58170,"href":"https:\/\/tierheim-moers.de\/Wordpress\/wp-json\/wp\/v2\/posts\/58074\/revisions\/58170"}],"wp:featuredmedia":[{"embeddable":true,"href":"https:\/\/tierheim-moers.de\/Wordpress\/wp-json\/wp\/v2\/media\/58066"}],"wp:attachment":[{"href":"https:\/\/tierheim-moers.de\/Wordpress\/wp-json\/wp\/v2\/media?parent=58074"}],"wp:term":[{"taxonomy":"category","embeddable":true,"href":"https:\/\/tierheim-moers.de\/Wordpress\/wp-json\/wp\/v2\/categories?post=58074"},{"taxonomy":"post_tag","embeddable":true,"href":"https:\/\/tierheim-moers.de\/Wordpress\/wp-json\/wp\/v2\/tags?post=58074"}],"curies":[{"name":"wp","href":"https:\/\/api.w.org\/{rel}","templated":true}]}}