{"id":59109,"date":"2025-02-03T16:48:44","date_gmt":"2025-02-03T14:48:44","guid":{"rendered":"https:\/\/tierheim-moers.de\/Wordpress\/?p=59109"},"modified":"2025-02-03T16:51:51","modified_gmt":"2025-02-03T14:51:51","slug":"fundkaninchen-aus-moers","status":"publish","type":"post","link":"https:\/\/tierheim-moers.de\/Wordpress\/fundkaninchen-aus-moers\/","title":{"rendered":"Nessa &#8211; Vermittelt mit Karl 03.02.2025"},"content":{"rendered":"\n<table id=\"tablepress-2390\" class=\"tablepress tablepress-id-2390\">\n<tbody class=\"row-striping row-hover\">\n<tr class=\"row-1\">\n\t<td class=\"column-1\">Name des Tiers:<\/td><td class=\"column-2\">Nessa<\/td>\n<\/tr>\n<tr class=\"row-2\">\n\t<td class=\"column-1\">Bestandsnummer:<\/td><td class=\"column-2\">14_F_25<\/td>\n<\/tr>\n<tr class=\"row-3\">\n\t<td class=\"column-1\">Aufnahmegrund:<\/td><td class=\"column-2\">Fundtier<\/td>\n<\/tr>\n<tr class=\"row-4\">\n\t<td class=\"column-1\">Im Tierheim seit:<\/td><td class=\"column-2\">17.01.2025<\/td>\n<\/tr>\n<tr class=\"row-5\">\n\t<td class=\"column-1\">Rasse:<\/td><td class=\"column-2\">Farbzwerg-Mix<\/td>\n<\/tr>\n<tr class=\"row-6\">\n\t<td class=\"column-1\">Geschlecht:<\/td><td class=\"column-2\">weiblich<\/td>\n<\/tr>\n<tr class=\"row-7\">\n\t<td class=\"column-1\">Farbe\/Felll\u00e4nge:<\/td><td class=\"column-2\">wei\u00df\/graubraun<\/td>\n<\/tr>\n<tr class=\"row-8\">\n\t<td class=\"column-1\">Geburtsdatum:<\/td><td class=\"column-2\">ca. 01.07.2024<\/td>\n<\/tr>\n<tr class=\"row-9\">\n\t<td class=\"column-1\">Schulterh\u00f6he\/Gewicht:<\/td><td class=\"column-2\"><\/td>\n<\/tr>\n<tr class=\"row-10\">\n\t<td class=\"column-1\">Fundort\/Abgabegrund:<\/td><td class=\"column-2\">Moers<\/td>\n<\/tr>\n<tr class=\"row-11\">\n\t<td class=\"column-1\">Tierbeschreibung:<\/td><td class=\"column-2\"><\/td>\n<\/tr>\n<\/tbody>\n<\/table>\n<!-- #tablepress-2390 from cache -->\n\n\n<div style=\"height:35px\" aria-hidden=\"true\" class=\"wp-block-spacer\"><\/div>\n\n\n\n<p class=\"wp-block-paragraph\">Nessa lief ganz alleine auf dem Parkplatz auf der R\u00f6merstra\u00dfe umher und konnte auch keinem Besitzer zugeordnet werden. Jetzt suchen wir f\u00fcr die Kleine ein neues Zuhause bei einem netten B\u00f6ckchen oder in einer passenden Gruppe.<\/p>\n\n\n\n<p class=\"wp-block-paragraph\"><\/p>\n\n\n\n<figure class=\"wp-block-image size-large is-resized\"><a href=\"https:\/\/tierheim-moers.de\/Wordpress\/wp-content\/uploads\/2025\/01\/Nessa4.jpg\"><img fetchpriority=\"high\" decoding=\"async\" width=\"1024\" height=\"1024\" src=\"https:\/\/tierheim-moers.de\/Wordpress\/wp-content\/uploads\/2025\/01\/Nessa4-1024x1024.jpg\" alt=\"\" class=\"wp-image-59138\" style=\"width:293px;height:auto\" srcset=\"https:\/\/tierheim-moers.de\/Wordpress\/wp-content\/uploads\/2025\/01\/Nessa4-1024x1024.jpg 1024w, https:\/\/tierheim-moers.de\/Wordpress\/wp-content\/uploads\/2025\/01\/Nessa4-300x300.jpg 300w, https:\/\/tierheim-moers.de\/Wordpress\/wp-content\/uploads\/2025\/01\/Nessa4-150x150.jpg 150w, https:\/\/tierheim-moers.de\/Wordpress\/wp-content\/uploads\/2025\/01\/Nessa4-768x768.jpg 768w, https:\/\/tierheim-moers.de\/Wordpress\/wp-content\/uploads\/2025\/01\/Nessa4-432x432.jpg 432w, https:\/\/tierheim-moers.de\/Wordpress\/wp-content\/uploads\/2025\/01\/Nessa4-268x268.jpg 268w, https:\/\/tierheim-moers.de\/Wordpress\/wp-content\/uploads\/2025\/01\/Nessa4-700x700.jpg 700w, https:\/\/tierheim-moers.de\/Wordpress\/wp-content\/uploads\/2025\/01\/Nessa4-45x45.jpg 45w, https:\/\/tierheim-moers.de\/Wordpress\/wp-content\/uploads\/2025\/01\/Nessa4.jpg 1200w\" sizes=\"(max-width: 1024px) 100vw, 1024px\" \/><\/a><\/figure>\n\n\n\n<div style=\"height:100px\" aria-hidden=\"true\" class=\"wp-block-spacer\"><\/div>\n\n\n\n<p class=\"wp-block-paragraph\">Gerne w\u00fcrden wir Nessa in Au\u00dfenhaltung vermitteln, da sie sich bei uns \u00fcberwiegend drau\u00dfen aufh\u00e4lt.<\/p>\n\n\n\n<p class=\"wp-block-paragraph\"><em>Noch immer haben wir f\u00fcr Besucher geschlossen. Bei Interesse an Nessa stehen die vermittelnden Kollegen f\u00fcr telefonische Erstgespr\u00e4che von Montag bis Freitag von 14 \u2013 17 Uhr und Samstag von 13 \u2013 16 Uhr zur Verf\u00fcgung.<\/em><\/p>\n\n\n\n<p class=\"wp-block-paragraph\"><em>Wir bitten darum, sich an diese Zeiten zu halten, da nach den regul\u00e4ren Telefonzeiten alle Gespr\u00e4che in den&nbsp;<strong>Notdienst<\/strong>&nbsp;umgeleitet werden und dieser nat\u00fcrlich Notf\u00e4llen vorbehalten ist.<\/em><\/p>\n\n\n\n<p class=\"wp-block-paragraph\"><em>Alternativ k\u00f6nnen Sie auch direkt Bilder von ihrem Gehege an unsere Tierpfleger schicken: tierpfleger@tierheim-moers.de<\/em><\/p>\n\n\n\n<p class=\"wp-block-paragraph\"><\/p>\n\n\n\n<p class=\"wp-block-paragraph\"><strong>17.01.2025<\/strong><\/p>\n\n\n\n<p class=\"wp-block-paragraph\">Dieses weibliche Fundkaninchen wurde heute auf der R\u00f6merstra\u00dfe, Parkplatz easyApotheke, 47443 Moers gesichert.<\/p>\n\n\n\n<p class=\"wp-block-paragraph\">Wer das Kaninchen kennt oder vermisst, kann sich bitte direkt telefonisch im Tierheim melden.<\/p>\n\n\n\n<div style=\"height:100px\" aria-hidden=\"true\" class=\"wp-block-spacer\"><\/div>\n\n\n\n<figure class=\"wp-block-image size-large is-resized\"><a href=\"https:\/\/tierheim-moers.de\/Wordpress\/wp-content\/uploads\/2025\/01\/IMG_7417-scaled.jpeg\"><img decoding=\"async\" width=\"1024\" height=\"768\" src=\"https:\/\/tierheim-moers.de\/Wordpress\/wp-content\/uploads\/2025\/01\/IMG_7417-1024x768.jpeg\" alt=\"\" class=\"wp-image-59108\" style=\"width:777px;height:auto\" srcset=\"https:\/\/tierheim-moers.de\/Wordpress\/wp-content\/uploads\/2025\/01\/IMG_7417-1024x768.jpeg 1024w, https:\/\/tierheim-moers.de\/Wordpress\/wp-content\/uploads\/2025\/01\/IMG_7417-300x225.jpeg 300w, https:\/\/tierheim-moers.de\/Wordpress\/wp-content\/uploads\/2025\/01\/IMG_7417-768x576.jpeg 768w, https:\/\/tierheim-moers.de\/Wordpress\/wp-content\/uploads\/2025\/01\/IMG_7417-1536x1152.jpeg 1536w, https:\/\/tierheim-moers.de\/Wordpress\/wp-content\/uploads\/2025\/01\/IMG_7417-2048x1536.jpeg 2048w, https:\/\/tierheim-moers.de\/Wordpress\/wp-content\/uploads\/2025\/01\/IMG_7417-700x525.jpeg 700w, https:\/\/tierheim-moers.de\/Wordpress\/wp-content\/uploads\/2025\/01\/IMG_7417-1320x990.jpeg 1320w\" sizes=\"(max-width: 1024px) 100vw, 1024px\" \/><\/a><\/figure>\n<div class=\"shariff shariff-align-flex-start shariff-widget-align-center\" data-url=\"https%3A%2F%2Ftierheim-moers.de%2FWordpress%2Ffundkaninchen-aus-moers%2F\" data-timestamp=\"1738601511\" data-hidezero=\"1\" data-backendurl=\"https:\/\/tierheim-moers.de\/Wordpress\/wp-json\/shariff\/v1\/share_counts?\"><ul class=\"shariff-buttons theme-round orientation-horizontal buttonsize-small\"><li class=\"shariff-button facebook shariff-nocustomcolor\" style=\"background-color:#4273c8\"><a href=\"https:\/\/www.facebook.com\/sharer\/sharer.php?u=https%3A%2F%2Ftierheim-moers.de%2FWordpress%2Ffundkaninchen-aus-moers%2F\" title=\"Bei Facebook teilen\" aria-label=\"Bei Facebook teilen\" role=\"button\" rel=\"nofollow\" class=\"shariff-link\" style=\"; background-color:#3b5998; color:#fff\" target=\"_blank\"><span class=\"shariff-icon\" style=\"\"><svg width=\"32px\" height=\"20px\" xmlns=\"http:\/\/www.w3.org\/2000\/svg\" viewBox=\"0 0 18 32\"><path fill=\"#3b5998\" d=\"M17.1 0.2v4.7h-2.8q-1.5 0-2.1 0.6t-0.5 1.9v3.4h5.2l-0.7 5.3h-4.5v13.6h-5.5v-13.6h-4.5v-5.3h4.5v-3.9q0-3.3 1.9-5.2t5-1.8q2.6 0 4.1 0.2z\"\/><\/svg><\/span><\/a><\/li><li class=\"shariff-button twitter shariff-nocustomcolor\" style=\"background-color:#595959\"><a href=\"https:\/\/twitter.com\/share?url=https%3A%2F%2Ftierheim-moers.de%2FWordpress%2Ffundkaninchen-aus-moers%2F&text=Nessa%20%E2%80%93%20Vermittelt%20mit%20Karl%2003.02.2025\" title=\"Bei X teilen\" aria-label=\"Bei X teilen\" role=\"button\" rel=\"noopener nofollow\" class=\"shariff-link\" style=\"; background-color:#000; color:#fff\" target=\"_blank\"><span class=\"shariff-icon\" style=\"\"><svg width=\"32px\" height=\"20px\" xmlns=\"http:\/\/www.w3.org\/2000\/svg\" viewBox=\"0 0 24 24\"><path fill=\"#000\" d=\"M14.258 10.152L23.176 0h-2.113l-7.747 8.813L7.133 0H0l9.352 13.328L0 23.973h2.113l8.176-9.309 6.531 9.309h7.133zm-2.895 3.293l-.949-1.328L2.875 1.56h3.246l6.086 8.523.945 1.328 7.91 11.078h-3.246zm0 0\"\/><\/svg><\/span><\/a><\/li><li class=\"shariff-button whatsapp shariff-nocustomcolor\" style=\"background-color:#5cbe4a\"><a href=\"https:\/\/api.whatsapp.com\/send?text=https%3A%2F%2Ftierheim-moers.de%2FWordpress%2Ffundkaninchen-aus-moers%2F%20Nessa%20%E2%80%93%20Vermittelt%20mit%20Karl%2003.02.2025\" title=\"Bei Whatsapp teilen\" aria-label=\"Bei Whatsapp teilen\" role=\"button\" rel=\"noopener nofollow\" class=\"shariff-link\" style=\"; background-color:#34af23; color:#fff\" target=\"_blank\"><span class=\"shariff-icon\" style=\"\"><svg width=\"32px\" height=\"20px\" xmlns=\"http:\/\/www.w3.org\/2000\/svg\" viewBox=\"0 0 32 32\"><path fill=\"#34af23\" d=\"M17.6 17.4q0.2 0 1.7 0.8t1.6 0.9q0 0.1 0 0.3 0 0.6-0.3 1.4-0.3 0.7-1.3 1.2t-1.8 0.5q-1 0-3.4-1.1-1.7-0.8-3-2.1t-2.6-3.3q-1.3-1.9-1.3-3.5v-0.1q0.1-1.6 1.3-2.8 0.4-0.4 0.9-0.4 0.1 0 0.3 0t0.3 0q0.3 0 0.5 0.1t0.3 0.5q0.1 0.4 0.6 1.6t0.4 1.3q0 0.4-0.6 1t-0.6 0.8q0 0.1 0.1 0.3 0.6 1.3 1.8 2.4 1 0.9 2.7 1.8 0.2 0.1 0.4 0.1 0.3 0 1-0.9t0.9-0.9zM14 26.9q2.3 0 4.3-0.9t3.6-2.4 2.4-3.6 0.9-4.3-0.9-4.3-2.4-3.6-3.6-2.4-4.3-0.9-4.3 0.9-3.6 2.4-2.4 3.6-0.9 4.3q0 3.6 2.1 6.6l-1.4 4.2 4.3-1.4q2.8 1.9 6.2 1.9zM14 2.2q2.7 0 5.2 1.1t4.3 2.9 2.9 4.3 1.1 5.2-1.1 5.2-2.9 4.3-4.3 2.9-5.2 1.1q-3.5 0-6.5-1.7l-7.4 2.4 2.4-7.2q-1.9-3.2-1.9-6.9 0-2.7 1.1-5.2t2.9-4.3 4.3-2.9 5.2-1.1z\"\/><\/svg><\/span><\/a><\/li><li class=\"shariff-button sms shariff-nocustomcolor shariff-mobile\" style=\"background-color:#d7d9d8\"><a href=\"sms:?&body=https%3A%2F%2Ftierheim-moers.de%2FWordpress%2Ffundkaninchen-aus-moers%2F\" title=\"Per SMS teilen\" aria-label=\"Per SMS teilen\" role=\"button\" rel=\"noopener nofollow\" class=\"shariff-link\" style=\"; background-color:#a1e877; color:#fff\" target=\"_blank\"><span class=\"shariff-icon\" style=\"\"><svg xmlns=\"http:\/\/www.w3.org\/2000\/svg\" width=\"510\" height=\"510\" viewBox=\"0 0 510 510\"><path fill=\"#a1e877\" d=\"M459 0H51C23 0 0 23 0 51v459l102-102h357c28.1 0 51-22.9 51-51V51C510 23 487.1 0 459 0zM178.5 229.5h-51v-51h51V229.5zM280.5 229.5h-51v-51h51V229.5zM382.5 229.5h-51v-51h51V229.5z\"\/><\/svg><\/span><\/a><\/li><\/ul><\/div>","protected":false},"excerpt":{"rendered":"<p>Nessa lief ganz alleine auf dem Parkplatz auf der R\u00f6merstra\u00dfe umher und konnte auch keinem Besitzer zugeordnet werden. Jetzt suchen wir f\u00fcr die Kleine ein neues Zuhause bei einem netten B\u00f6ckchen oder in einer passenden Gruppe. Gerne w\u00fcrden wir Nessa in Au\u00dfenhaltung vermitteln, da sie sich bei uns \u00fcberwiegend drau\u00dfen &#8230;<\/p>\n","protected":false},"author":36,"featured_media":59137,"comment_status":"closed","ping_status":"open","sticky":false,"template":"","format":"standard","meta":{"ngg_post_thumbnail":0,"footnotes":""},"categories":[10],"tags":[],"class_list":["post-59109","post","type-post","status-publish","format-standard","has-post-thumbnail","hentry","category-vermittelt","column","threecol","has-thumbnail"],"yoast_head":"<!-- This site is optimized with the Yoast SEO plugin v24.6 - https:\/\/yoast.com\/wordpress\/plugins\/seo\/ -->\n<title>Nessa - Vermittelt mit Karl 03.02.2025 | TIERHEIM MOERS<\/title>\n<meta name=\"robots\" content=\"index, follow, max-snippet:-1, max-image-preview:large, max-video-preview:-1\" \/>\n<link rel=\"canonical\" href=\"https:\/\/tierheim-moers.de\/Wordpress\/fundkaninchen-aus-moers\/\" \/>\n<meta property=\"og:locale\" content=\"de_DE\" \/>\n<meta property=\"og:type\" content=\"article\" \/>\n<meta property=\"og:title\" content=\"Nessa - Vermittelt mit Karl 03.02.2025 | TIERHEIM MOERS\" \/>\n<meta property=\"og:description\" content=\"Nessa lief ganz alleine auf dem Parkplatz auf der R\u00f6merstra\u00dfe umher und konnte auch keinem Besitzer zugeordnet werden. Jetzt suchen wir f\u00fcr &#8230;\" \/>\n<meta property=\"og:url\" content=\"https:\/\/tierheim-moers.de\/Wordpress\/fundkaninchen-aus-moers\/\" \/>\n<meta property=\"og:site_name\" content=\"TIERHEIM MOERS\" \/>\n<meta property=\"article:publisher\" content=\"https:\/\/de-de.facebook.com\/moers.tierheim\" \/>\n<meta property=\"article:published_time\" content=\"2025-02-03T14:48:44+00:00\" \/>\n<meta property=\"article:modified_time\" content=\"2025-02-03T14:51:51+00:00\" \/>\n<meta property=\"og:image\" content=\"https:\/\/tierheim-moers.de\/Wordpress\/wp-content\/uploads\/2025\/01\/Nessa3.jpg\" \/>\n\t<meta property=\"og:image:width\" content=\"1200\" \/>\n\t<meta property=\"og:image:height\" content=\"840\" \/>\n\t<meta property=\"og:image:type\" content=\"image\/jpeg\" \/>\n<meta name=\"author\" content=\"Lorena Heller\" \/>\n<meta name=\"twitter:card\" content=\"summary_large_image\" \/>\n<meta name=\"twitter:label1\" content=\"Verfasst von\" \/>\n\t<meta name=\"twitter:data1\" content=\"Lorena Heller\" \/>\n\t<meta name=\"twitter:label2\" content=\"Gesch\u00e4tzte Lesezeit\" \/>\n\t<meta name=\"twitter:data2\" content=\"2\u00a0Minuten\" \/>\n<script type=\"application\/ld+json\" class=\"yoast-schema-graph\">{\"@context\":\"https:\/\/schema.org\",\"@graph\":[{\"@type\":\"Article\",\"@id\":\"https:\/\/tierheim-moers.de\/Wordpress\/fundkaninchen-aus-moers\/#article\",\"isPartOf\":{\"@id\":\"https:\/\/tierheim-moers.de\/Wordpress\/fundkaninchen-aus-moers\/\"},\"author\":{\"name\":\"Lorena Heller\",\"@id\":\"https:\/\/tierheim-moers.de\/Wordpress\/#\/schema\/person\/a2ec1cd39bf2958aa10437b022bc3989\"},\"headline\":\"Nessa &#8211; Vermittelt mit Karl 03.02.2025\",\"datePublished\":\"2025-02-03T14:48:44+00:00\",\"dateModified\":\"2025-02-03T14:51:51+00:00\",\"mainEntityOfPage\":{\"@id\":\"https:\/\/tierheim-moers.de\/Wordpress\/fundkaninchen-aus-moers\/\"},\"wordCount\":178,\"publisher\":{\"@id\":\"https:\/\/tierheim-moers.de\/Wordpress\/#organization\"},\"image\":{\"@id\":\"https:\/\/tierheim-moers.de\/Wordpress\/fundkaninchen-aus-moers\/#primaryimage\"},\"thumbnailUrl\":\"https:\/\/tierheim-moers.de\/Wordpress\/wp-content\/uploads\/2025\/01\/Nessa3.jpg\",\"articleSection\":[\"Vermittelt\"],\"inLanguage\":\"de\"},{\"@type\":\"WebPage\",\"@id\":\"https:\/\/tierheim-moers.de\/Wordpress\/fundkaninchen-aus-moers\/\",\"url\":\"https:\/\/tierheim-moers.de\/Wordpress\/fundkaninchen-aus-moers\/\",\"name\":\"Nessa - Vermittelt mit Karl 03.02.2025 | TIERHEIM MOERS\",\"isPartOf\":{\"@id\":\"https:\/\/tierheim-moers.de\/Wordpress\/#website\"},\"primaryImageOfPage\":{\"@id\":\"https:\/\/tierheim-moers.de\/Wordpress\/fundkaninchen-aus-moers\/#primaryimage\"},\"image\":{\"@id\":\"https:\/\/tierheim-moers.de\/Wordpress\/fundkaninchen-aus-moers\/#primaryimage\"},\"thumbnailUrl\":\"https:\/\/tierheim-moers.de\/Wordpress\/wp-content\/uploads\/2025\/01\/Nessa3.jpg\",\"datePublished\":\"2025-02-03T14:48:44+00:00\",\"dateModified\":\"2025-02-03T14:51:51+00:00\",\"breadcrumb\":{\"@id\":\"https:\/\/tierheim-moers.de\/Wordpress\/fundkaninchen-aus-moers\/#breadcrumb\"},\"inLanguage\":\"de\",\"potentialAction\":[{\"@type\":\"ReadAction\",\"target\":[\"https:\/\/tierheim-moers.de\/Wordpress\/fundkaninchen-aus-moers\/\"]}]},{\"@type\":\"ImageObject\",\"inLanguage\":\"de\",\"@id\":\"https:\/\/tierheim-moers.de\/Wordpress\/fundkaninchen-aus-moers\/#primaryimage\",\"url\":\"https:\/\/tierheim-moers.de\/Wordpress\/wp-content\/uploads\/2025\/01\/Nessa3.jpg\",\"contentUrl\":\"https:\/\/tierheim-moers.de\/Wordpress\/wp-content\/uploads\/2025\/01\/Nessa3.jpg\",\"width\":1200,\"height\":840},{\"@type\":\"BreadcrumbList\",\"@id\":\"https:\/\/tierheim-moers.de\/Wordpress\/fundkaninchen-aus-moers\/#breadcrumb\",\"itemListElement\":[{\"@type\":\"ListItem\",\"position\":1,\"name\":\"Startseite\",\"item\":\"https:\/\/tierheim-moers.de\/Wordpress\/\"},{\"@type\":\"ListItem\",\"position\":2,\"name\":\"Nessa &#8211; Vermittelt mit Karl 03.02.2025\"}]},{\"@type\":\"WebSite\",\"@id\":\"https:\/\/tierheim-moers.de\/Wordpress\/#website\",\"url\":\"https:\/\/tierheim-moers.de\/Wordpress\/\",\"name\":\"Tierheim Moers\",\"description\":\"Tierheim | Hundepension | Tierschutz | Moers\",\"publisher\":{\"@id\":\"https:\/\/tierheim-moers.de\/Wordpress\/#organization\"},\"potentialAction\":[{\"@type\":\"SearchAction\",\"target\":{\"@type\":\"EntryPoint\",\"urlTemplate\":\"https:\/\/tierheim-moers.de\/Wordpress\/?s={search_term_string}\"},\"query-input\":{\"@type\":\"PropertyValueSpecification\",\"valueRequired\":true,\"valueName\":\"search_term_string\"}}],\"inLanguage\":\"de\"},{\"@type\":\"Organization\",\"@id\":\"https:\/\/tierheim-moers.de\/Wordpress\/#organization\",\"name\":\"Tierheim Moers\",\"url\":\"https:\/\/tierheim-moers.de\/Wordpress\/\",\"logo\":{\"@type\":\"ImageObject\",\"inLanguage\":\"de\",\"@id\":\"https:\/\/tierheim-moers.de\/Wordpress\/#\/schema\/logo\/image\/\",\"url\":\"https:\/\/tierheim-moers.de\/Wordpress\/wp-content\/uploads\/2014\/04\/Logo-TSV-Moers-V01-RGB-300.png\",\"contentUrl\":\"https:\/\/tierheim-moers.de\/Wordpress\/wp-content\/uploads\/2014\/04\/Logo-TSV-Moers-V01-RGB-300.png\",\"width\":1052,\"height\":1038,\"caption\":\"Tierheim Moers\"},\"image\":{\"@id\":\"https:\/\/tierheim-moers.de\/Wordpress\/#\/schema\/logo\/image\/\"},\"sameAs\":[\"https:\/\/de-de.facebook.com\/moers.tierheim\"]},{\"@type\":\"Person\",\"@id\":\"https:\/\/tierheim-moers.de\/Wordpress\/#\/schema\/person\/a2ec1cd39bf2958aa10437b022bc3989\",\"name\":\"Lorena Heller\",\"image\":{\"@type\":\"ImageObject\",\"inLanguage\":\"de\",\"@id\":\"https:\/\/tierheim-moers.de\/Wordpress\/#\/schema\/person\/image\/\",\"url\":\"https:\/\/secure.gravatar.com\/avatar\/e53a91d572e1c31c0ded3ef9ede22888b58914cae28b7150a9c8661cb1b5943a?s=96&d=mm&r=g\",\"contentUrl\":\"https:\/\/secure.gravatar.com\/avatar\/e53a91d572e1c31c0ded3ef9ede22888b58914cae28b7150a9c8661cb1b5943a?s=96&d=mm&r=g\",\"caption\":\"Lorena Heller\"},\"url\":\"https:\/\/tierheim-moers.de\/Wordpress\/author\/kleintiere\/\"}]}<\/script>\n<!-- \/ Yoast SEO plugin. -->","yoast_head_json":{"title":"Nessa - Vermittelt mit Karl 03.02.2025 | TIERHEIM MOERS","robots":{"index":"index","follow":"follow","max-snippet":"max-snippet:-1","max-image-preview":"max-image-preview:large","max-video-preview":"max-video-preview:-1"},"canonical":"https:\/\/tierheim-moers.de\/Wordpress\/fundkaninchen-aus-moers\/","og_locale":"de_DE","og_type":"article","og_title":"Nessa - Vermittelt mit Karl 03.02.2025 | TIERHEIM MOERS","og_description":"Nessa lief ganz alleine auf dem Parkplatz auf der R\u00f6merstra\u00dfe umher und konnte auch keinem Besitzer zugeordnet werden. Jetzt suchen wir f\u00fcr &#8230;","og_url":"https:\/\/tierheim-moers.de\/Wordpress\/fundkaninchen-aus-moers\/","og_site_name":"TIERHEIM MOERS","article_publisher":"https:\/\/de-de.facebook.com\/moers.tierheim","article_published_time":"2025-02-03T14:48:44+00:00","article_modified_time":"2025-02-03T14:51:51+00:00","og_image":[{"width":1200,"height":840,"url":"https:\/\/tierheim-moers.de\/Wordpress\/wp-content\/uploads\/2025\/01\/Nessa3.jpg","type":"image\/jpeg"}],"author":"Lorena Heller","twitter_card":"summary_large_image","twitter_misc":{"Verfasst von":"Lorena Heller","Gesch\u00e4tzte Lesezeit":"2\u00a0Minuten"},"schema":{"@context":"https:\/\/schema.org","@graph":[{"@type":"Article","@id":"https:\/\/tierheim-moers.de\/Wordpress\/fundkaninchen-aus-moers\/#article","isPartOf":{"@id":"https:\/\/tierheim-moers.de\/Wordpress\/fundkaninchen-aus-moers\/"},"author":{"name":"Lorena Heller","@id":"https:\/\/tierheim-moers.de\/Wordpress\/#\/schema\/person\/a2ec1cd39bf2958aa10437b022bc3989"},"headline":"Nessa &#8211; Vermittelt mit Karl 03.02.2025","datePublished":"2025-02-03T14:48:44+00:00","dateModified":"2025-02-03T14:51:51+00:00","mainEntityOfPage":{"@id":"https:\/\/tierheim-moers.de\/Wordpress\/fundkaninchen-aus-moers\/"},"wordCount":178,"publisher":{"@id":"https:\/\/tierheim-moers.de\/Wordpress\/#organization"},"image":{"@id":"https:\/\/tierheim-moers.de\/Wordpress\/fundkaninchen-aus-moers\/#primaryimage"},"thumbnailUrl":"https:\/\/tierheim-moers.de\/Wordpress\/wp-content\/uploads\/2025\/01\/Nessa3.jpg","articleSection":["Vermittelt"],"inLanguage":"de"},{"@type":"WebPage","@id":"https:\/\/tierheim-moers.de\/Wordpress\/fundkaninchen-aus-moers\/","url":"https:\/\/tierheim-moers.de\/Wordpress\/fundkaninchen-aus-moers\/","name":"Nessa - Vermittelt mit Karl 03.02.2025 | TIERHEIM MOERS","isPartOf":{"@id":"https:\/\/tierheim-moers.de\/Wordpress\/#website"},"primaryImageOfPage":{"@id":"https:\/\/tierheim-moers.de\/Wordpress\/fundkaninchen-aus-moers\/#primaryimage"},"image":{"@id":"https:\/\/tierheim-moers.de\/Wordpress\/fundkaninchen-aus-moers\/#primaryimage"},"thumbnailUrl":"https:\/\/tierheim-moers.de\/Wordpress\/wp-content\/uploads\/2025\/01\/Nessa3.jpg","datePublished":"2025-02-03T14:48:44+00:00","dateModified":"2025-02-03T14:51:51+00:00","breadcrumb":{"@id":"https:\/\/tierheim-moers.de\/Wordpress\/fundkaninchen-aus-moers\/#breadcrumb"},"inLanguage":"de","potentialAction":[{"@type":"ReadAction","target":["https:\/\/tierheim-moers.de\/Wordpress\/fundkaninchen-aus-moers\/"]}]},{"@type":"ImageObject","inLanguage":"de","@id":"https:\/\/tierheim-moers.de\/Wordpress\/fundkaninchen-aus-moers\/#primaryimage","url":"https:\/\/tierheim-moers.de\/Wordpress\/wp-content\/uploads\/2025\/01\/Nessa3.jpg","contentUrl":"https:\/\/tierheim-moers.de\/Wordpress\/wp-content\/uploads\/2025\/01\/Nessa3.jpg","width":1200,"height":840},{"@type":"BreadcrumbList","@id":"https:\/\/tierheim-moers.de\/Wordpress\/fundkaninchen-aus-moers\/#breadcrumb","itemListElement":[{"@type":"ListItem","position":1,"name":"Startseite","item":"https:\/\/tierheim-moers.de\/Wordpress\/"},{"@type":"ListItem","position":2,"name":"Nessa &#8211; Vermittelt mit Karl 03.02.2025"}]},{"@type":"WebSite","@id":"https:\/\/tierheim-moers.de\/Wordpress\/#website","url":"https:\/\/tierheim-moers.de\/Wordpress\/","name":"Tierheim Moers","description":"Tierheim | Hundepension | Tierschutz | Moers","publisher":{"@id":"https:\/\/tierheim-moers.de\/Wordpress\/#organization"},"potentialAction":[{"@type":"SearchAction","target":{"@type":"EntryPoint","urlTemplate":"https:\/\/tierheim-moers.de\/Wordpress\/?s={search_term_string}"},"query-input":{"@type":"PropertyValueSpecification","valueRequired":true,"valueName":"search_term_string"}}],"inLanguage":"de"},{"@type":"Organization","@id":"https:\/\/tierheim-moers.de\/Wordpress\/#organization","name":"Tierheim Moers","url":"https:\/\/tierheim-moers.de\/Wordpress\/","logo":{"@type":"ImageObject","inLanguage":"de","@id":"https:\/\/tierheim-moers.de\/Wordpress\/#\/schema\/logo\/image\/","url":"https:\/\/tierheim-moers.de\/Wordpress\/wp-content\/uploads\/2014\/04\/Logo-TSV-Moers-V01-RGB-300.png","contentUrl":"https:\/\/tierheim-moers.de\/Wordpress\/wp-content\/uploads\/2014\/04\/Logo-TSV-Moers-V01-RGB-300.png","width":1052,"height":1038,"caption":"Tierheim Moers"},"image":{"@id":"https:\/\/tierheim-moers.de\/Wordpress\/#\/schema\/logo\/image\/"},"sameAs":["https:\/\/de-de.facebook.com\/moers.tierheim"]},{"@type":"Person","@id":"https:\/\/tierheim-moers.de\/Wordpress\/#\/schema\/person\/a2ec1cd39bf2958aa10437b022bc3989","name":"Lorena Heller","image":{"@type":"ImageObject","inLanguage":"de","@id":"https:\/\/tierheim-moers.de\/Wordpress\/#\/schema\/person\/image\/","url":"https:\/\/secure.gravatar.com\/avatar\/e53a91d572e1c31c0ded3ef9ede22888b58914cae28b7150a9c8661cb1b5943a?s=96&d=mm&r=g","contentUrl":"https:\/\/secure.gravatar.com\/avatar\/e53a91d572e1c31c0ded3ef9ede22888b58914cae28b7150a9c8661cb1b5943a?s=96&d=mm&r=g","caption":"Lorena Heller"},"url":"https:\/\/tierheim-moers.de\/Wordpress\/author\/kleintiere\/"}]}},"_links":{"self":[{"href":"https:\/\/tierheim-moers.de\/Wordpress\/wp-json\/wp\/v2\/posts\/59109","targetHints":{"allow":["GET"]}}],"collection":[{"href":"https:\/\/tierheim-moers.de\/Wordpress\/wp-json\/wp\/v2\/posts"}],"about":[{"href":"https:\/\/tierheim-moers.de\/Wordpress\/wp-json\/wp\/v2\/types\/post"}],"author":[{"embeddable":true,"href":"https:\/\/tierheim-moers.de\/Wordpress\/wp-json\/wp\/v2\/users\/36"}],"replies":[{"embeddable":true,"href":"https:\/\/tierheim-moers.de\/Wordpress\/wp-json\/wp\/v2\/comments?post=59109"}],"version-history":[{"count":7,"href":"https:\/\/tierheim-moers.de\/Wordpress\/wp-json\/wp\/v2\/posts\/59109\/revisions"}],"predecessor-version":[{"id":59318,"href":"https:\/\/tierheim-moers.de\/Wordpress\/wp-json\/wp\/v2\/posts\/59109\/revisions\/59318"}],"wp:featuredmedia":[{"embeddable":true,"href":"https:\/\/tierheim-moers.de\/Wordpress\/wp-json\/wp\/v2\/media\/59137"}],"wp:attachment":[{"href":"https:\/\/tierheim-moers.de\/Wordpress\/wp-json\/wp\/v2\/media?parent=59109"}],"wp:term":[{"taxonomy":"category","embeddable":true,"href":"https:\/\/tierheim-moers.de\/Wordpress\/wp-json\/wp\/v2\/categories?post=59109"},{"taxonomy":"post_tag","embeddable":true,"href":"https:\/\/tierheim-moers.de\/Wordpress\/wp-json\/wp\/v2\/tags?post=59109"}],"curies":[{"name":"wp","href":"https:\/\/api.w.org\/{rel}","templated":true}]}}