{"id":59409,"date":"2025-04-08T13:47:41","date_gmt":"2025-04-08T11:47:41","guid":{"rendered":"https:\/\/tierheim-moers.de\/Wordpress\/?p=59409"},"modified":"2025-04-08T13:48:04","modified_gmt":"2025-04-08T11:48:04","slug":"mortola-mit-capricorn-basta-jacopo-und-cosimo-noch-nicht-in-der-vermittlung","status":"publish","type":"post","link":"https:\/\/tierheim-moers.de\/Wordpress\/mortola-mit-capricorn-basta-jacopo-und-cosimo-noch-nicht-in-der-vermittlung\/","title":{"rendered":"Mortola &#8211; Vermittelt 07.04.2025 (Capricorn, Basta, Jacopo und Cosimo &#8211; Vermittelt)"},"content":{"rendered":"\n<table id=\"tablepress-2412\" class=\"tablepress tablepress-id-2412\">\n<tbody class=\"row-striping row-hover\">\n<tr class=\"row-1\">\n\t<td class=\"column-1\">Name des Tiers:<\/td><td class=\"column-2\">Mortola<br \/>\nCapricorn- Vermittelt 14.03.2025<br \/>\nBasta - Vermittelt 26.03.2025<br \/>\nJacopo - Vermittelt 26.03.2025<br \/>\nCosimo - Vermittelt 01.03.2025<\/td>\n<\/tr>\n<tr class=\"row-2\">\n\t<td class=\"column-1\">Bestandsnummer:<\/td><td class=\"column-2\">25_F_25<br \/>\n26_F_25 - Vermittelt<br \/>\n27_F_25 - Vermittelt<br \/>\n28_F_25 - Vermittelt<br \/>\n29_F_25 - Vermittelt<\/td>\n<\/tr>\n<tr class=\"row-3\">\n\t<td class=\"column-1\">Aufnahmegrund:<\/td><td class=\"column-2\">Fundtier<\/td>\n<\/tr>\n<tr class=\"row-4\">\n\t<td class=\"column-1\">Im Tierheim seit:<\/td><td class=\"column-2\">25.01.2025<\/td>\n<\/tr>\n<tr class=\"row-5\">\n\t<td class=\"column-1\">Rasse:<\/td><td class=\"column-2\">Rex- (Mixe)<\/td>\n<\/tr>\n<tr class=\"row-6\">\n\t<td class=\"column-1\">Geschlecht:<\/td><td class=\"column-2\">weiblich<br \/>\n<br \/>\nm\u00e4nnlich, kastriert<br \/>\n<\/td>\n<\/tr>\n<tr class=\"row-7\">\n\t<td class=\"column-1\">Farbe\/Felll\u00e4nge:<\/td><td class=\"column-2\">Tricolor<\/td>\n<\/tr>\n<tr class=\"row-8\">\n\t<td class=\"column-1\">Geburtsdatum:<\/td><td class=\"column-2\">ca. 2023<br \/>\n<br \/>\nca. 03.01.2025<\/td>\n<\/tr>\n<tr class=\"row-9\">\n\t<td class=\"column-1\">Schulterh\u00f6he\/Gewicht:<\/td><td class=\"column-2\"><\/td>\n<\/tr>\n<tr class=\"row-10\">\n\t<td class=\"column-1\">Fundort\/Abgabegrund:<\/td><td class=\"column-2\">Fundtier Moers<\/td>\n<\/tr>\n<tr class=\"row-11\">\n\t<td class=\"column-1\">Tierbeschreibung:<\/td><td class=\"column-2\"><\/td>\n<\/tr>\n<\/tbody>\n<\/table>\n<!-- #tablepress-2412 from cache -->\n\n\n\n<p>Mortola wurde mit ihren Babys drau\u00dfen ausgesetzt. Da es sich bei ihrem Nachwuchs um eine reine B\u00f6ckchengruppe handelt, wurden die Kleinen bereits kastriert.<\/p>\n\n\n\n<p>Mittlerweile sind alle Babys ausgezogen,  nur noch Mortola sucht ein Zuhause. Am liebsten w\u00e4re es ihr, wenn sie in eine kleine Gruppe ziehen k\u00f6nnte. Sie kann sowohl in Innenhaltung wie auch in Au\u00dfenhaltung ziehen.<\/p>\n\n\n\n<p><em>Noch immer haben wir f\u00fcr Besucher geschlossen. Bei Interesse an Mortola oder ihren S\u00f6hnen stehen die vermittelnden Kollegen f\u00fcr telefonische Erstgespr\u00e4che von Montag bis Freitag von 14 \u2013 17 Uhr und Samstag von 13 \u2013 16 Uhr zur Verf\u00fcgung.<\/em><\/p>\n\n\n\n<p><em>Wir bitten darum, sich an diese Zeiten zu halten, da nach den regul\u00e4ren Telefonzeiten alle Gespr\u00e4che in den&nbsp;<strong>Notdienst<\/strong>&nbsp;umgeleitet werden und dieser nat\u00fcrlich Notf\u00e4llen vorbehalten ist.<\/em><\/p>\n\n\n\n<p><em>Alternativ k\u00f6nnen Sie auch direkt Bilder von der Unterbringung an unsere Tierpfleger schicken:&nbsp;<strong>tierpfleger@tierheim-moers.de<\/strong>&nbsp;(bitte immer mit Angabe einer Telefonnummer).<\/em><\/p>\n\n\n\n<figure class=\"wp-block-gallery has-nested-images columns-default is-cropped wp-block-gallery-1 is-layout-flex wp-block-gallery-is-layout-flex\">\n<figure class=\"wp-block-image size-large\"><a href=\"https:\/\/tierheim-moers.de\/Wordpress\/wp-content\/uploads\/2025\/01\/Cosimo2-scaled.jpg\"><img fetchpriority=\"high\" decoding=\"async\" width=\"1024\" height=\"726\" data-id=\"59272\" src=\"https:\/\/tierheim-moers.de\/Wordpress\/wp-content\/uploads\/2025\/01\/Cosimo2-1024x726.jpg\" alt=\"\" class=\"wp-image-59272\" srcset=\"https:\/\/tierheim-moers.de\/Wordpress\/wp-content\/uploads\/2025\/01\/Cosimo2-1024x726.jpg 1024w, https:\/\/tierheim-moers.de\/Wordpress\/wp-content\/uploads\/2025\/01\/Cosimo2-300x213.jpg 300w, https:\/\/tierheim-moers.de\/Wordpress\/wp-content\/uploads\/2025\/01\/Cosimo2-768x545.jpg 768w, https:\/\/tierheim-moers.de\/Wordpress\/wp-content\/uploads\/2025\/01\/Cosimo2-1536x1089.jpg 1536w, https:\/\/tierheim-moers.de\/Wordpress\/wp-content\/uploads\/2025\/01\/Cosimo2-2048x1452.jpg 2048w, https:\/\/tierheim-moers.de\/Wordpress\/wp-content\/uploads\/2025\/01\/Cosimo2-700x496.jpg 700w, https:\/\/tierheim-moers.de\/Wordpress\/wp-content\/uploads\/2025\/01\/Cosimo2-1320x936.jpg 1320w\" sizes=\"(max-width: 1024px) 100vw, 1024px\" \/><\/a><figcaption class=\"wp-element-caption\"><mark style=\"background-color:#ff6900\" class=\"has-inline-color has-black-color\">Cosimo &#8211; Vermittelt 01.03.25<\/mark><\/figcaption><\/figure>\n\n\n\n<figure class=\"wp-block-image size-large\"><a href=\"https:\/\/tierheim-moers.de\/Wordpress\/wp-content\/uploads\/2025\/01\/Basta-2.jpg\"><img decoding=\"async\" width=\"964\" height=\"1024\" data-id=\"59273\" src=\"https:\/\/tierheim-moers.de\/Wordpress\/wp-content\/uploads\/2025\/01\/Basta-2-964x1024.jpg\" alt=\"\" class=\"wp-image-59273\" srcset=\"https:\/\/tierheim-moers.de\/Wordpress\/wp-content\/uploads\/2025\/01\/Basta-2-964x1024.jpg 964w, https:\/\/tierheim-moers.de\/Wordpress\/wp-content\/uploads\/2025\/01\/Basta-2-282x300.jpg 282w, https:\/\/tierheim-moers.de\/Wordpress\/wp-content\/uploads\/2025\/01\/Basta-2-768x816.jpg 768w, https:\/\/tierheim-moers.de\/Wordpress\/wp-content\/uploads\/2025\/01\/Basta-2-1445x1536.jpg 1445w, https:\/\/tierheim-moers.de\/Wordpress\/wp-content\/uploads\/2025\/01\/Basta-2-1927x2048.jpg 1927w, https:\/\/tierheim-moers.de\/Wordpress\/wp-content\/uploads\/2025\/01\/Basta-2-700x744.jpg 700w, https:\/\/tierheim-moers.de\/Wordpress\/wp-content\/uploads\/2025\/01\/Basta-2-1320x1403.jpg 1320w, https:\/\/tierheim-moers.de\/Wordpress\/wp-content\/uploads\/2025\/01\/Basta-2.jpg 1980w\" sizes=\"(max-width: 964px) 100vw, 964px\" \/><\/a><figcaption class=\"wp-element-caption\"><strong><mark style=\"background-color:#ff6900\" class=\"has-inline-color has-black-color\">Basta &#8211; Vermittlelt 26.03.25<\/mark><\/strong><\/figcaption><\/figure>\n\n\n\n<figure class=\"wp-block-image size-large\"><a href=\"https:\/\/tierheim-moers.de\/Wordpress\/wp-content\/uploads\/2025\/01\/Jacopo3-scaled.jpg\"><img decoding=\"async\" width=\"1024\" height=\"780\" data-id=\"59274\" src=\"https:\/\/tierheim-moers.de\/Wordpress\/wp-content\/uploads\/2025\/01\/Jacopo3-1024x780.jpg\" alt=\"\" class=\"wp-image-59274\" srcset=\"https:\/\/tierheim-moers.de\/Wordpress\/wp-content\/uploads\/2025\/01\/Jacopo3-1024x780.jpg 1024w, https:\/\/tierheim-moers.de\/Wordpress\/wp-content\/uploads\/2025\/01\/Jacopo3-300x228.jpg 300w, https:\/\/tierheim-moers.de\/Wordpress\/wp-content\/uploads\/2025\/01\/Jacopo3-768x585.jpg 768w, https:\/\/tierheim-moers.de\/Wordpress\/wp-content\/uploads\/2025\/01\/Jacopo3-1536x1170.jpg 1536w, https:\/\/tierheim-moers.de\/Wordpress\/wp-content\/uploads\/2025\/01\/Jacopo3-2048x1560.jpg 2048w, https:\/\/tierheim-moers.de\/Wordpress\/wp-content\/uploads\/2025\/01\/Jacopo3-700x533.jpg 700w, https:\/\/tierheim-moers.de\/Wordpress\/wp-content\/uploads\/2025\/01\/Jacopo3-1320x1005.jpg 1320w\" sizes=\"(max-width: 1024px) 100vw, 1024px\" \/><\/a><figcaption class=\"wp-element-caption\"><mark style=\"background-color:#ff6900\" class=\"has-inline-color\">Jacopo &#8211; Vermittelt 26.03.25<\/mark><\/figcaption><\/figure>\n\n\n\n<figure class=\"wp-block-image size-large\"><a href=\"https:\/\/tierheim-moers.de\/Wordpress\/wp-content\/uploads\/2025\/01\/Capricorn4.jpg\"><img loading=\"lazy\" decoding=\"async\" width=\"1024\" height=\"860\" data-id=\"59275\" src=\"https:\/\/tierheim-moers.de\/Wordpress\/wp-content\/uploads\/2025\/01\/Capricorn4-1024x860.jpg\" alt=\"\" class=\"wp-image-59275\" srcset=\"https:\/\/tierheim-moers.de\/Wordpress\/wp-content\/uploads\/2025\/01\/Capricorn4-1024x860.jpg 1024w, https:\/\/tierheim-moers.de\/Wordpress\/wp-content\/uploads\/2025\/01\/Capricorn4-300x252.jpg 300w, https:\/\/tierheim-moers.de\/Wordpress\/wp-content\/uploads\/2025\/01\/Capricorn4-768x645.jpg 768w, https:\/\/tierheim-moers.de\/Wordpress\/wp-content\/uploads\/2025\/01\/Capricorn4-1536x1290.jpg 1536w, https:\/\/tierheim-moers.de\/Wordpress\/wp-content\/uploads\/2025\/01\/Capricorn4-2048x1720.jpg 2048w, https:\/\/tierheim-moers.de\/Wordpress\/wp-content\/uploads\/2025\/01\/Capricorn4-700x588.jpg 700w, https:\/\/tierheim-moers.de\/Wordpress\/wp-content\/uploads\/2025\/01\/Capricorn4-1320x1109.jpg 1320w\" sizes=\"(max-width: 1024px) 100vw, 1024px\" \/><\/a><figcaption class=\"wp-element-caption\"><mark style=\"background-color:#ff6900\" class=\"has-inline-color has-black-color\">Capricorn -Vermittelt 14.03.25<\/mark><\/figcaption><\/figure>\n\n\n\n<figure class=\"wp-block-image size-large\"><a href=\"https:\/\/tierheim-moers.de\/Wordpress\/wp-content\/uploads\/2025\/01\/Mortola-scaled.jpg\"><img loading=\"lazy\" decoding=\"async\" width=\"976\" height=\"1024\" data-id=\"59230\" src=\"https:\/\/tierheim-moers.de\/Wordpress\/wp-content\/uploads\/2025\/01\/Mortola-976x1024.jpg\" alt=\"\" class=\"wp-image-59230\" srcset=\"https:\/\/tierheim-moers.de\/Wordpress\/wp-content\/uploads\/2025\/01\/Mortola-976x1024.jpg 976w, https:\/\/tierheim-moers.de\/Wordpress\/wp-content\/uploads\/2025\/01\/Mortola-286x300.jpg 286w, https:\/\/tierheim-moers.de\/Wordpress\/wp-content\/uploads\/2025\/01\/Mortola-768x806.jpg 768w, https:\/\/tierheim-moers.de\/Wordpress\/wp-content\/uploads\/2025\/01\/Mortola-1463x1536.jpg 1463w, https:\/\/tierheim-moers.de\/Wordpress\/wp-content\/uploads\/2025\/01\/Mortola-1951x2048.jpg 1951w, https:\/\/tierheim-moers.de\/Wordpress\/wp-content\/uploads\/2025\/01\/Mortola-700x735.jpg 700w, https:\/\/tierheim-moers.de\/Wordpress\/wp-content\/uploads\/2025\/01\/Mortola-1320x1385.jpg 1320w\" sizes=\"(max-width: 976px) 100vw, 976px\" \/><\/a><figcaption class=\"wp-element-caption\">Mortola, die Mutter<\/figcaption><\/figure>\n<\/figure>\n\n\n\n<p><\/p>\n<div class=\"shariff shariff-align-flex-start shariff-widget-align-center\" data-url=\"https%3A%2F%2Ftierheim-moers.de%2FWordpress%2Fmortola-mit-capricorn-basta-jacopo-und-cosimo-noch-nicht-in-der-vermittlung%2F\" data-timestamp=\"1744120084\" data-hidezero=\"1\" data-backendurl=\"https:\/\/tierheim-moers.de\/Wordpress\/wp-json\/shariff\/v1\/share_counts?\"><ul class=\"shariff-buttons theme-round orientation-horizontal buttonsize-small\"><li class=\"shariff-button facebook shariff-nocustomcolor\" style=\"background-color:#4273c8\"><a href=\"https:\/\/www.facebook.com\/sharer\/sharer.php?u=https%3A%2F%2Ftierheim-moers.de%2FWordpress%2Fmortola-mit-capricorn-basta-jacopo-und-cosimo-noch-nicht-in-der-vermittlung%2F\" title=\"Bei Facebook teilen\" aria-label=\"Bei Facebook teilen\" role=\"button\" rel=\"nofollow\" class=\"shariff-link\" style=\"; background-color:#3b5998; color:#fff\" target=\"_blank\"><span class=\"shariff-icon\" style=\"\"><svg width=\"32px\" height=\"20px\" xmlns=\"http:\/\/www.w3.org\/2000\/svg\" viewBox=\"0 0 18 32\"><path fill=\"#3b5998\" d=\"M17.1 0.2v4.7h-2.8q-1.5 0-2.1 0.6t-0.5 1.9v3.4h5.2l-0.7 5.3h-4.5v13.6h-5.5v-13.6h-4.5v-5.3h4.5v-3.9q0-3.3 1.9-5.2t5-1.8q2.6 0 4.1 0.2z\"\/><\/svg><\/span><\/a><\/li><li class=\"shariff-button twitter shariff-nocustomcolor\" style=\"background-color:#595959\"><a href=\"https:\/\/twitter.com\/share?url=https%3A%2F%2Ftierheim-moers.de%2FWordpress%2Fmortola-mit-capricorn-basta-jacopo-und-cosimo-noch-nicht-in-der-vermittlung%2F&text=Mortola%20%E2%80%93%20Vermittelt%2007.04.2025%20%28Capricorn%2C%20Basta%2C%20Jacopo%20und%20Cosimo%20%E2%80%93%20Vermittelt%29\" title=\"Bei X teilen\" aria-label=\"Bei X teilen\" role=\"button\" rel=\"noopener nofollow\" class=\"shariff-link\" style=\"; background-color:#000; color:#fff\" target=\"_blank\"><span class=\"shariff-icon\" style=\"\"><svg width=\"32px\" height=\"20px\" xmlns=\"http:\/\/www.w3.org\/2000\/svg\" viewBox=\"0 0 24 24\"><path fill=\"#000\" d=\"M14.258 10.152L23.176 0h-2.113l-7.747 8.813L7.133 0H0l9.352 13.328L0 23.973h2.113l8.176-9.309 6.531 9.309h7.133zm-2.895 3.293l-.949-1.328L2.875 1.56h3.246l6.086 8.523.945 1.328 7.91 11.078h-3.246zm0 0\"\/><\/svg><\/span><\/a><\/li><li class=\"shariff-button whatsapp shariff-nocustomcolor\" style=\"background-color:#5cbe4a\"><a href=\"https:\/\/api.whatsapp.com\/send?text=https%3A%2F%2Ftierheim-moers.de%2FWordpress%2Fmortola-mit-capricorn-basta-jacopo-und-cosimo-noch-nicht-in-der-vermittlung%2F%20Mortola%20%E2%80%93%20Vermittelt%2007.04.2025%20%28Capricorn%2C%20Basta%2C%20Jacopo%20und%20Cosimo%20%E2%80%93%20Vermittelt%29\" title=\"Bei Whatsapp teilen\" aria-label=\"Bei Whatsapp teilen\" role=\"button\" rel=\"noopener nofollow\" class=\"shariff-link\" style=\"; background-color:#34af23; color:#fff\" target=\"_blank\"><span class=\"shariff-icon\" style=\"\"><svg width=\"32px\" height=\"20px\" xmlns=\"http:\/\/www.w3.org\/2000\/svg\" viewBox=\"0 0 32 32\"><path fill=\"#34af23\" d=\"M17.6 17.4q0.2 0 1.7 0.8t1.6 0.9q0 0.1 0 0.3 0 0.6-0.3 1.4-0.3 0.7-1.3 1.2t-1.8 0.5q-1 0-3.4-1.1-1.7-0.8-3-2.1t-2.6-3.3q-1.3-1.9-1.3-3.5v-0.1q0.1-1.6 1.3-2.8 0.4-0.4 0.9-0.4 0.1 0 0.3 0t0.3 0q0.3 0 0.5 0.1t0.3 0.5q0.1 0.4 0.6 1.6t0.4 1.3q0 0.4-0.6 1t-0.6 0.8q0 0.1 0.1 0.3 0.6 1.3 1.8 2.4 1 0.9 2.7 1.8 0.2 0.1 0.4 0.1 0.3 0 1-0.9t0.9-0.9zM14 26.9q2.3 0 4.3-0.9t3.6-2.4 2.4-3.6 0.9-4.3-0.9-4.3-2.4-3.6-3.6-2.4-4.3-0.9-4.3 0.9-3.6 2.4-2.4 3.6-0.9 4.3q0 3.6 2.1 6.6l-1.4 4.2 4.3-1.4q2.8 1.9 6.2 1.9zM14 2.2q2.7 0 5.2 1.1t4.3 2.9 2.9 4.3 1.1 5.2-1.1 5.2-2.9 4.3-4.3 2.9-5.2 1.1q-3.5 0-6.5-1.7l-7.4 2.4 2.4-7.2q-1.9-3.2-1.9-6.9 0-2.7 1.1-5.2t2.9-4.3 4.3-2.9 5.2-1.1z\"\/><\/svg><\/span><\/a><\/li><li class=\"shariff-button sms shariff-nocustomcolor shariff-mobile\" style=\"background-color:#d7d9d8\"><a href=\"sms:?&body=https%3A%2F%2Ftierheim-moers.de%2FWordpress%2Fmortola-mit-capricorn-basta-jacopo-und-cosimo-noch-nicht-in-der-vermittlung%2F\" title=\"Per SMS teilen\" aria-label=\"Per SMS teilen\" role=\"button\" rel=\"noopener nofollow\" class=\"shariff-link\" style=\"; background-color:#a1e877; color:#fff\" target=\"_blank\"><span class=\"shariff-icon\" style=\"\"><svg xmlns=\"http:\/\/www.w3.org\/2000\/svg\" width=\"510\" height=\"510\" viewBox=\"0 0 510 510\"><path fill=\"#a1e877\" d=\"M459 0H51C23 0 0 23 0 51v459l102-102h357c28.1 0 51-22.9 51-51V51C510 23 487.1 0 459 0zM178.5 229.5h-51v-51h51V229.5zM280.5 229.5h-51v-51h51V229.5zM382.5 229.5h-51v-51h51V229.5z\"\/><\/svg><\/span><\/a><\/li><\/ul><\/div>","protected":false},"excerpt":{"rendered":"<p>Mortola wurde mit ihren Babys drau\u00dfen ausgesetzt. Da es sich bei ihrem Nachwuchs um eine reine B\u00f6ckchengruppe handelt, wurden die Kleinen bereits kastriert. Mittlerweile sind alle Babys ausgezogen, nur noch Mortola sucht ein Zuhause. Am liebsten w\u00e4re es ihr, wenn sie in eine kleine Gruppe ziehen k\u00f6nnte. Sie kann sowohl &#8230;<\/p>\n","protected":false},"author":36,"featured_media":59229,"comment_status":"closed","ping_status":"open","sticky":false,"template":"","format":"standard","meta":{"ngg_post_thumbnail":0,"footnotes":""},"categories":[10],"tags":[],"class_list":["post-59409","post","type-post","status-publish","format-standard","has-post-thumbnail","hentry","category-vermittelt","column","threecol","has-thumbnail"],"yoast_head":"<!-- This site is optimized with the Yoast SEO plugin v24.6 - https:\/\/yoast.com\/wordpress\/plugins\/seo\/ -->\n<title>Mortola - Vermittelt 07.04.2025 (Capricorn, Basta, Jacopo und Cosimo - Vermittelt) | TIERHEIM MOERS<\/title>\n<meta name=\"robots\" content=\"index, follow, max-snippet:-1, max-image-preview:large, max-video-preview:-1\" \/>\n<link rel=\"canonical\" href=\"https:\/\/tierheim-moers.de\/Wordpress\/mortola-mit-capricorn-basta-jacopo-und-cosimo-noch-nicht-in-der-vermittlung\/\" \/>\n<meta property=\"og:locale\" content=\"de_DE\" \/>\n<meta property=\"og:type\" content=\"article\" \/>\n<meta property=\"og:title\" content=\"Mortola - Vermittelt 07.04.2025 (Capricorn, Basta, Jacopo und Cosimo - Vermittelt) | TIERHEIM MOERS\" \/>\n<meta property=\"og:description\" content=\"Mortola wurde mit ihren Babys drau\u00dfen ausgesetzt. Da es sich bei ihrem Nachwuchs um eine reine B\u00f6ckchengruppe handelt, wurden die Kleinen bereits &#8230;\" \/>\n<meta property=\"og:url\" content=\"https:\/\/tierheim-moers.de\/Wordpress\/mortola-mit-capricorn-basta-jacopo-und-cosimo-noch-nicht-in-der-vermittlung\/\" \/>\n<meta property=\"og:site_name\" content=\"TIERHEIM MOERS\" \/>\n<meta property=\"article:publisher\" content=\"https:\/\/de-de.facebook.com\/moers.tierheim\" \/>\n<meta property=\"article:published_time\" content=\"2025-04-08T11:47:41+00:00\" \/>\n<meta property=\"article:modified_time\" content=\"2025-04-08T11:48:04+00:00\" \/>\n<meta property=\"og:image\" content=\"https:\/\/tierheim-moers.de\/Wordpress\/wp-content\/uploads\/2025\/01\/Mortola2-scaled.jpg\" \/>\n\t<meta property=\"og:image:width\" content=\"2560\" \/>\n\t<meta property=\"og:image:height\" content=\"1679\" \/>\n\t<meta property=\"og:image:type\" content=\"image\/jpeg\" \/>\n<meta name=\"author\" content=\"Lorena Heller\" \/>\n<meta name=\"twitter:card\" content=\"summary_large_image\" \/>\n<meta name=\"twitter:label1\" content=\"Verfasst von\" \/>\n\t<meta name=\"twitter:data1\" content=\"Lorena Heller\" \/>\n\t<meta name=\"twitter:label2\" content=\"Gesch\u00e4tzte Lesezeit\" \/>\n\t<meta name=\"twitter:data2\" content=\"3\u00a0Minuten\" \/>\n<script type=\"application\/ld+json\" class=\"yoast-schema-graph\">{\"@context\":\"https:\/\/schema.org\",\"@graph\":[{\"@type\":\"Article\",\"@id\":\"https:\/\/tierheim-moers.de\/Wordpress\/mortola-mit-capricorn-basta-jacopo-und-cosimo-noch-nicht-in-der-vermittlung\/#article\",\"isPartOf\":{\"@id\":\"https:\/\/tierheim-moers.de\/Wordpress\/mortola-mit-capricorn-basta-jacopo-und-cosimo-noch-nicht-in-der-vermittlung\/\"},\"author\":{\"name\":\"Lorena Heller\",\"@id\":\"https:\/\/tierheim-moers.de\/Wordpress\/#\/schema\/person\/a2ec1cd39bf2958aa10437b022bc3989\"},\"headline\":\"Mortola &#8211; Vermittelt 07.04.2025 (Capricorn, Basta, Jacopo und Cosimo &#8211; Vermittelt)\",\"datePublished\":\"2025-04-08T11:47:41+00:00\",\"dateModified\":\"2025-04-08T11:48:04+00:00\",\"mainEntityOfPage\":{\"@id\":\"https:\/\/tierheim-moers.de\/Wordpress\/mortola-mit-capricorn-basta-jacopo-und-cosimo-noch-nicht-in-der-vermittlung\/\"},\"wordCount\":184,\"publisher\":{\"@id\":\"https:\/\/tierheim-moers.de\/Wordpress\/#organization\"},\"image\":{\"@id\":\"https:\/\/tierheim-moers.de\/Wordpress\/mortola-mit-capricorn-basta-jacopo-und-cosimo-noch-nicht-in-der-vermittlung\/#primaryimage\"},\"thumbnailUrl\":\"https:\/\/tierheim-moers.de\/Wordpress\/wp-content\/uploads\/2025\/01\/Mortola2-scaled.jpg\",\"articleSection\":[\"Vermittelt\"],\"inLanguage\":\"de\"},{\"@type\":\"WebPage\",\"@id\":\"https:\/\/tierheim-moers.de\/Wordpress\/mortola-mit-capricorn-basta-jacopo-und-cosimo-noch-nicht-in-der-vermittlung\/\",\"url\":\"https:\/\/tierheim-moers.de\/Wordpress\/mortola-mit-capricorn-basta-jacopo-und-cosimo-noch-nicht-in-der-vermittlung\/\",\"name\":\"Mortola - Vermittelt 07.04.2025 (Capricorn, Basta, Jacopo und Cosimo - Vermittelt) | TIERHEIM MOERS\",\"isPartOf\":{\"@id\":\"https:\/\/tierheim-moers.de\/Wordpress\/#website\"},\"primaryImageOfPage\":{\"@id\":\"https:\/\/tierheim-moers.de\/Wordpress\/mortola-mit-capricorn-basta-jacopo-und-cosimo-noch-nicht-in-der-vermittlung\/#primaryimage\"},\"image\":{\"@id\":\"https:\/\/tierheim-moers.de\/Wordpress\/mortola-mit-capricorn-basta-jacopo-und-cosimo-noch-nicht-in-der-vermittlung\/#primaryimage\"},\"thumbnailUrl\":\"https:\/\/tierheim-moers.de\/Wordpress\/wp-content\/uploads\/2025\/01\/Mortola2-scaled.jpg\",\"datePublished\":\"2025-04-08T11:47:41+00:00\",\"dateModified\":\"2025-04-08T11:48:04+00:00\",\"breadcrumb\":{\"@id\":\"https:\/\/tierheim-moers.de\/Wordpress\/mortola-mit-capricorn-basta-jacopo-und-cosimo-noch-nicht-in-der-vermittlung\/#breadcrumb\"},\"inLanguage\":\"de\",\"potentialAction\":[{\"@type\":\"ReadAction\",\"target\":[\"https:\/\/tierheim-moers.de\/Wordpress\/mortola-mit-capricorn-basta-jacopo-und-cosimo-noch-nicht-in-der-vermittlung\/\"]}]},{\"@type\":\"ImageObject\",\"inLanguage\":\"de\",\"@id\":\"https:\/\/tierheim-moers.de\/Wordpress\/mortola-mit-capricorn-basta-jacopo-und-cosimo-noch-nicht-in-der-vermittlung\/#primaryimage\",\"url\":\"https:\/\/tierheim-moers.de\/Wordpress\/wp-content\/uploads\/2025\/01\/Mortola2-scaled.jpg\",\"contentUrl\":\"https:\/\/tierheim-moers.de\/Wordpress\/wp-content\/uploads\/2025\/01\/Mortola2-scaled.jpg\",\"width\":2560,\"height\":1679},{\"@type\":\"BreadcrumbList\",\"@id\":\"https:\/\/tierheim-moers.de\/Wordpress\/mortola-mit-capricorn-basta-jacopo-und-cosimo-noch-nicht-in-der-vermittlung\/#breadcrumb\",\"itemListElement\":[{\"@type\":\"ListItem\",\"position\":1,\"name\":\"Startseite\",\"item\":\"https:\/\/tierheim-moers.de\/Wordpress\/\"},{\"@type\":\"ListItem\",\"position\":2,\"name\":\"Mortola &#8211; Vermittelt 07.04.2025 (Capricorn, Basta, Jacopo und Cosimo &#8211; Vermittelt)\"}]},{\"@type\":\"WebSite\",\"@id\":\"https:\/\/tierheim-moers.de\/Wordpress\/#website\",\"url\":\"https:\/\/tierheim-moers.de\/Wordpress\/\",\"name\":\"Tierheim Moers\",\"description\":\"Tierheim | Hundepension | Tierschutz | Moers\",\"publisher\":{\"@id\":\"https:\/\/tierheim-moers.de\/Wordpress\/#organization\"},\"potentialAction\":[{\"@type\":\"SearchAction\",\"target\":{\"@type\":\"EntryPoint\",\"urlTemplate\":\"https:\/\/tierheim-moers.de\/Wordpress\/?s={search_term_string}\"},\"query-input\":{\"@type\":\"PropertyValueSpecification\",\"valueRequired\":true,\"valueName\":\"search_term_string\"}}],\"inLanguage\":\"de\"},{\"@type\":\"Organization\",\"@id\":\"https:\/\/tierheim-moers.de\/Wordpress\/#organization\",\"name\":\"Tierheim Moers\",\"url\":\"https:\/\/tierheim-moers.de\/Wordpress\/\",\"logo\":{\"@type\":\"ImageObject\",\"inLanguage\":\"de\",\"@id\":\"https:\/\/tierheim-moers.de\/Wordpress\/#\/schema\/logo\/image\/\",\"url\":\"https:\/\/tierheim-moers.de\/Wordpress\/wp-content\/uploads\/2014\/04\/Logo-TSV-Moers-V01-RGB-300.png\",\"contentUrl\":\"https:\/\/tierheim-moers.de\/Wordpress\/wp-content\/uploads\/2014\/04\/Logo-TSV-Moers-V01-RGB-300.png\",\"width\":1052,\"height\":1038,\"caption\":\"Tierheim Moers\"},\"image\":{\"@id\":\"https:\/\/tierheim-moers.de\/Wordpress\/#\/schema\/logo\/image\/\"},\"sameAs\":[\"https:\/\/de-de.facebook.com\/moers.tierheim\"]},{\"@type\":\"Person\",\"@id\":\"https:\/\/tierheim-moers.de\/Wordpress\/#\/schema\/person\/a2ec1cd39bf2958aa10437b022bc3989\",\"name\":\"Lorena Heller\",\"image\":{\"@type\":\"ImageObject\",\"inLanguage\":\"de\",\"@id\":\"https:\/\/tierheim-moers.de\/Wordpress\/#\/schema\/person\/image\/\",\"url\":\"https:\/\/secure.gravatar.com\/avatar\/e53a91d572e1c31c0ded3ef9ede22888b58914cae28b7150a9c8661cb1b5943a?s=96&d=mm&r=g\",\"contentUrl\":\"https:\/\/secure.gravatar.com\/avatar\/e53a91d572e1c31c0ded3ef9ede22888b58914cae28b7150a9c8661cb1b5943a?s=96&d=mm&r=g\",\"caption\":\"Lorena Heller\"},\"url\":\"https:\/\/tierheim-moers.de\/Wordpress\/author\/kleintiere\/\"}]}<\/script>\n<!-- \/ Yoast SEO plugin. -->","yoast_head_json":{"title":"Mortola - Vermittelt 07.04.2025 (Capricorn, Basta, Jacopo und Cosimo - Vermittelt) | TIERHEIM MOERS","robots":{"index":"index","follow":"follow","max-snippet":"max-snippet:-1","max-image-preview":"max-image-preview:large","max-video-preview":"max-video-preview:-1"},"canonical":"https:\/\/tierheim-moers.de\/Wordpress\/mortola-mit-capricorn-basta-jacopo-und-cosimo-noch-nicht-in-der-vermittlung\/","og_locale":"de_DE","og_type":"article","og_title":"Mortola - Vermittelt 07.04.2025 (Capricorn, Basta, Jacopo und Cosimo - Vermittelt) | TIERHEIM MOERS","og_description":"Mortola wurde mit ihren Babys drau\u00dfen ausgesetzt. Da es sich bei ihrem Nachwuchs um eine reine B\u00f6ckchengruppe handelt, wurden die Kleinen bereits &#8230;","og_url":"https:\/\/tierheim-moers.de\/Wordpress\/mortola-mit-capricorn-basta-jacopo-und-cosimo-noch-nicht-in-der-vermittlung\/","og_site_name":"TIERHEIM MOERS","article_publisher":"https:\/\/de-de.facebook.com\/moers.tierheim","article_published_time":"2025-04-08T11:47:41+00:00","article_modified_time":"2025-04-08T11:48:04+00:00","og_image":[{"width":2560,"height":1679,"url":"https:\/\/tierheim-moers.de\/Wordpress\/wp-content\/uploads\/2025\/01\/Mortola2-scaled.jpg","type":"image\/jpeg"}],"author":"Lorena Heller","twitter_card":"summary_large_image","twitter_misc":{"Verfasst von":"Lorena Heller","Gesch\u00e4tzte Lesezeit":"3\u00a0Minuten"},"schema":{"@context":"https:\/\/schema.org","@graph":[{"@type":"Article","@id":"https:\/\/tierheim-moers.de\/Wordpress\/mortola-mit-capricorn-basta-jacopo-und-cosimo-noch-nicht-in-der-vermittlung\/#article","isPartOf":{"@id":"https:\/\/tierheim-moers.de\/Wordpress\/mortola-mit-capricorn-basta-jacopo-und-cosimo-noch-nicht-in-der-vermittlung\/"},"author":{"name":"Lorena Heller","@id":"https:\/\/tierheim-moers.de\/Wordpress\/#\/schema\/person\/a2ec1cd39bf2958aa10437b022bc3989"},"headline":"Mortola &#8211; Vermittelt 07.04.2025 (Capricorn, Basta, Jacopo und Cosimo &#8211; Vermittelt)","datePublished":"2025-04-08T11:47:41+00:00","dateModified":"2025-04-08T11:48:04+00:00","mainEntityOfPage":{"@id":"https:\/\/tierheim-moers.de\/Wordpress\/mortola-mit-capricorn-basta-jacopo-und-cosimo-noch-nicht-in-der-vermittlung\/"},"wordCount":184,"publisher":{"@id":"https:\/\/tierheim-moers.de\/Wordpress\/#organization"},"image":{"@id":"https:\/\/tierheim-moers.de\/Wordpress\/mortola-mit-capricorn-basta-jacopo-und-cosimo-noch-nicht-in-der-vermittlung\/#primaryimage"},"thumbnailUrl":"https:\/\/tierheim-moers.de\/Wordpress\/wp-content\/uploads\/2025\/01\/Mortola2-scaled.jpg","articleSection":["Vermittelt"],"inLanguage":"de"},{"@type":"WebPage","@id":"https:\/\/tierheim-moers.de\/Wordpress\/mortola-mit-capricorn-basta-jacopo-und-cosimo-noch-nicht-in-der-vermittlung\/","url":"https:\/\/tierheim-moers.de\/Wordpress\/mortola-mit-capricorn-basta-jacopo-und-cosimo-noch-nicht-in-der-vermittlung\/","name":"Mortola - Vermittelt 07.04.2025 (Capricorn, Basta, Jacopo und Cosimo - Vermittelt) | TIERHEIM MOERS","isPartOf":{"@id":"https:\/\/tierheim-moers.de\/Wordpress\/#website"},"primaryImageOfPage":{"@id":"https:\/\/tierheim-moers.de\/Wordpress\/mortola-mit-capricorn-basta-jacopo-und-cosimo-noch-nicht-in-der-vermittlung\/#primaryimage"},"image":{"@id":"https:\/\/tierheim-moers.de\/Wordpress\/mortola-mit-capricorn-basta-jacopo-und-cosimo-noch-nicht-in-der-vermittlung\/#primaryimage"},"thumbnailUrl":"https:\/\/tierheim-moers.de\/Wordpress\/wp-content\/uploads\/2025\/01\/Mortola2-scaled.jpg","datePublished":"2025-04-08T11:47:41+00:00","dateModified":"2025-04-08T11:48:04+00:00","breadcrumb":{"@id":"https:\/\/tierheim-moers.de\/Wordpress\/mortola-mit-capricorn-basta-jacopo-und-cosimo-noch-nicht-in-der-vermittlung\/#breadcrumb"},"inLanguage":"de","potentialAction":[{"@type":"ReadAction","target":["https:\/\/tierheim-moers.de\/Wordpress\/mortola-mit-capricorn-basta-jacopo-und-cosimo-noch-nicht-in-der-vermittlung\/"]}]},{"@type":"ImageObject","inLanguage":"de","@id":"https:\/\/tierheim-moers.de\/Wordpress\/mortola-mit-capricorn-basta-jacopo-und-cosimo-noch-nicht-in-der-vermittlung\/#primaryimage","url":"https:\/\/tierheim-moers.de\/Wordpress\/wp-content\/uploads\/2025\/01\/Mortola2-scaled.jpg","contentUrl":"https:\/\/tierheim-moers.de\/Wordpress\/wp-content\/uploads\/2025\/01\/Mortola2-scaled.jpg","width":2560,"height":1679},{"@type":"BreadcrumbList","@id":"https:\/\/tierheim-moers.de\/Wordpress\/mortola-mit-capricorn-basta-jacopo-und-cosimo-noch-nicht-in-der-vermittlung\/#breadcrumb","itemListElement":[{"@type":"ListItem","position":1,"name":"Startseite","item":"https:\/\/tierheim-moers.de\/Wordpress\/"},{"@type":"ListItem","position":2,"name":"Mortola &#8211; Vermittelt 07.04.2025 (Capricorn, Basta, Jacopo und Cosimo &#8211; Vermittelt)"}]},{"@type":"WebSite","@id":"https:\/\/tierheim-moers.de\/Wordpress\/#website","url":"https:\/\/tierheim-moers.de\/Wordpress\/","name":"Tierheim Moers","description":"Tierheim | Hundepension | Tierschutz | Moers","publisher":{"@id":"https:\/\/tierheim-moers.de\/Wordpress\/#organization"},"potentialAction":[{"@type":"SearchAction","target":{"@type":"EntryPoint","urlTemplate":"https:\/\/tierheim-moers.de\/Wordpress\/?s={search_term_string}"},"query-input":{"@type":"PropertyValueSpecification","valueRequired":true,"valueName":"search_term_string"}}],"inLanguage":"de"},{"@type":"Organization","@id":"https:\/\/tierheim-moers.de\/Wordpress\/#organization","name":"Tierheim Moers","url":"https:\/\/tierheim-moers.de\/Wordpress\/","logo":{"@type":"ImageObject","inLanguage":"de","@id":"https:\/\/tierheim-moers.de\/Wordpress\/#\/schema\/logo\/image\/","url":"https:\/\/tierheim-moers.de\/Wordpress\/wp-content\/uploads\/2014\/04\/Logo-TSV-Moers-V01-RGB-300.png","contentUrl":"https:\/\/tierheim-moers.de\/Wordpress\/wp-content\/uploads\/2014\/04\/Logo-TSV-Moers-V01-RGB-300.png","width":1052,"height":1038,"caption":"Tierheim Moers"},"image":{"@id":"https:\/\/tierheim-moers.de\/Wordpress\/#\/schema\/logo\/image\/"},"sameAs":["https:\/\/de-de.facebook.com\/moers.tierheim"]},{"@type":"Person","@id":"https:\/\/tierheim-moers.de\/Wordpress\/#\/schema\/person\/a2ec1cd39bf2958aa10437b022bc3989","name":"Lorena Heller","image":{"@type":"ImageObject","inLanguage":"de","@id":"https:\/\/tierheim-moers.de\/Wordpress\/#\/schema\/person\/image\/","url":"https:\/\/secure.gravatar.com\/avatar\/e53a91d572e1c31c0ded3ef9ede22888b58914cae28b7150a9c8661cb1b5943a?s=96&d=mm&r=g","contentUrl":"https:\/\/secure.gravatar.com\/avatar\/e53a91d572e1c31c0ded3ef9ede22888b58914cae28b7150a9c8661cb1b5943a?s=96&d=mm&r=g","caption":"Lorena Heller"},"url":"https:\/\/tierheim-moers.de\/Wordpress\/author\/kleintiere\/"}]}},"_links":{"self":[{"href":"https:\/\/tierheim-moers.de\/Wordpress\/wp-json\/wp\/v2\/posts\/59409","targetHints":{"allow":["GET"]}}],"collection":[{"href":"https:\/\/tierheim-moers.de\/Wordpress\/wp-json\/wp\/v2\/posts"}],"about":[{"href":"https:\/\/tierheim-moers.de\/Wordpress\/wp-json\/wp\/v2\/types\/post"}],"author":[{"embeddable":true,"href":"https:\/\/tierheim-moers.de\/Wordpress\/wp-json\/wp\/v2\/users\/36"}],"replies":[{"embeddable":true,"href":"https:\/\/tierheim-moers.de\/Wordpress\/wp-json\/wp\/v2\/comments?post=59409"}],"version-history":[{"count":7,"href":"https:\/\/tierheim-moers.de\/Wordpress\/wp-json\/wp\/v2\/posts\/59409\/revisions"}],"predecessor-version":[{"id":59805,"href":"https:\/\/tierheim-moers.de\/Wordpress\/wp-json\/wp\/v2\/posts\/59409\/revisions\/59805"}],"wp:featuredmedia":[{"embeddable":true,"href":"https:\/\/tierheim-moers.de\/Wordpress\/wp-json\/wp\/v2\/media\/59229"}],"wp:attachment":[{"href":"https:\/\/tierheim-moers.de\/Wordpress\/wp-json\/wp\/v2\/media?parent=59409"}],"wp:term":[{"taxonomy":"category","embeddable":true,"href":"https:\/\/tierheim-moers.de\/Wordpress\/wp-json\/wp\/v2\/categories?post=59409"},{"taxonomy":"post_tag","embeddable":true,"href":"https:\/\/tierheim-moers.de\/Wordpress\/wp-json\/wp\/v2\/tags?post=59409"}],"curies":[{"name":"wp","href":"https:\/\/api.w.org\/{rel}","templated":true}]}}