{"id":60330,"date":"2025-08-15T11:39:37","date_gmt":"2025-08-15T09:39:37","guid":{"rendered":"https:\/\/tierheim-moers.de\/Wordpress\/?p=60330"},"modified":"2025-08-15T11:39:38","modified_gmt":"2025-08-15T09:39:38","slug":"stella-bei-uns-christina-fuehlt-sich-schon-richtig-wohl","status":"publish","type":"post","link":"https:\/\/tierheim-moers.de\/Wordpress\/stella-bei-uns-christina-fuehlt-sich-schon-richtig-wohl\/","title":{"rendered":"Stella (bei uns Christina) &#8230; schnuppert nun &#8220;Freiluft&#8221;"},"content":{"rendered":"\n<div style=\"height:87px\" aria-hidden=\"true\" class=\"wp-block-spacer\"><\/div>\n\n\n\n<p><strong>22. Juni 2025<\/strong><\/p>\n\n\n\n<p> Hallo, liebes Tierheim Moers,<\/p>\n\n\n\n<p>Ich wollte Ihnen noch mal einen Zwischenstand mitteilen, zu der kleinen Stella. Sie ist super gl\u00fccklich, dass sie jetzt die Welt drau\u00dfen erobert hat. Das tut ihr unheimlich gut. Sie ist wie ausgewechselt. Der Kontakt mit den vier Nachbars Katzen l\u00e4uft auch wunderbar.<\/p>\n\n\n\n<p>Die ersten Ausg\u00e4nge hab ich ganz kurz gestaltet. Sie war erst mal \u00fcberfordert mit den ganzen neuen Reizen. Sie war jetzt zwar schon mehrfach in der G\u00e4nse und H\u00fchnerwiese. Die Begegnung mit diesen Tieren war sehr lustig. Beide Seiten hatten erst mal etwas Angst. Jetzt Managed die Kleine, das aber schon ganz souver\u00e4n und kommt auch immer zur\u00fcck nach maximal 1 Stunde.<\/p>\n\n\n\n<p>Ich w\u00fcrde mal sagen, hier hat jemand ein sehr gl\u00fcckliches zu Hause gefunden <\/p>\n\n\n\n<p>Herzliche Gr\u00fc\u00dfe<\/p>\n\n\n\n<p><\/p>\n\n\n\n<figure class=\"wp-block-gallery has-nested-images columns-default is-cropped wp-block-gallery-1 is-layout-flex wp-block-gallery-is-layout-flex\">\n<figure class=\"wp-block-image size-large\"><a href=\"https:\/\/tierheim-moers.de\/Wordpress\/wp-content\/uploads\/2025\/08\/StellaChristina3.jpeg\"><img fetchpriority=\"high\" decoding=\"async\" width=\"520\" height=\"640\" data-id=\"61162\" src=\"https:\/\/tierheim-moers.de\/Wordpress\/wp-content\/uploads\/2025\/08\/StellaChristina3.jpeg\" alt=\"\" class=\"wp-image-61162\" srcset=\"https:\/\/tierheim-moers.de\/Wordpress\/wp-content\/uploads\/2025\/08\/StellaChristina3.jpeg 520w, https:\/\/tierheim-moers.de\/Wordpress\/wp-content\/uploads\/2025\/08\/StellaChristina3-244x300.jpeg 244w\" sizes=\"(max-width: 520px) 100vw, 520px\" \/><\/a><\/figure>\n\n\n\n<figure class=\"wp-block-image size-large\"><a href=\"https:\/\/tierheim-moers.de\/Wordpress\/wp-content\/uploads\/2025\/08\/StellaChristina2.jpeg\"><img decoding=\"async\" width=\"418\" height=\"640\" data-id=\"61161\" src=\"https:\/\/tierheim-moers.de\/Wordpress\/wp-content\/uploads\/2025\/08\/StellaChristina2.jpeg\" alt=\"\" class=\"wp-image-61161\" srcset=\"https:\/\/tierheim-moers.de\/Wordpress\/wp-content\/uploads\/2025\/08\/StellaChristina2.jpeg 418w, https:\/\/tierheim-moers.de\/Wordpress\/wp-content\/uploads\/2025\/08\/StellaChristina2-196x300.jpeg 196w\" sizes=\"(max-width: 418px) 100vw, 418px\" \/><\/a><\/figure>\n\n\n\n<figure class=\"wp-block-image size-large\"><a href=\"https:\/\/tierheim-moers.de\/Wordpress\/wp-content\/uploads\/2025\/08\/StellaChristina.jpeg\"><img decoding=\"async\" data-id=\"61160\" src=\"https:\/\/tierheim-moers.de\/Wordpress\/wp-content\/uploads\/2025\/08\/StellaChristina.jpeg\" alt=\"\" class=\"wp-image-61160\"\/><\/a><\/figure>\n<\/figure>\n\n\n\n<div style=\"height:89px\" aria-hidden=\"true\" class=\"wp-block-spacer\"><\/div>\n\n\n\n<p><strong>Mai 2025<\/strong><\/p>\n\n\n\n<p>Hallo liebes Team vom Tierheim Moers,\n\nDie kleine Stella hat sich nach kurzer Zeit schon sehr gut eingelebt im neuen zu Hause.\nSie ist ein quirliger, kleiner Wirbelwind und hat mein Herz im Sturm erobert&#x1f63b;&#x2764;&#xfe0f;. Ich hab sie schon so lieb gewonnen.\n\nSie hat schon das ganze Haus erkundet ist aber immer nat\u00fcrlich noch etwas zur\u00fcckhaltend und vorsichtig. Ihr Safe Place ist im Keller unter der Treppe in einer Katzenh\u00f6hle. Dorthin zieht sie sich zur\u00fcck zum schlafen und wenn sie sich verstecken will, weil der komische Staubsauger kommt oder es geklingelt hat an der T\u00fcr\u2026 den Fernseher findet sie \u00fcbrigens sehr interessant und aufregend und Spiegel sind auch was ganz merkw\u00fcrdiges (da denkt sie immer, sie wird von einem Kontrahenten bedroht)\u2026\n\nSie bl\u00fcht von Tag zu Tag mehr auf und zaubert mir regelm\u00e4\u00dfig ein L\u00e4cheln ins Gesicht. Ich bin sehr dankbar, dass die Kleine bei mir ist und jetzt ein zu Hause f\u00fcr immer hat.\n\nAnbei ein paar Impressionen von Stella.\n\nLiebe Gr\u00fc\u00dfe,\nUlla<\/p>\n\n\n\n<p><\/p>\n\n\n\n<figure class=\"wp-block-gallery has-nested-images columns-default is-cropped wp-block-gallery-2 is-layout-flex wp-block-gallery-is-layout-flex\">\n<figure class=\"wp-block-image size-large\"><a href=\"https:\/\/tierheim-moers.de\/Wordpress\/wp-content\/uploads\/2025\/05\/image5-1-rotated.jpeg\"><img decoding=\"async\" data-id=\"60332\" src=\"https:\/\/tierheim-moers.de\/Wordpress\/wp-content\/uploads\/2025\/05\/image5-1-rotated.jpeg\" alt=\"\" class=\"wp-image-60332\"\/><\/a><\/figure>\n\n\n\n<figure class=\"wp-block-image size-large\"><a href=\"https:\/\/tierheim-moers.de\/Wordpress\/wp-content\/uploads\/2025\/05\/image4-1.jpeg\"><img decoding=\"async\" width=\"793\" height=\"1024\" data-id=\"60331\" src=\"https:\/\/tierheim-moers.de\/Wordpress\/wp-content\/uploads\/2025\/05\/image4-1-793x1024.jpeg\" alt=\"\" class=\"wp-image-60331\" srcset=\"https:\/\/tierheim-moers.de\/Wordpress\/wp-content\/uploads\/2025\/05\/image4-1-793x1024.jpeg 793w, https:\/\/tierheim-moers.de\/Wordpress\/wp-content\/uploads\/2025\/05\/image4-1-232x300.jpeg 232w, https:\/\/tierheim-moers.de\/Wordpress\/wp-content\/uploads\/2025\/05\/image4-1-768x992.jpeg 768w, https:\/\/tierheim-moers.de\/Wordpress\/wp-content\/uploads\/2025\/05\/image4-1-700x904.jpeg 700w, https:\/\/tierheim-moers.de\/Wordpress\/wp-content\/uploads\/2025\/05\/image4-1.jpeg 1027w\" sizes=\"(max-width: 793px) 100vw, 793px\" \/><\/a><\/figure>\n\n\n\n<figure class=\"wp-block-image size-large\"><a href=\"https:\/\/tierheim-moers.de\/Wordpress\/wp-content\/uploads\/2025\/05\/image2.jpeg\"><img loading=\"lazy\" decoding=\"async\" width=\"640\" height=\"334\" data-id=\"60329\" src=\"https:\/\/tierheim-moers.de\/Wordpress\/wp-content\/uploads\/2025\/05\/image2.jpeg\" alt=\"\" class=\"wp-image-60329\" srcset=\"https:\/\/tierheim-moers.de\/Wordpress\/wp-content\/uploads\/2025\/05\/image2.jpeg 640w, https:\/\/tierheim-moers.de\/Wordpress\/wp-content\/uploads\/2025\/05\/image2-300x157.jpeg 300w\" sizes=\"(max-width: 640px) 100vw, 640px\" \/><\/a><\/figure>\n\n\n\n<figure class=\"wp-block-image size-large\"><a href=\"https:\/\/tierheim-moers.de\/Wordpress\/wp-content\/uploads\/2025\/05\/image1.jpeg\"><img loading=\"lazy\" decoding=\"async\" width=\"640\" height=\"480\" data-id=\"60328\" src=\"https:\/\/tierheim-moers.de\/Wordpress\/wp-content\/uploads\/2025\/05\/image1.jpeg\" alt=\"\" class=\"wp-image-60328\" srcset=\"https:\/\/tierheim-moers.de\/Wordpress\/wp-content\/uploads\/2025\/05\/image1.jpeg 640w, https:\/\/tierheim-moers.de\/Wordpress\/wp-content\/uploads\/2025\/05\/image1-300x225.jpeg 300w\" sizes=\"(max-width: 640px) 100vw, 640px\" \/><\/a><\/figure>\n\n\n\n<figure class=\"wp-block-image size-large\"><a href=\"https:\/\/tierheim-moers.de\/Wordpress\/wp-content\/uploads\/2025\/05\/image0-rotated.jpeg\"><img loading=\"lazy\" decoding=\"async\" width=\"480\" height=\"640\" data-id=\"60327\" src=\"https:\/\/tierheim-moers.de\/Wordpress\/wp-content\/uploads\/2025\/05\/image0-rotated.jpeg\" alt=\"\" class=\"wp-image-60327\" srcset=\"https:\/\/tierheim-moers.de\/Wordpress\/wp-content\/uploads\/2025\/05\/image0-rotated.jpeg 480w, https:\/\/tierheim-moers.de\/Wordpress\/wp-content\/uploads\/2025\/05\/image0-225x300.jpeg 225w\" sizes=\"(max-width: 480px) 100vw, 480px\" \/><\/a><\/figure>\n<\/figure>\n<div class=\"shariff shariff-align-flex-start shariff-widget-align-center\" data-url=\"https%3A%2F%2Ftierheim-moers.de%2FWordpress%2Fstella-bei-uns-christina-fuehlt-sich-schon-richtig-wohl%2F\" data-timestamp=\"1755257978\" data-hidezero=\"1\" data-backendurl=\"https:\/\/tierheim-moers.de\/Wordpress\/wp-json\/shariff\/v1\/share_counts?\"><ul class=\"shariff-buttons theme-round orientation-horizontal buttonsize-small\"><li class=\"shariff-button facebook shariff-nocustomcolor\" style=\"background-color:#4273c8\"><a href=\"https:\/\/www.facebook.com\/sharer\/sharer.php?u=https%3A%2F%2Ftierheim-moers.de%2FWordpress%2Fstella-bei-uns-christina-fuehlt-sich-schon-richtig-wohl%2F\" title=\"Bei Facebook teilen\" aria-label=\"Bei Facebook teilen\" role=\"button\" rel=\"nofollow\" class=\"shariff-link\" style=\"; background-color:#3b5998; color:#fff\" target=\"_blank\"><span class=\"shariff-icon\" style=\"\"><svg width=\"32px\" height=\"20px\" xmlns=\"http:\/\/www.w3.org\/2000\/svg\" viewBox=\"0 0 18 32\"><path fill=\"#3b5998\" d=\"M17.1 0.2v4.7h-2.8q-1.5 0-2.1 0.6t-0.5 1.9v3.4h5.2l-0.7 5.3h-4.5v13.6h-5.5v-13.6h-4.5v-5.3h4.5v-3.9q0-3.3 1.9-5.2t5-1.8q2.6 0 4.1 0.2z\"\/><\/svg><\/span><\/a><\/li><li class=\"shariff-button twitter shariff-nocustomcolor\" style=\"background-color:#595959\"><a href=\"https:\/\/twitter.com\/share?url=https%3A%2F%2Ftierheim-moers.de%2FWordpress%2Fstella-bei-uns-christina-fuehlt-sich-schon-richtig-wohl%2F&text=Stella%20%28bei%20uns%20Christina%29%20%E2%80%A6%20schnuppert%20nun%20%E2%80%9CFreiluft%E2%80%9D\" title=\"Bei X teilen\" aria-label=\"Bei X teilen\" role=\"button\" rel=\"noopener nofollow\" class=\"shariff-link\" style=\"; background-color:#000; color:#fff\" target=\"_blank\"><span class=\"shariff-icon\" style=\"\"><svg width=\"32px\" height=\"20px\" xmlns=\"http:\/\/www.w3.org\/2000\/svg\" viewBox=\"0 0 24 24\"><path fill=\"#000\" d=\"M14.258 10.152L23.176 0h-2.113l-7.747 8.813L7.133 0H0l9.352 13.328L0 23.973h2.113l8.176-9.309 6.531 9.309h7.133zm-2.895 3.293l-.949-1.328L2.875 1.56h3.246l6.086 8.523.945 1.328 7.91 11.078h-3.246zm0 0\"\/><\/svg><\/span><\/a><\/li><li class=\"shariff-button whatsapp shariff-nocustomcolor\" style=\"background-color:#5cbe4a\"><a href=\"https:\/\/api.whatsapp.com\/send?text=https%3A%2F%2Ftierheim-moers.de%2FWordpress%2Fstella-bei-uns-christina-fuehlt-sich-schon-richtig-wohl%2F%20Stella%20%28bei%20uns%20Christina%29%20%E2%80%A6%20schnuppert%20nun%20%E2%80%9CFreiluft%E2%80%9D\" title=\"Bei Whatsapp teilen\" aria-label=\"Bei Whatsapp teilen\" role=\"button\" rel=\"noopener nofollow\" class=\"shariff-link\" style=\"; background-color:#34af23; color:#fff\" target=\"_blank\"><span class=\"shariff-icon\" style=\"\"><svg width=\"32px\" height=\"20px\" xmlns=\"http:\/\/www.w3.org\/2000\/svg\" viewBox=\"0 0 32 32\"><path fill=\"#34af23\" d=\"M17.6 17.4q0.2 0 1.7 0.8t1.6 0.9q0 0.1 0 0.3 0 0.6-0.3 1.4-0.3 0.7-1.3 1.2t-1.8 0.5q-1 0-3.4-1.1-1.7-0.8-3-2.1t-2.6-3.3q-1.3-1.9-1.3-3.5v-0.1q0.1-1.6 1.3-2.8 0.4-0.4 0.9-0.4 0.1 0 0.3 0t0.3 0q0.3 0 0.5 0.1t0.3 0.5q0.1 0.4 0.6 1.6t0.4 1.3q0 0.4-0.6 1t-0.6 0.8q0 0.1 0.1 0.3 0.6 1.3 1.8 2.4 1 0.9 2.7 1.8 0.2 0.1 0.4 0.1 0.3 0 1-0.9t0.9-0.9zM14 26.9q2.3 0 4.3-0.9t3.6-2.4 2.4-3.6 0.9-4.3-0.9-4.3-2.4-3.6-3.6-2.4-4.3-0.9-4.3 0.9-3.6 2.4-2.4 3.6-0.9 4.3q0 3.6 2.1 6.6l-1.4 4.2 4.3-1.4q2.8 1.9 6.2 1.9zM14 2.2q2.7 0 5.2 1.1t4.3 2.9 2.9 4.3 1.1 5.2-1.1 5.2-2.9 4.3-4.3 2.9-5.2 1.1q-3.5 0-6.5-1.7l-7.4 2.4 2.4-7.2q-1.9-3.2-1.9-6.9 0-2.7 1.1-5.2t2.9-4.3 4.3-2.9 5.2-1.1z\"\/><\/svg><\/span><\/a><\/li><li class=\"shariff-button sms shariff-nocustomcolor shariff-mobile\" style=\"background-color:#d7d9d8\"><a href=\"sms:?&body=https%3A%2F%2Ftierheim-moers.de%2FWordpress%2Fstella-bei-uns-christina-fuehlt-sich-schon-richtig-wohl%2F\" title=\"Per SMS teilen\" aria-label=\"Per SMS teilen\" role=\"button\" rel=\"noopener nofollow\" class=\"shariff-link\" style=\"; background-color:#a1e877; color:#fff\" target=\"_blank\"><span class=\"shariff-icon\" style=\"\"><svg xmlns=\"http:\/\/www.w3.org\/2000\/svg\" width=\"510\" height=\"510\" viewBox=\"0 0 510 510\"><path fill=\"#a1e877\" d=\"M459 0H51C23 0 0 23 0 51v459l102-102h357c28.1 0 51-22.9 51-51V51C510 23 487.1 0 459 0zM178.5 229.5h-51v-51h51V229.5zM280.5 229.5h-51v-51h51V229.5zM382.5 229.5h-51v-51h51V229.5z\"\/><\/svg><\/span><\/a><\/li><\/ul><\/div>","protected":false},"excerpt":{"rendered":"<p>22. Juni 2025 Hallo, liebes Tierheim Moers, Ich wollte Ihnen noch mal einen Zwischenstand mitteilen, zu der kleinen Stella. Sie ist super gl\u00fccklich, dass sie jetzt die Welt drau\u00dfen erobert hat. Das tut ihr unheimlich gut. Sie ist wie ausgewechselt. Der Kontakt mit den vier Nachbars Katzen l\u00e4uft auch wunderbar. &#8230;<\/p>\n","protected":false},"author":7,"featured_media":61160,"comment_status":"closed","ping_status":"open","sticky":false,"template":"","format":"standard","meta":{"ngg_post_thumbnail":0,"footnotes":""},"categories":[32],"tags":[],"class_list":["post-60330","post","type-post","status-publish","format-standard","has-post-thumbnail","hentry","category-erfolgsgeschichten","column","threecol","has-thumbnail"],"yoast_head":"<!-- This site is optimized with the Yoast SEO plugin v24.6 - https:\/\/yoast.com\/wordpress\/plugins\/seo\/ -->\n<title>Stella (bei uns Christina) ... schnuppert nun &quot;Freiluft&quot; | TIERHEIM MOERS<\/title>\n<meta name=\"robots\" content=\"index, follow, max-snippet:-1, max-image-preview:large, max-video-preview:-1\" \/>\n<link rel=\"canonical\" href=\"https:\/\/tierheim-moers.de\/Wordpress\/stella-bei-uns-christina-fuehlt-sich-schon-richtig-wohl\/\" \/>\n<meta property=\"og:locale\" content=\"de_DE\" \/>\n<meta property=\"og:type\" content=\"article\" \/>\n<meta property=\"og:title\" content=\"Stella (bei uns Christina) ... schnuppert nun &quot;Freiluft&quot; | TIERHEIM MOERS\" \/>\n<meta property=\"og:description\" content=\"22. Juni 2025 Hallo, liebes Tierheim Moers, Ich wollte Ihnen noch mal einen Zwischenstand mitteilen, zu der kleinen Stella. Sie ist super &#8230;\" \/>\n<meta property=\"og:url\" content=\"https:\/\/tierheim-moers.de\/Wordpress\/stella-bei-uns-christina-fuehlt-sich-schon-richtig-wohl\/\" \/>\n<meta property=\"og:site_name\" content=\"TIERHEIM MOERS\" \/>\n<meta property=\"article:publisher\" content=\"https:\/\/de-de.facebook.com\/moers.tierheim\" \/>\n<meta property=\"article:published_time\" content=\"2025-08-15T09:39:37+00:00\" \/>\n<meta property=\"article:modified_time\" content=\"2025-08-15T09:39:38+00:00\" \/>\n<meta property=\"og:image\" content=\"https:\/\/tierheim-moers.de\/Wordpress\/wp-content\/uploads\/2025\/08\/StellaChristina-e1755250767552.jpeg\" \/>\n\t<meta property=\"og:image:width\" content=\"372\" \/>\n\t<meta property=\"og:image:height\" content=\"267\" \/>\n\t<meta property=\"og:image:type\" content=\"image\/jpeg\" \/>\n<meta name=\"author\" content=\"Kathrin Novotny\" \/>\n<meta name=\"twitter:card\" content=\"summary_large_image\" \/>\n<meta name=\"twitter:label1\" content=\"Verfasst von\" \/>\n\t<meta name=\"twitter:data1\" content=\"Kathrin Novotny\" \/>\n\t<meta name=\"twitter:label2\" content=\"Gesch\u00e4tzte Lesezeit\" \/>\n\t<meta name=\"twitter:data2\" content=\"4\u00a0Minuten\" \/>\n<script type=\"application\/ld+json\" class=\"yoast-schema-graph\">{\"@context\":\"https:\/\/schema.org\",\"@graph\":[{\"@type\":\"Article\",\"@id\":\"https:\/\/tierheim-moers.de\/Wordpress\/stella-bei-uns-christina-fuehlt-sich-schon-richtig-wohl\/#article\",\"isPartOf\":{\"@id\":\"https:\/\/tierheim-moers.de\/Wordpress\/stella-bei-uns-christina-fuehlt-sich-schon-richtig-wohl\/\"},\"author\":{\"name\":\"Kathrin Novotny\",\"@id\":\"https:\/\/tierheim-moers.de\/Wordpress\/#\/schema\/person\/167de77fdd5ff85153606cdd34a5ffbc\"},\"headline\":\"Stella (bei uns Christina) &#8230; schnuppert nun &#8220;Freiluft&#8221;\",\"datePublished\":\"2025-08-15T09:39:37+00:00\",\"dateModified\":\"2025-08-15T09:39:38+00:00\",\"mainEntityOfPage\":{\"@id\":\"https:\/\/tierheim-moers.de\/Wordpress\/stella-bei-uns-christina-fuehlt-sich-schon-richtig-wohl\/\"},\"wordCount\":324,\"publisher\":{\"@id\":\"https:\/\/tierheim-moers.de\/Wordpress\/#organization\"},\"image\":{\"@id\":\"https:\/\/tierheim-moers.de\/Wordpress\/stella-bei-uns-christina-fuehlt-sich-schon-richtig-wohl\/#primaryimage\"},\"thumbnailUrl\":\"https:\/\/tierheim-moers.de\/Wordpress\/wp-content\/uploads\/2025\/08\/StellaChristina-e1755250767552.jpeg\",\"articleSection\":[\"Erfolgsgeschichten\"],\"inLanguage\":\"de\"},{\"@type\":\"WebPage\",\"@id\":\"https:\/\/tierheim-moers.de\/Wordpress\/stella-bei-uns-christina-fuehlt-sich-schon-richtig-wohl\/\",\"url\":\"https:\/\/tierheim-moers.de\/Wordpress\/stella-bei-uns-christina-fuehlt-sich-schon-richtig-wohl\/\",\"name\":\"Stella (bei uns Christina) ... schnuppert nun \\\"Freiluft\\\" | TIERHEIM MOERS\",\"isPartOf\":{\"@id\":\"https:\/\/tierheim-moers.de\/Wordpress\/#website\"},\"primaryImageOfPage\":{\"@id\":\"https:\/\/tierheim-moers.de\/Wordpress\/stella-bei-uns-christina-fuehlt-sich-schon-richtig-wohl\/#primaryimage\"},\"image\":{\"@id\":\"https:\/\/tierheim-moers.de\/Wordpress\/stella-bei-uns-christina-fuehlt-sich-schon-richtig-wohl\/#primaryimage\"},\"thumbnailUrl\":\"https:\/\/tierheim-moers.de\/Wordpress\/wp-content\/uploads\/2025\/08\/StellaChristina-e1755250767552.jpeg\",\"datePublished\":\"2025-08-15T09:39:37+00:00\",\"dateModified\":\"2025-08-15T09:39:38+00:00\",\"breadcrumb\":{\"@id\":\"https:\/\/tierheim-moers.de\/Wordpress\/stella-bei-uns-christina-fuehlt-sich-schon-richtig-wohl\/#breadcrumb\"},\"inLanguage\":\"de\",\"potentialAction\":[{\"@type\":\"ReadAction\",\"target\":[\"https:\/\/tierheim-moers.de\/Wordpress\/stella-bei-uns-christina-fuehlt-sich-schon-richtig-wohl\/\"]}]},{\"@type\":\"ImageObject\",\"inLanguage\":\"de\",\"@id\":\"https:\/\/tierheim-moers.de\/Wordpress\/stella-bei-uns-christina-fuehlt-sich-schon-richtig-wohl\/#primaryimage\",\"url\":\"https:\/\/tierheim-moers.de\/Wordpress\/wp-content\/uploads\/2025\/08\/StellaChristina-e1755250767552.jpeg\",\"contentUrl\":\"https:\/\/tierheim-moers.de\/Wordpress\/wp-content\/uploads\/2025\/08\/StellaChristina-e1755250767552.jpeg\",\"width\":372,\"height\":267},{\"@type\":\"BreadcrumbList\",\"@id\":\"https:\/\/tierheim-moers.de\/Wordpress\/stella-bei-uns-christina-fuehlt-sich-schon-richtig-wohl\/#breadcrumb\",\"itemListElement\":[{\"@type\":\"ListItem\",\"position\":1,\"name\":\"Startseite\",\"item\":\"https:\/\/tierheim-moers.de\/Wordpress\/\"},{\"@type\":\"ListItem\",\"position\":2,\"name\":\"Stella (bei uns Christina) &#8230; schnuppert nun &#8220;Freiluft&#8221;\"}]},{\"@type\":\"WebSite\",\"@id\":\"https:\/\/tierheim-moers.de\/Wordpress\/#website\",\"url\":\"https:\/\/tierheim-moers.de\/Wordpress\/\",\"name\":\"Tierheim Moers\",\"description\":\"Tierheim | Hundepension | Tierschutz | Moers\",\"publisher\":{\"@id\":\"https:\/\/tierheim-moers.de\/Wordpress\/#organization\"},\"potentialAction\":[{\"@type\":\"SearchAction\",\"target\":{\"@type\":\"EntryPoint\",\"urlTemplate\":\"https:\/\/tierheim-moers.de\/Wordpress\/?s={search_term_string}\"},\"query-input\":{\"@type\":\"PropertyValueSpecification\",\"valueRequired\":true,\"valueName\":\"search_term_string\"}}],\"inLanguage\":\"de\"},{\"@type\":\"Organization\",\"@id\":\"https:\/\/tierheim-moers.de\/Wordpress\/#organization\",\"name\":\"Tierheim Moers\",\"url\":\"https:\/\/tierheim-moers.de\/Wordpress\/\",\"logo\":{\"@type\":\"ImageObject\",\"inLanguage\":\"de\",\"@id\":\"https:\/\/tierheim-moers.de\/Wordpress\/#\/schema\/logo\/image\/\",\"url\":\"https:\/\/tierheim-moers.de\/Wordpress\/wp-content\/uploads\/2014\/04\/Logo-TSV-Moers-V01-RGB-300.png\",\"contentUrl\":\"https:\/\/tierheim-moers.de\/Wordpress\/wp-content\/uploads\/2014\/04\/Logo-TSV-Moers-V01-RGB-300.png\",\"width\":1052,\"height\":1038,\"caption\":\"Tierheim Moers\"},\"image\":{\"@id\":\"https:\/\/tierheim-moers.de\/Wordpress\/#\/schema\/logo\/image\/\"},\"sameAs\":[\"https:\/\/de-de.facebook.com\/moers.tierheim\"]},{\"@type\":\"Person\",\"@id\":\"https:\/\/tierheim-moers.de\/Wordpress\/#\/schema\/person\/167de77fdd5ff85153606cdd34a5ffbc\",\"name\":\"Kathrin Novotny\",\"image\":{\"@type\":\"ImageObject\",\"inLanguage\":\"de\",\"@id\":\"https:\/\/tierheim-moers.de\/Wordpress\/#\/schema\/person\/image\/\",\"url\":\"https:\/\/secure.gravatar.com\/avatar\/8dbd3a3cd58d0e299cb5bd95a6d53c79eebe36713eda62bbb3c41a749d06346f?s=96&d=mm&r=g\",\"contentUrl\":\"https:\/\/secure.gravatar.com\/avatar\/8dbd3a3cd58d0e299cb5bd95a6d53c79eebe36713eda62bbb3c41a749d06346f?s=96&d=mm&r=g\",\"caption\":\"Kathrin Novotny\"},\"url\":\"https:\/\/tierheim-moers.de\/Wordpress\/author\/kathrin\/\"}]}<\/script>\n<!-- \/ Yoast SEO plugin. -->","yoast_head_json":{"title":"Stella (bei uns Christina) ... schnuppert nun \"Freiluft\" | TIERHEIM MOERS","robots":{"index":"index","follow":"follow","max-snippet":"max-snippet:-1","max-image-preview":"max-image-preview:large","max-video-preview":"max-video-preview:-1"},"canonical":"https:\/\/tierheim-moers.de\/Wordpress\/stella-bei-uns-christina-fuehlt-sich-schon-richtig-wohl\/","og_locale":"de_DE","og_type":"article","og_title":"Stella (bei uns Christina) ... schnuppert nun \"Freiluft\" | TIERHEIM MOERS","og_description":"22. Juni 2025 Hallo, liebes Tierheim Moers, Ich wollte Ihnen noch mal einen Zwischenstand mitteilen, zu der kleinen Stella. Sie ist super &#8230;","og_url":"https:\/\/tierheim-moers.de\/Wordpress\/stella-bei-uns-christina-fuehlt-sich-schon-richtig-wohl\/","og_site_name":"TIERHEIM MOERS","article_publisher":"https:\/\/de-de.facebook.com\/moers.tierheim","article_published_time":"2025-08-15T09:39:37+00:00","article_modified_time":"2025-08-15T09:39:38+00:00","og_image":[{"width":372,"height":267,"url":"https:\/\/tierheim-moers.de\/Wordpress\/wp-content\/uploads\/2025\/08\/StellaChristina-e1755250767552.jpeg","type":"image\/jpeg"}],"author":"Kathrin Novotny","twitter_card":"summary_large_image","twitter_misc":{"Verfasst von":"Kathrin Novotny","Gesch\u00e4tzte Lesezeit":"4\u00a0Minuten"},"schema":{"@context":"https:\/\/schema.org","@graph":[{"@type":"Article","@id":"https:\/\/tierheim-moers.de\/Wordpress\/stella-bei-uns-christina-fuehlt-sich-schon-richtig-wohl\/#article","isPartOf":{"@id":"https:\/\/tierheim-moers.de\/Wordpress\/stella-bei-uns-christina-fuehlt-sich-schon-richtig-wohl\/"},"author":{"name":"Kathrin Novotny","@id":"https:\/\/tierheim-moers.de\/Wordpress\/#\/schema\/person\/167de77fdd5ff85153606cdd34a5ffbc"},"headline":"Stella (bei uns Christina) &#8230; schnuppert nun &#8220;Freiluft&#8221;","datePublished":"2025-08-15T09:39:37+00:00","dateModified":"2025-08-15T09:39:38+00:00","mainEntityOfPage":{"@id":"https:\/\/tierheim-moers.de\/Wordpress\/stella-bei-uns-christina-fuehlt-sich-schon-richtig-wohl\/"},"wordCount":324,"publisher":{"@id":"https:\/\/tierheim-moers.de\/Wordpress\/#organization"},"image":{"@id":"https:\/\/tierheim-moers.de\/Wordpress\/stella-bei-uns-christina-fuehlt-sich-schon-richtig-wohl\/#primaryimage"},"thumbnailUrl":"https:\/\/tierheim-moers.de\/Wordpress\/wp-content\/uploads\/2025\/08\/StellaChristina-e1755250767552.jpeg","articleSection":["Erfolgsgeschichten"],"inLanguage":"de"},{"@type":"WebPage","@id":"https:\/\/tierheim-moers.de\/Wordpress\/stella-bei-uns-christina-fuehlt-sich-schon-richtig-wohl\/","url":"https:\/\/tierheim-moers.de\/Wordpress\/stella-bei-uns-christina-fuehlt-sich-schon-richtig-wohl\/","name":"Stella (bei uns Christina) ... schnuppert nun \"Freiluft\" | TIERHEIM MOERS","isPartOf":{"@id":"https:\/\/tierheim-moers.de\/Wordpress\/#website"},"primaryImageOfPage":{"@id":"https:\/\/tierheim-moers.de\/Wordpress\/stella-bei-uns-christina-fuehlt-sich-schon-richtig-wohl\/#primaryimage"},"image":{"@id":"https:\/\/tierheim-moers.de\/Wordpress\/stella-bei-uns-christina-fuehlt-sich-schon-richtig-wohl\/#primaryimage"},"thumbnailUrl":"https:\/\/tierheim-moers.de\/Wordpress\/wp-content\/uploads\/2025\/08\/StellaChristina-e1755250767552.jpeg","datePublished":"2025-08-15T09:39:37+00:00","dateModified":"2025-08-15T09:39:38+00:00","breadcrumb":{"@id":"https:\/\/tierheim-moers.de\/Wordpress\/stella-bei-uns-christina-fuehlt-sich-schon-richtig-wohl\/#breadcrumb"},"inLanguage":"de","potentialAction":[{"@type":"ReadAction","target":["https:\/\/tierheim-moers.de\/Wordpress\/stella-bei-uns-christina-fuehlt-sich-schon-richtig-wohl\/"]}]},{"@type":"ImageObject","inLanguage":"de","@id":"https:\/\/tierheim-moers.de\/Wordpress\/stella-bei-uns-christina-fuehlt-sich-schon-richtig-wohl\/#primaryimage","url":"https:\/\/tierheim-moers.de\/Wordpress\/wp-content\/uploads\/2025\/08\/StellaChristina-e1755250767552.jpeg","contentUrl":"https:\/\/tierheim-moers.de\/Wordpress\/wp-content\/uploads\/2025\/08\/StellaChristina-e1755250767552.jpeg","width":372,"height":267},{"@type":"BreadcrumbList","@id":"https:\/\/tierheim-moers.de\/Wordpress\/stella-bei-uns-christina-fuehlt-sich-schon-richtig-wohl\/#breadcrumb","itemListElement":[{"@type":"ListItem","position":1,"name":"Startseite","item":"https:\/\/tierheim-moers.de\/Wordpress\/"},{"@type":"ListItem","position":2,"name":"Stella (bei uns Christina) &#8230; schnuppert nun &#8220;Freiluft&#8221;"}]},{"@type":"WebSite","@id":"https:\/\/tierheim-moers.de\/Wordpress\/#website","url":"https:\/\/tierheim-moers.de\/Wordpress\/","name":"Tierheim Moers","description":"Tierheim | Hundepension | Tierschutz | Moers","publisher":{"@id":"https:\/\/tierheim-moers.de\/Wordpress\/#organization"},"potentialAction":[{"@type":"SearchAction","target":{"@type":"EntryPoint","urlTemplate":"https:\/\/tierheim-moers.de\/Wordpress\/?s={search_term_string}"},"query-input":{"@type":"PropertyValueSpecification","valueRequired":true,"valueName":"search_term_string"}}],"inLanguage":"de"},{"@type":"Organization","@id":"https:\/\/tierheim-moers.de\/Wordpress\/#organization","name":"Tierheim Moers","url":"https:\/\/tierheim-moers.de\/Wordpress\/","logo":{"@type":"ImageObject","inLanguage":"de","@id":"https:\/\/tierheim-moers.de\/Wordpress\/#\/schema\/logo\/image\/","url":"https:\/\/tierheim-moers.de\/Wordpress\/wp-content\/uploads\/2014\/04\/Logo-TSV-Moers-V01-RGB-300.png","contentUrl":"https:\/\/tierheim-moers.de\/Wordpress\/wp-content\/uploads\/2014\/04\/Logo-TSV-Moers-V01-RGB-300.png","width":1052,"height":1038,"caption":"Tierheim Moers"},"image":{"@id":"https:\/\/tierheim-moers.de\/Wordpress\/#\/schema\/logo\/image\/"},"sameAs":["https:\/\/de-de.facebook.com\/moers.tierheim"]},{"@type":"Person","@id":"https:\/\/tierheim-moers.de\/Wordpress\/#\/schema\/person\/167de77fdd5ff85153606cdd34a5ffbc","name":"Kathrin Novotny","image":{"@type":"ImageObject","inLanguage":"de","@id":"https:\/\/tierheim-moers.de\/Wordpress\/#\/schema\/person\/image\/","url":"https:\/\/secure.gravatar.com\/avatar\/8dbd3a3cd58d0e299cb5bd95a6d53c79eebe36713eda62bbb3c41a749d06346f?s=96&d=mm&r=g","contentUrl":"https:\/\/secure.gravatar.com\/avatar\/8dbd3a3cd58d0e299cb5bd95a6d53c79eebe36713eda62bbb3c41a749d06346f?s=96&d=mm&r=g","caption":"Kathrin Novotny"},"url":"https:\/\/tierheim-moers.de\/Wordpress\/author\/kathrin\/"}]}},"_links":{"self":[{"href":"https:\/\/tierheim-moers.de\/Wordpress\/wp-json\/wp\/v2\/posts\/60330","targetHints":{"allow":["GET"]}}],"collection":[{"href":"https:\/\/tierheim-moers.de\/Wordpress\/wp-json\/wp\/v2\/posts"}],"about":[{"href":"https:\/\/tierheim-moers.de\/Wordpress\/wp-json\/wp\/v2\/types\/post"}],"author":[{"embeddable":true,"href":"https:\/\/tierheim-moers.de\/Wordpress\/wp-json\/wp\/v2\/users\/7"}],"replies":[{"embeddable":true,"href":"https:\/\/tierheim-moers.de\/Wordpress\/wp-json\/wp\/v2\/comments?post=60330"}],"version-history":[{"count":2,"href":"https:\/\/tierheim-moers.de\/Wordpress\/wp-json\/wp\/v2\/posts\/60330\/revisions"}],"predecessor-version":[{"id":61164,"href":"https:\/\/tierheim-moers.de\/Wordpress\/wp-json\/wp\/v2\/posts\/60330\/revisions\/61164"}],"wp:featuredmedia":[{"embeddable":true,"href":"https:\/\/tierheim-moers.de\/Wordpress\/wp-json\/wp\/v2\/media\/61160"}],"wp:attachment":[{"href":"https:\/\/tierheim-moers.de\/Wordpress\/wp-json\/wp\/v2\/media?parent=60330"}],"wp:term":[{"taxonomy":"category","embeddable":true,"href":"https:\/\/tierheim-moers.de\/Wordpress\/wp-json\/wp\/v2\/categories?post=60330"},{"taxonomy":"post_tag","embeddable":true,"href":"https:\/\/tierheim-moers.de\/Wordpress\/wp-json\/wp\/v2\/tags?post=60330"}],"curies":[{"name":"wp","href":"https:\/\/api.w.org\/{rel}","templated":true}]}}