{"id":6157,"date":"2015-04-22T20:18:14","date_gmt":"2015-04-22T18:18:14","guid":{"rendered":"http:\/\/tierheim-moers.de\/Wordpress\/?p=6157"},"modified":"2015-06-06T11:23:30","modified_gmt":"2015-06-06T09:23:30","slug":"anhaenglicher-elvis","status":"publish","type":"post","link":"https:\/\/tierheim-moers.de\/Wordpress\/anhaenglicher-elvis\/","title":{"rendered":"Anh\u00e4nglicher Elvis, verm. 22.04.2015"},"content":{"rendered":"<p><a href=\"http:\/\/tierheim-moers.de\/Wordpress\/wp-content\/uploads\/2015\/03\/IMG_5017elvis-klein.jpg\"><img fetchpriority=\"high\" decoding=\"async\" class=\"alignnone size-medium wp-image-6519\" alt=\"IMG_5017elvis-klein\" src=\"http:\/\/tierheim-moers.de\/Wordpress\/wp-content\/uploads\/2015\/03\/IMG_5017elvis-klein-225x300.jpg\" width=\"225\" height=\"300\" srcset=\"https:\/\/tierheim-moers.de\/Wordpress\/wp-content\/uploads\/2015\/03\/IMG_5017elvis-klein-225x300.jpg 225w, https:\/\/tierheim-moers.de\/Wordpress\/wp-content\/uploads\/2015\/03\/IMG_5017elvis-klein.jpg 300w\" sizes=\"(max-width: 225px) 100vw, 225px\" \/><\/a> <a href=\"http:\/\/tierheim-moers.de\/Wordpress\/wp-content\/uploads\/2015\/03\/IMG_5019elvis-klein.jpg\"><img decoding=\"async\" class=\"alignnone size-medium wp-image-6520\" alt=\"IMG_5019elvis-klein\" src=\"http:\/\/tierheim-moers.de\/Wordpress\/wp-content\/uploads\/2015\/03\/IMG_5019elvis-klein-225x300.jpg\" width=\"225\" height=\"300\" srcset=\"https:\/\/tierheim-moers.de\/Wordpress\/wp-content\/uploads\/2015\/03\/IMG_5019elvis-klein-225x300.jpg 225w, https:\/\/tierheim-moers.de\/Wordpress\/wp-content\/uploads\/2015\/03\/IMG_5019elvis-klein.jpg 300w\" sizes=\"(max-width: 225px) 100vw, 225px\" \/><\/a> <a href=\"http:\/\/tierheim-moers.de\/Wordpress\/wp-content\/uploads\/2015\/03\/IMG_5021elvis-klein.jpg\"><img decoding=\"async\" class=\"alignnone size-medium wp-image-6521\" alt=\"IMG_5021elvis-klein\" src=\"http:\/\/tierheim-moers.de\/Wordpress\/wp-content\/uploads\/2015\/03\/IMG_5021elvis-klein.jpg\" width=\"300\" height=\"225\" \/><\/a> <a href=\"http:\/\/tierheim-moers.de\/Wordpress\/wp-content\/uploads\/2015\/03\/IMG_5025elvis-klein.jpg\"><img loading=\"lazy\" decoding=\"async\" class=\"alignnone size-medium wp-image-6522\" alt=\"IMG_5025elvis-klein\" src=\"http:\/\/tierheim-moers.de\/Wordpress\/wp-content\/uploads\/2015\/03\/IMG_5025elvis-klein.jpg\" width=\"300\" height=\"225\" \/><\/a><img loading=\"lazy\" decoding=\"async\" class=\"alignnone size-medium wp-image-6166\" alt=\"elvis4\" src=\"http:\/\/tierheim-moers.de\/Wordpress\/wp-content\/uploads\/2015\/03\/elvis4-300x225.jpg\" width=\"300\" height=\"225\" srcset=\"https:\/\/tierheim-moers.de\/Wordpress\/wp-content\/uploads\/2015\/03\/elvis4-300x225.jpg 300w, https:\/\/tierheim-moers.de\/Wordpress\/wp-content\/uploads\/2015\/03\/elvis4-700x525.jpg 700w, https:\/\/tierheim-moers.de\/Wordpress\/wp-content\/uploads\/2015\/03\/elvis4.jpg 797w\" sizes=\"(max-width: 300px) 100vw, 300px\" \/> <a href=\"http:\/\/tierheim-moers.de\/Wordpress\/wp-content\/uploads\/2015\/03\/elvis3.jpg\"><img loading=\"lazy\" decoding=\"async\" class=\"alignnone size-medium wp-image-6165\" alt=\"elvis3\" src=\"http:\/\/tierheim-moers.de\/Wordpress\/wp-content\/uploads\/2015\/03\/elvis3-300x229.jpg\" width=\"300\" height=\"229\" srcset=\"https:\/\/tierheim-moers.de\/Wordpress\/wp-content\/uploads\/2015\/03\/elvis3-300x229.jpg 300w, https:\/\/tierheim-moers.de\/Wordpress\/wp-content\/uploads\/2015\/03\/elvis3-1024x782.jpg 1024w, https:\/\/tierheim-moers.de\/Wordpress\/wp-content\/uploads\/2015\/03\/elvis3-700x534.jpg 700w, https:\/\/tierheim-moers.de\/Wordpress\/wp-content\/uploads\/2015\/03\/elvis3.jpg 1213w\" sizes=\"(max-width: 300px) 100vw, 300px\" \/><\/a> <a href=\"http:\/\/tierheim-moers.de\/Wordpress\/wp-content\/uploads\/2015\/03\/Elvis2.jpg\"><img loading=\"lazy\" decoding=\"async\" class=\"alignnone size-medium wp-image-6164\" alt=\"Elvis2\" src=\"http:\/\/tierheim-moers.de\/Wordpress\/wp-content\/uploads\/2015\/03\/Elvis2-300x224.jpg\" width=\"300\" height=\"224\" srcset=\"https:\/\/tierheim-moers.de\/Wordpress\/wp-content\/uploads\/2015\/03\/Elvis2-300x224.jpg 300w, https:\/\/tierheim-moers.de\/Wordpress\/wp-content\/uploads\/2015\/03\/Elvis2.jpg 667w\" sizes=\"(max-width: 300px) 100vw, 300px\" \/><\/a> <a href=\"http:\/\/tierheim-moers.de\/Wordpress\/wp-content\/uploads\/2015\/03\/elvis1.jpg\"><img loading=\"lazy\" decoding=\"async\" class=\"alignnone size-medium wp-image-6163\" alt=\"elvis1\" src=\"http:\/\/tierheim-moers.de\/Wordpress\/wp-content\/uploads\/2015\/03\/elvis1-300x180.jpg\" width=\"300\" height=\"180\" srcset=\"https:\/\/tierheim-moers.de\/Wordpress\/wp-content\/uploads\/2015\/03\/elvis1-300x180.jpg 300w, https:\/\/tierheim-moers.de\/Wordpress\/wp-content\/uploads\/2015\/03\/elvis1-700x420.jpg 700w, https:\/\/tierheim-moers.de\/Wordpress\/wp-content\/uploads\/2015\/03\/elvis1.jpg 705w\" sizes=\"(max-width: 300px) 100vw, 300px\" \/><\/a>\n<table id=\"tablepress-92U15\" class=\"tablepress tablepress-id-92U15\">\n<tbody class=\"row-striping row-hover\">\n<tr class=\"row-1\">\n\t<td class=\"column-1\">Name des Tiers:<\/td><td class=\"column-2\">Elvis<\/td>\n<\/tr>\n<tr class=\"row-2\">\n\t<td class=\"column-1\">Bestandsnummer:<\/td><td class=\"column-2\">92 \u00dc15<\/td>\n<\/tr>\n<tr class=\"row-3\">\n\t<td class=\"column-1\">Aufnahmegrund:<\/td><td class=\"column-2\">\u00dcbergabe<br \/>\n<br \/>\n<\/td>\n<\/tr>\n<tr class=\"row-4\">\n\t<td class=\"column-1\">Im Tierheim seit:<\/td><td class=\"column-2\">13.03.2015<\/td>\n<\/tr>\n<tr class=\"row-5\">\n\t<td class=\"column-1\">Rasse:<\/td><td class=\"column-2\">EKH<\/td>\n<\/tr>\n<tr class=\"row-6\">\n\t<td class=\"column-1\">Geschlecht:<\/td><td class=\"column-2\">m\u00e4nnlich<\/td>\n<\/tr>\n<tr class=\"row-7\">\n\t<td class=\"column-1\">Farbe\/Felll\u00e4nge:<\/td><td class=\"column-2\">rot-gestromt<\/td>\n<\/tr>\n<tr class=\"row-8\">\n\t<td class=\"column-1\">Geburtsdatum:<\/td><td class=\"column-2\">Mitte 2009<\/td>\n<\/tr>\n<tr class=\"row-9\">\n\t<td class=\"column-1\">Schulterh\u00f6he\/Gewicht:<\/td><td class=\"column-2\"><\/td>\n<\/tr>\n<tr class=\"row-10\">\n\t<td class=\"column-1\">Fundort\/Abgabegrund:<\/td><td class=\"column-2\">Zeitmangel<\/td>\n<\/tr>\n<tr class=\"row-11\">\n\t<td class=\"column-1\">Tierbeschreibung:<\/td><td class=\"column-2\">sehr lieb und verschmust, Freigang oder gesicherte Terrasse<\/td>\n<\/tr>\n<\/tbody>\n<\/table>\n<!-- #tablepress-92U15 from cache --><\/p>\n<p>14.03.2015<\/p>\n<p>Elvis wurde wegen Zeitmangel bei uns abgegeben.\u00a0 Er ist extrem auf Menschen fixiert und braucht jemanden, der ganz viel Zeit f\u00fcr ihn\u00a0 hat. Aber lesen Sie selbst, Elvis hat einiges aufgeschrieben, damit jeder wei\u00df, mit wem er es zu tun bekommt, wenn er sich f\u00fcr ihn erw\u00e4rmt.<\/p>\n<p lang=\"de-DE\" align=\"JUSTIFY\"><span style=\"font-family: Arial,sans-serif;\"><span style=\"font-size: medium;\">&#8221; Ich, \u201eElvis\u201c suche ein neues Zuhause. Da meine Eltern berufst\u00e4tig sind, bekomme ich nicht mehr gen\u00fcgend Aufmerksamkeit. Dadurch habe ich ein Problem, dass ich im Garten markiere, mein Zuhause ist aber immer sauber.<\/span><\/span><\/p>\n<p lang=\"de-DE\" align=\"JUSTIFY\"><span style=\"font-family: Arial,sans-serif;\"><span style=\"font-size: medium;\">Ich spreche sehr viel, wenn ich zu wenig Zuneigung bekomme. Das Liebste f\u00fcr mich w\u00e4re es, ganz viel Zeit mit meinen neuen Menschen auf dem Sofa zu verbringen.<\/span><\/span><\/p>\n<p lang=\"de-DE\" align=\"JUSTIFY\"><span style=\"font-family: Arial,sans-serif;\"><span style=\"font-size: medium;\">Ich bin zwar ein Freig\u00e4nger, aber ich bin drau\u00dfen sehr sch\u00fcchtern und hab mich nie sehr weit vom Haus entfernt. Meistens hab ich mich im Garten oder im K\u00f6rbchen auf der Terrasse aufgehalten. Deshalb glaube ich, ich kann mich auch wieder in einer Wohnung mit Balkon wohlf\u00fchlen.<\/span><\/span><\/p>\n<p lang=\"de-DE\" align=\"JUSTIFY\"><span style=\"font-family: Arial,sans-serif;\"><span style=\"font-size: medium;\">Ich bin viel zu fr\u00fch von meiner Mama weggenommen worden, was meine ehemaligen Eltern am Anfang nicht wussten, deshalb bin ich ein wenig anders. Ich verstehe es nicht so richtig zu spielen und mich ordentlich zu putzen, aber das haben dann meine Eltern auch mal f\u00fcr mich erledigt. Ich liebe halt Menschen und m\u00f6chte am liebsten den ganzen Tag von ihnen umsorgt und beschmust werden. <\/span><\/span><\/p>\n<p lang=\"de-DE\" align=\"JUSTIFY\"><span style=\"font-family: Arial,sans-serif;\"><span style=\"font-size: medium;\">Mit anderen Katzen kann ich mich vertragen, aber ich glaube, ich f\u00e4nde es auch toll, ganz alleine der Mittelpunkt in einer kleinen Beziehung zu sein. <\/span><\/span><\/p>\n<p lang=\"de-DE\" align=\"JUSTIFY\"><span style=\"font-family: Arial,sans-serif;\"><span style=\"font-size: medium;\">Also bitte, bitte helft mir, jemanden zu finden, der nur f\u00fcr mich da ist.&#8221;<\/span><\/span><\/p>\n<p lang=\"de-DE\" align=\"JUSTIFY\">Soweit die Worte von Elvis. Jetzt wissen sie Bescheid, auf was f\u00fcr einen Schmuseb\u00e4ren Sie sich mit Elvis einlassen.<\/p>\n<div class=\"shariff shariff-align-flex-start shariff-widget-align-center\" data-url=\"https%3A%2F%2Ftierheim-moers.de%2FWordpress%2Fanhaenglicher-elvis%2F\" data-timestamp=\"1433589810\" data-hidezero=\"1\" data-backendurl=\"https:\/\/tierheim-moers.de\/Wordpress\/wp-json\/shariff\/v1\/share_counts?\"><ul class=\"shariff-buttons theme-round orientation-horizontal buttonsize-small\"><li class=\"shariff-button facebook shariff-nocustomcolor\" style=\"background-color:#4273c8\"><a href=\"https:\/\/www.facebook.com\/sharer\/sharer.php?u=https%3A%2F%2Ftierheim-moers.de%2FWordpress%2Fanhaenglicher-elvis%2F\" title=\"Bei Facebook teilen\" aria-label=\"Bei Facebook teilen\" role=\"button\" rel=\"nofollow\" class=\"shariff-link\" style=\"; background-color:#3b5998; color:#fff\" target=\"_blank\"><span class=\"shariff-icon\" style=\"\"><svg width=\"32px\" height=\"20px\" xmlns=\"http:\/\/www.w3.org\/2000\/svg\" viewBox=\"0 0 18 32\"><path fill=\"#3b5998\" d=\"M17.1 0.2v4.7h-2.8q-1.5 0-2.1 0.6t-0.5 1.9v3.4h5.2l-0.7 5.3h-4.5v13.6h-5.5v-13.6h-4.5v-5.3h4.5v-3.9q0-3.3 1.9-5.2t5-1.8q2.6 0 4.1 0.2z\"\/><\/svg><\/span><\/a><\/li><li class=\"shariff-button twitter shariff-nocustomcolor\" style=\"background-color:#595959\"><a href=\"https:\/\/twitter.com\/share?url=https%3A%2F%2Ftierheim-moers.de%2FWordpress%2Fanhaenglicher-elvis%2F&text=Anh%C3%A4nglicher%20Elvis%2C%20verm.%2022.04.2015\" title=\"Bei X teilen\" aria-label=\"Bei X teilen\" role=\"button\" rel=\"noopener nofollow\" class=\"shariff-link\" style=\"; background-color:#000; color:#fff\" target=\"_blank\"><span class=\"shariff-icon\" style=\"\"><svg width=\"32px\" height=\"20px\" xmlns=\"http:\/\/www.w3.org\/2000\/svg\" viewBox=\"0 0 24 24\"><path fill=\"#000\" d=\"M14.258 10.152L23.176 0h-2.113l-7.747 8.813L7.133 0H0l9.352 13.328L0 23.973h2.113l8.176-9.309 6.531 9.309h7.133zm-2.895 3.293l-.949-1.328L2.875 1.56h3.246l6.086 8.523.945 1.328 7.91 11.078h-3.246zm0 0\"\/><\/svg><\/span><\/a><\/li><li class=\"shariff-button whatsapp shariff-nocustomcolor\" style=\"background-color:#5cbe4a\"><a href=\"https:\/\/api.whatsapp.com\/send?text=https%3A%2F%2Ftierheim-moers.de%2FWordpress%2Fanhaenglicher-elvis%2F%20Anh%C3%A4nglicher%20Elvis%2C%20verm.%2022.04.2015\" title=\"Bei Whatsapp teilen\" aria-label=\"Bei Whatsapp teilen\" role=\"button\" rel=\"noopener nofollow\" class=\"shariff-link\" style=\"; background-color:#34af23; color:#fff\" target=\"_blank\"><span class=\"shariff-icon\" style=\"\"><svg width=\"32px\" height=\"20px\" xmlns=\"http:\/\/www.w3.org\/2000\/svg\" viewBox=\"0 0 32 32\"><path fill=\"#34af23\" d=\"M17.6 17.4q0.2 0 1.7 0.8t1.6 0.9q0 0.1 0 0.3 0 0.6-0.3 1.4-0.3 0.7-1.3 1.2t-1.8 0.5q-1 0-3.4-1.1-1.7-0.8-3-2.1t-2.6-3.3q-1.3-1.9-1.3-3.5v-0.1q0.1-1.6 1.3-2.8 0.4-0.4 0.9-0.4 0.1 0 0.3 0t0.3 0q0.3 0 0.5 0.1t0.3 0.5q0.1 0.4 0.6 1.6t0.4 1.3q0 0.4-0.6 1t-0.6 0.8q0 0.1 0.1 0.3 0.6 1.3 1.8 2.4 1 0.9 2.7 1.8 0.2 0.1 0.4 0.1 0.3 0 1-0.9t0.9-0.9zM14 26.9q2.3 0 4.3-0.9t3.6-2.4 2.4-3.6 0.9-4.3-0.9-4.3-2.4-3.6-3.6-2.4-4.3-0.9-4.3 0.9-3.6 2.4-2.4 3.6-0.9 4.3q0 3.6 2.1 6.6l-1.4 4.2 4.3-1.4q2.8 1.9 6.2 1.9zM14 2.2q2.7 0 5.2 1.1t4.3 2.9 2.9 4.3 1.1 5.2-1.1 5.2-2.9 4.3-4.3 2.9-5.2 1.1q-3.5 0-6.5-1.7l-7.4 2.4 2.4-7.2q-1.9-3.2-1.9-6.9 0-2.7 1.1-5.2t2.9-4.3 4.3-2.9 5.2-1.1z\"\/><\/svg><\/span><\/a><\/li><li class=\"shariff-button sms shariff-nocustomcolor shariff-mobile\" style=\"background-color:#d7d9d8\"><a href=\"sms:?&body=https%3A%2F%2Ftierheim-moers.de%2FWordpress%2Fanhaenglicher-elvis%2F\" title=\"Per SMS teilen\" aria-label=\"Per SMS teilen\" role=\"button\" rel=\"noopener nofollow\" class=\"shariff-link\" style=\"; background-color:#a1e877; color:#fff\" target=\"_blank\"><span class=\"shariff-icon\" style=\"\"><svg xmlns=\"http:\/\/www.w3.org\/2000\/svg\" width=\"510\" height=\"510\" viewBox=\"0 0 510 510\"><path fill=\"#a1e877\" d=\"M459 0H51C23 0 0 23 0 51v459l102-102h357c28.1 0 51-22.9 51-51V51C510 23 487.1 0 459 0zM178.5 229.5h-51v-51h51V229.5zM280.5 229.5h-51v-51h51V229.5zM382.5 229.5h-51v-51h51V229.5z\"\/><\/svg><\/span><\/a><\/li><\/ul><\/div>","protected":false},"excerpt":{"rendered":"<p>14.03.2015 Elvis wurde wegen Zeitmangel bei uns abgegeben.\u00a0 Er ist extrem auf Menschen fixiert und braucht jemanden, der ganz viel Zeit f\u00fcr ihn\u00a0 hat. Aber lesen Sie selbst, Elvis hat einiges aufgeschrieben, damit jeder wei\u00df, mit wem er es zu tun bekommt, wenn er sich f\u00fcr ihn erw\u00e4rmt. &#8221; Ich, &#8230;<\/p>\n","protected":false},"author":4,"featured_media":6163,"comment_status":"closed","ping_status":"open","sticky":false,"template":"","format":"standard","meta":{"ngg_post_thumbnail":0,"footnotes":""},"categories":[1],"tags":[],"class_list":["post-6157","post","type-post","status-publish","format-standard","has-post-thumbnail","hentry","category-aktuell","column","threecol","has-thumbnail"],"yoast_head":"<!-- This site is optimized with the Yoast SEO plugin v24.6 - https:\/\/yoast.com\/wordpress\/plugins\/seo\/ -->\n<title>Anh\u00e4nglicher Elvis, verm. 22.04.2015 | TIERHEIM MOERS<\/title>\n<meta name=\"robots\" content=\"index, follow, max-snippet:-1, max-image-preview:large, max-video-preview:-1\" \/>\n<link rel=\"canonical\" href=\"https:\/\/tierheim-moers.de\/Wordpress\/anhaenglicher-elvis\/\" \/>\n<meta property=\"og:locale\" content=\"de_DE\" \/>\n<meta property=\"og:type\" content=\"article\" \/>\n<meta property=\"og:title\" content=\"Anh\u00e4nglicher Elvis, verm. 22.04.2015 | TIERHEIM MOERS\" \/>\n<meta property=\"og:description\" content=\"14.03.2015 Elvis wurde wegen Zeitmangel bei uns abgegeben.\u00a0 Er ist extrem auf Menschen fixiert und braucht jemanden, der ganz viel Zeit f\u00fcr &#8230;\" \/>\n<meta property=\"og:url\" content=\"https:\/\/tierheim-moers.de\/Wordpress\/anhaenglicher-elvis\/\" \/>\n<meta property=\"og:site_name\" content=\"TIERHEIM MOERS\" \/>\n<meta property=\"article:publisher\" content=\"https:\/\/de-de.facebook.com\/moers.tierheim\" \/>\n<meta property=\"article:published_time\" content=\"2015-04-22T18:18:14+00:00\" \/>\n<meta property=\"article:modified_time\" content=\"2015-06-06T09:23:30+00:00\" \/>\n<meta property=\"og:image\" content=\"https:\/\/tierheim-moers.de\/Wordpress\/wp-content\/uploads\/2015\/03\/elvis1.jpg\" \/>\n\t<meta property=\"og:image:width\" content=\"705\" \/>\n\t<meta property=\"og:image:height\" content=\"424\" \/>\n\t<meta property=\"og:image:type\" content=\"image\/jpeg\" \/>\n<meta name=\"author\" content=\"Gisela Kuhnen\" \/>\n<meta name=\"twitter:card\" content=\"summary_large_image\" \/>\n<meta name=\"twitter:label1\" content=\"Verfasst von\" \/>\n\t<meta name=\"twitter:data1\" content=\"Gisela Kuhnen\" \/>\n\t<meta name=\"twitter:label2\" content=\"Gesch\u00e4tzte Lesezeit\" \/>\n\t<meta name=\"twitter:data2\" content=\"2\u00a0Minuten\" \/>\n<script type=\"application\/ld+json\" class=\"yoast-schema-graph\">{\"@context\":\"https:\/\/schema.org\",\"@graph\":[{\"@type\":\"Article\",\"@id\":\"https:\/\/tierheim-moers.de\/Wordpress\/anhaenglicher-elvis\/#article\",\"isPartOf\":{\"@id\":\"https:\/\/tierheim-moers.de\/Wordpress\/anhaenglicher-elvis\/\"},\"author\":{\"name\":\"Gisela Kuhnen\",\"@id\":\"https:\/\/tierheim-moers.de\/Wordpress\/#\/schema\/person\/35ad410ed2d8620d4f57f813585b0d8e\"},\"headline\":\"Anh\u00e4nglicher Elvis, verm. 22.04.2015\",\"datePublished\":\"2015-04-22T18:18:14+00:00\",\"dateModified\":\"2015-06-06T09:23:30+00:00\",\"mainEntityOfPage\":{\"@id\":\"https:\/\/tierheim-moers.de\/Wordpress\/anhaenglicher-elvis\/\"},\"wordCount\":304,\"publisher\":{\"@id\":\"https:\/\/tierheim-moers.de\/Wordpress\/#organization\"},\"image\":{\"@id\":\"https:\/\/tierheim-moers.de\/Wordpress\/anhaenglicher-elvis\/#primaryimage\"},\"thumbnailUrl\":\"https:\/\/tierheim-moers.de\/Wordpress\/wp-content\/uploads\/2015\/03\/elvis1.jpg\",\"articleSection\":[\"Aktuell\"],\"inLanguage\":\"de\"},{\"@type\":\"WebPage\",\"@id\":\"https:\/\/tierheim-moers.de\/Wordpress\/anhaenglicher-elvis\/\",\"url\":\"https:\/\/tierheim-moers.de\/Wordpress\/anhaenglicher-elvis\/\",\"name\":\"Anh\u00e4nglicher Elvis, verm. 22.04.2015 | TIERHEIM MOERS\",\"isPartOf\":{\"@id\":\"https:\/\/tierheim-moers.de\/Wordpress\/#website\"},\"primaryImageOfPage\":{\"@id\":\"https:\/\/tierheim-moers.de\/Wordpress\/anhaenglicher-elvis\/#primaryimage\"},\"image\":{\"@id\":\"https:\/\/tierheim-moers.de\/Wordpress\/anhaenglicher-elvis\/#primaryimage\"},\"thumbnailUrl\":\"https:\/\/tierheim-moers.de\/Wordpress\/wp-content\/uploads\/2015\/03\/elvis1.jpg\",\"datePublished\":\"2015-04-22T18:18:14+00:00\",\"dateModified\":\"2015-06-06T09:23:30+00:00\",\"breadcrumb\":{\"@id\":\"https:\/\/tierheim-moers.de\/Wordpress\/anhaenglicher-elvis\/#breadcrumb\"},\"inLanguage\":\"de\",\"potentialAction\":[{\"@type\":\"ReadAction\",\"target\":[\"https:\/\/tierheim-moers.de\/Wordpress\/anhaenglicher-elvis\/\"]}]},{\"@type\":\"ImageObject\",\"inLanguage\":\"de\",\"@id\":\"https:\/\/tierheim-moers.de\/Wordpress\/anhaenglicher-elvis\/#primaryimage\",\"url\":\"https:\/\/tierheim-moers.de\/Wordpress\/wp-content\/uploads\/2015\/03\/elvis1.jpg\",\"contentUrl\":\"https:\/\/tierheim-moers.de\/Wordpress\/wp-content\/uploads\/2015\/03\/elvis1.jpg\",\"width\":705,\"height\":424},{\"@type\":\"BreadcrumbList\",\"@id\":\"https:\/\/tierheim-moers.de\/Wordpress\/anhaenglicher-elvis\/#breadcrumb\",\"itemListElement\":[{\"@type\":\"ListItem\",\"position\":1,\"name\":\"Startseite\",\"item\":\"https:\/\/tierheim-moers.de\/Wordpress\/\"},{\"@type\":\"ListItem\",\"position\":2,\"name\":\"Anh\u00e4nglicher Elvis, verm. 22.04.2015\"}]},{\"@type\":\"WebSite\",\"@id\":\"https:\/\/tierheim-moers.de\/Wordpress\/#website\",\"url\":\"https:\/\/tierheim-moers.de\/Wordpress\/\",\"name\":\"Tierheim Moers\",\"description\":\"Tierheim | Hundepension | Tierschutz | Moers\",\"publisher\":{\"@id\":\"https:\/\/tierheim-moers.de\/Wordpress\/#organization\"},\"potentialAction\":[{\"@type\":\"SearchAction\",\"target\":{\"@type\":\"EntryPoint\",\"urlTemplate\":\"https:\/\/tierheim-moers.de\/Wordpress\/?s={search_term_string}\"},\"query-input\":{\"@type\":\"PropertyValueSpecification\",\"valueRequired\":true,\"valueName\":\"search_term_string\"}}],\"inLanguage\":\"de\"},{\"@type\":\"Organization\",\"@id\":\"https:\/\/tierheim-moers.de\/Wordpress\/#organization\",\"name\":\"Tierheim Moers\",\"url\":\"https:\/\/tierheim-moers.de\/Wordpress\/\",\"logo\":{\"@type\":\"ImageObject\",\"inLanguage\":\"de\",\"@id\":\"https:\/\/tierheim-moers.de\/Wordpress\/#\/schema\/logo\/image\/\",\"url\":\"https:\/\/tierheim-moers.de\/Wordpress\/wp-content\/uploads\/2014\/04\/Logo-TSV-Moers-V01-RGB-300.png\",\"contentUrl\":\"https:\/\/tierheim-moers.de\/Wordpress\/wp-content\/uploads\/2014\/04\/Logo-TSV-Moers-V01-RGB-300.png\",\"width\":1052,\"height\":1038,\"caption\":\"Tierheim Moers\"},\"image\":{\"@id\":\"https:\/\/tierheim-moers.de\/Wordpress\/#\/schema\/logo\/image\/\"},\"sameAs\":[\"https:\/\/de-de.facebook.com\/moers.tierheim\"]},{\"@type\":\"Person\",\"@id\":\"https:\/\/tierheim-moers.de\/Wordpress\/#\/schema\/person\/35ad410ed2d8620d4f57f813585b0d8e\",\"name\":\"Gisela Kuhnen\",\"image\":{\"@type\":\"ImageObject\",\"inLanguage\":\"de\",\"@id\":\"https:\/\/tierheim-moers.de\/Wordpress\/#\/schema\/person\/image\/\",\"url\":\"https:\/\/secure.gravatar.com\/avatar\/807ca84b4538291e2f5dc665ed240a0d4d7ab8f22360ec427a82fe926980b31a?s=96&d=mm&r=g\",\"contentUrl\":\"https:\/\/secure.gravatar.com\/avatar\/807ca84b4538291e2f5dc665ed240a0d4d7ab8f22360ec427a82fe926980b31a?s=96&d=mm&r=g\",\"caption\":\"Gisela Kuhnen\"},\"url\":\"https:\/\/tierheim-moers.de\/Wordpress\/author\/gisela-kuhnen\/\"}]}<\/script>\n<!-- \/ Yoast SEO plugin. -->","yoast_head_json":{"title":"Anh\u00e4nglicher Elvis, verm. 22.04.2015 | TIERHEIM MOERS","robots":{"index":"index","follow":"follow","max-snippet":"max-snippet:-1","max-image-preview":"max-image-preview:large","max-video-preview":"max-video-preview:-1"},"canonical":"https:\/\/tierheim-moers.de\/Wordpress\/anhaenglicher-elvis\/","og_locale":"de_DE","og_type":"article","og_title":"Anh\u00e4nglicher Elvis, verm. 22.04.2015 | TIERHEIM MOERS","og_description":"14.03.2015 Elvis wurde wegen Zeitmangel bei uns abgegeben.\u00a0 Er ist extrem auf Menschen fixiert und braucht jemanden, der ganz viel Zeit f\u00fcr &#8230;","og_url":"https:\/\/tierheim-moers.de\/Wordpress\/anhaenglicher-elvis\/","og_site_name":"TIERHEIM MOERS","article_publisher":"https:\/\/de-de.facebook.com\/moers.tierheim","article_published_time":"2015-04-22T18:18:14+00:00","article_modified_time":"2015-06-06T09:23:30+00:00","og_image":[{"width":705,"height":424,"url":"https:\/\/tierheim-moers.de\/Wordpress\/wp-content\/uploads\/2015\/03\/elvis1.jpg","type":"image\/jpeg"}],"author":"Gisela Kuhnen","twitter_card":"summary_large_image","twitter_misc":{"Verfasst von":"Gisela Kuhnen","Gesch\u00e4tzte Lesezeit":"2\u00a0Minuten"},"schema":{"@context":"https:\/\/schema.org","@graph":[{"@type":"Article","@id":"https:\/\/tierheim-moers.de\/Wordpress\/anhaenglicher-elvis\/#article","isPartOf":{"@id":"https:\/\/tierheim-moers.de\/Wordpress\/anhaenglicher-elvis\/"},"author":{"name":"Gisela Kuhnen","@id":"https:\/\/tierheim-moers.de\/Wordpress\/#\/schema\/person\/35ad410ed2d8620d4f57f813585b0d8e"},"headline":"Anh\u00e4nglicher Elvis, verm. 22.04.2015","datePublished":"2015-04-22T18:18:14+00:00","dateModified":"2015-06-06T09:23:30+00:00","mainEntityOfPage":{"@id":"https:\/\/tierheim-moers.de\/Wordpress\/anhaenglicher-elvis\/"},"wordCount":304,"publisher":{"@id":"https:\/\/tierheim-moers.de\/Wordpress\/#organization"},"image":{"@id":"https:\/\/tierheim-moers.de\/Wordpress\/anhaenglicher-elvis\/#primaryimage"},"thumbnailUrl":"https:\/\/tierheim-moers.de\/Wordpress\/wp-content\/uploads\/2015\/03\/elvis1.jpg","articleSection":["Aktuell"],"inLanguage":"de"},{"@type":"WebPage","@id":"https:\/\/tierheim-moers.de\/Wordpress\/anhaenglicher-elvis\/","url":"https:\/\/tierheim-moers.de\/Wordpress\/anhaenglicher-elvis\/","name":"Anh\u00e4nglicher Elvis, verm. 22.04.2015 | TIERHEIM MOERS","isPartOf":{"@id":"https:\/\/tierheim-moers.de\/Wordpress\/#website"},"primaryImageOfPage":{"@id":"https:\/\/tierheim-moers.de\/Wordpress\/anhaenglicher-elvis\/#primaryimage"},"image":{"@id":"https:\/\/tierheim-moers.de\/Wordpress\/anhaenglicher-elvis\/#primaryimage"},"thumbnailUrl":"https:\/\/tierheim-moers.de\/Wordpress\/wp-content\/uploads\/2015\/03\/elvis1.jpg","datePublished":"2015-04-22T18:18:14+00:00","dateModified":"2015-06-06T09:23:30+00:00","breadcrumb":{"@id":"https:\/\/tierheim-moers.de\/Wordpress\/anhaenglicher-elvis\/#breadcrumb"},"inLanguage":"de","potentialAction":[{"@type":"ReadAction","target":["https:\/\/tierheim-moers.de\/Wordpress\/anhaenglicher-elvis\/"]}]},{"@type":"ImageObject","inLanguage":"de","@id":"https:\/\/tierheim-moers.de\/Wordpress\/anhaenglicher-elvis\/#primaryimage","url":"https:\/\/tierheim-moers.de\/Wordpress\/wp-content\/uploads\/2015\/03\/elvis1.jpg","contentUrl":"https:\/\/tierheim-moers.de\/Wordpress\/wp-content\/uploads\/2015\/03\/elvis1.jpg","width":705,"height":424},{"@type":"BreadcrumbList","@id":"https:\/\/tierheim-moers.de\/Wordpress\/anhaenglicher-elvis\/#breadcrumb","itemListElement":[{"@type":"ListItem","position":1,"name":"Startseite","item":"https:\/\/tierheim-moers.de\/Wordpress\/"},{"@type":"ListItem","position":2,"name":"Anh\u00e4nglicher Elvis, verm. 22.04.2015"}]},{"@type":"WebSite","@id":"https:\/\/tierheim-moers.de\/Wordpress\/#website","url":"https:\/\/tierheim-moers.de\/Wordpress\/","name":"Tierheim Moers","description":"Tierheim | Hundepension | Tierschutz | Moers","publisher":{"@id":"https:\/\/tierheim-moers.de\/Wordpress\/#organization"},"potentialAction":[{"@type":"SearchAction","target":{"@type":"EntryPoint","urlTemplate":"https:\/\/tierheim-moers.de\/Wordpress\/?s={search_term_string}"},"query-input":{"@type":"PropertyValueSpecification","valueRequired":true,"valueName":"search_term_string"}}],"inLanguage":"de"},{"@type":"Organization","@id":"https:\/\/tierheim-moers.de\/Wordpress\/#organization","name":"Tierheim Moers","url":"https:\/\/tierheim-moers.de\/Wordpress\/","logo":{"@type":"ImageObject","inLanguage":"de","@id":"https:\/\/tierheim-moers.de\/Wordpress\/#\/schema\/logo\/image\/","url":"https:\/\/tierheim-moers.de\/Wordpress\/wp-content\/uploads\/2014\/04\/Logo-TSV-Moers-V01-RGB-300.png","contentUrl":"https:\/\/tierheim-moers.de\/Wordpress\/wp-content\/uploads\/2014\/04\/Logo-TSV-Moers-V01-RGB-300.png","width":1052,"height":1038,"caption":"Tierheim Moers"},"image":{"@id":"https:\/\/tierheim-moers.de\/Wordpress\/#\/schema\/logo\/image\/"},"sameAs":["https:\/\/de-de.facebook.com\/moers.tierheim"]},{"@type":"Person","@id":"https:\/\/tierheim-moers.de\/Wordpress\/#\/schema\/person\/35ad410ed2d8620d4f57f813585b0d8e","name":"Gisela Kuhnen","image":{"@type":"ImageObject","inLanguage":"de","@id":"https:\/\/tierheim-moers.de\/Wordpress\/#\/schema\/person\/image\/","url":"https:\/\/secure.gravatar.com\/avatar\/807ca84b4538291e2f5dc665ed240a0d4d7ab8f22360ec427a82fe926980b31a?s=96&d=mm&r=g","contentUrl":"https:\/\/secure.gravatar.com\/avatar\/807ca84b4538291e2f5dc665ed240a0d4d7ab8f22360ec427a82fe926980b31a?s=96&d=mm&r=g","caption":"Gisela Kuhnen"},"url":"https:\/\/tierheim-moers.de\/Wordpress\/author\/gisela-kuhnen\/"}]}},"_links":{"self":[{"href":"https:\/\/tierheim-moers.de\/Wordpress\/wp-json\/wp\/v2\/posts\/6157","targetHints":{"allow":["GET"]}}],"collection":[{"href":"https:\/\/tierheim-moers.de\/Wordpress\/wp-json\/wp\/v2\/posts"}],"about":[{"href":"https:\/\/tierheim-moers.de\/Wordpress\/wp-json\/wp\/v2\/types\/post"}],"author":[{"embeddable":true,"href":"https:\/\/tierheim-moers.de\/Wordpress\/wp-json\/wp\/v2\/users\/4"}],"replies":[{"embeddable":true,"href":"https:\/\/tierheim-moers.de\/Wordpress\/wp-json\/wp\/v2\/comments?post=6157"}],"version-history":[{"count":8,"href":"https:\/\/tierheim-moers.de\/Wordpress\/wp-json\/wp\/v2\/posts\/6157\/revisions"}],"predecessor-version":[{"id":6708,"href":"https:\/\/tierheim-moers.de\/Wordpress\/wp-json\/wp\/v2\/posts\/6157\/revisions\/6708"}],"wp:featuredmedia":[{"embeddable":true,"href":"https:\/\/tierheim-moers.de\/Wordpress\/wp-json\/wp\/v2\/media\/6163"}],"wp:attachment":[{"href":"https:\/\/tierheim-moers.de\/Wordpress\/wp-json\/wp\/v2\/media?parent=6157"}],"wp:term":[{"taxonomy":"category","embeddable":true,"href":"https:\/\/tierheim-moers.de\/Wordpress\/wp-json\/wp\/v2\/categories?post=6157"},{"taxonomy":"post_tag","embeddable":true,"href":"https:\/\/tierheim-moers.de\/Wordpress\/wp-json\/wp\/v2\/tags?post=6157"}],"curies":[{"name":"wp","href":"https:\/\/api.w.org\/{rel}","templated":true}]}}