{"id":62026,"date":"2026-01-21T16:07:21","date_gmt":"2026-01-21T14:07:21","guid":{"rendered":"https:\/\/tierheim-moers.de\/Wordpress\/?p=62026"},"modified":"2026-01-21T16:07:24","modified_gmt":"2026-01-21T14:07:24","slug":"fundkatze-aus-moers-vom-04-11-2025-madita","status":"publish","type":"post","link":"https:\/\/tierheim-moers.de\/Wordpress\/fundkatze-aus-moers-vom-04-11-2025-madita\/","title":{"rendered":"Madita &#8230; sucht Partner zum gemeinsamen &#8220;wild sein&#8221; &#8211; Vermittelt 21.01.2026"},"content":{"rendered":"\n<div style=\"height:70px\" aria-hidden=\"true\" class=\"wp-block-spacer\"><\/div>\n\n\n\n<table id=\"tablepress-2551\" class=\"tablepress tablepress-id-2551\">\n<tbody class=\"row-striping row-hover\">\n<tr class=\"row-1\">\n\t<td class=\"column-1\">Name des Tiers:<\/td><td class=\"column-2\">Madita<\/td>\n<\/tr>\n<tr class=\"row-2\">\n\t<td class=\"column-1\">Bestandsnummer:<\/td><td class=\"column-2\">334_R_25<\/td>\n<\/tr>\n<tr class=\"row-3\">\n\t<td class=\"column-1\">Aufnahmegrund:<\/td><td class=\"column-2\">Fundtier<\/td>\n<\/tr>\n<tr class=\"row-4\">\n\t<td class=\"column-1\">Im Tierheim seit:<\/td><td class=\"column-2\">15.12.2025<\/td>\n<\/tr>\n<tr class=\"row-5\">\n\t<td class=\"column-1\">Rasse:<\/td><td class=\"column-2\">EKH<\/td>\n<\/tr>\n<tr class=\"row-6\">\n\t<td class=\"column-1\">Geschlecht:<\/td><td class=\"column-2\">weiblich<\/td>\n<\/tr>\n<tr class=\"row-7\">\n\t<td class=\"column-1\">Farbe\/Felll\u00e4nge:<\/td><td class=\"column-2\">getigert mit rot<\/td>\n<\/tr>\n<tr class=\"row-8\">\n\t<td class=\"column-1\">Geburtsdatum:<\/td><td class=\"column-2\">ca. 11\/2024<\/td>\n<\/tr>\n<tr class=\"row-9\">\n\t<td class=\"column-1\">Schulterh\u00f6he\/Gewicht:<\/td><td class=\"column-2\"><\/td>\n<\/tr>\n<tr class=\"row-10\">\n\t<td class=\"column-1\">Fundort\/Abgabegrund:<\/td><td class=\"column-2\">Moers<\/td>\n<\/tr>\n<tr class=\"row-11\">\n\t<td class=\"column-1\">Tierbeschreibung:<\/td><td class=\"column-2\"><\/td>\n<\/tr>\n<\/tbody>\n<\/table>\n<!-- #tablepress-2551 from cache -->\n\n\n\n<div style=\"height:75px\" aria-hidden=\"true\" class=\"wp-block-spacer\"><\/div>\n\n\n\n<p><strong>Januar 2026<\/strong><\/p>\n\n\n\n<p>Madita kam im Dezember 2025 aus der Vermittlung zur\u00fcck, da ein unausgewogenes Energieverh\u00e4ltnis zu Unstimmigkeiten unter den Katzendamen gef\u00fchrt hat. <\/p>\n\n\n\n<p>Wir haben den kleinen Feger nun erstmal etwas beobachtet, um ein genaueres Partner-Profil erstellen zu k\u00f6nnen. <\/p>\n\n\n\n<p><\/p>\n\n\n\n<figure class=\"wp-block-gallery has-nested-images columns-default is-cropped wp-block-gallery-1 is-layout-flex wp-block-gallery-is-layout-flex\">\n<figure class=\"wp-block-image size-large\"><a href=\"https:\/\/tierheim-moers.de\/Wordpress\/wp-content\/uploads\/2026\/01\/Madita9-scaled.jpg\"><img fetchpriority=\"high\" decoding=\"async\" width=\"1024\" height=\"1024\" data-id=\"62654\" src=\"https:\/\/tierheim-moers.de\/Wordpress\/wp-content\/uploads\/2026\/01\/Madita9-1024x1024.jpg\" alt=\"\" class=\"wp-image-62654\" srcset=\"https:\/\/tierheim-moers.de\/Wordpress\/wp-content\/uploads\/2026\/01\/Madita9-1024x1024.jpg 1024w, https:\/\/tierheim-moers.de\/Wordpress\/wp-content\/uploads\/2026\/01\/Madita9-300x300.jpg 300w, https:\/\/tierheim-moers.de\/Wordpress\/wp-content\/uploads\/2026\/01\/Madita9-150x150.jpg 150w, https:\/\/tierheim-moers.de\/Wordpress\/wp-content\/uploads\/2026\/01\/Madita9-768x768.jpg 768w, https:\/\/tierheim-moers.de\/Wordpress\/wp-content\/uploads\/2026\/01\/Madita9-1536x1536.jpg 1536w, https:\/\/tierheim-moers.de\/Wordpress\/wp-content\/uploads\/2026\/01\/Madita9-2048x2048.jpg 2048w, https:\/\/tierheim-moers.de\/Wordpress\/wp-content\/uploads\/2026\/01\/Madita9-432x432.jpg 432w, https:\/\/tierheim-moers.de\/Wordpress\/wp-content\/uploads\/2026\/01\/Madita9-268x268.jpg 268w, https:\/\/tierheim-moers.de\/Wordpress\/wp-content\/uploads\/2026\/01\/Madita9-700x700.jpg 700w, https:\/\/tierheim-moers.de\/Wordpress\/wp-content\/uploads\/2026\/01\/Madita9-1320x1320.jpg 1320w, https:\/\/tierheim-moers.de\/Wordpress\/wp-content\/uploads\/2026\/01\/Madita9-45x45.jpg 45w\" sizes=\"(max-width: 1024px) 100vw, 1024px\" \/><\/a><\/figure>\n\n\n\n<figure class=\"wp-block-image size-large\"><a href=\"https:\/\/tierheim-moers.de\/Wordpress\/wp-content\/uploads\/2026\/01\/Madita10-scaled.jpg\"><img decoding=\"async\" width=\"1024\" height=\"1024\" data-id=\"62655\" src=\"https:\/\/tierheim-moers.de\/Wordpress\/wp-content\/uploads\/2026\/01\/Madita10-1024x1024.jpg\" alt=\"\" class=\"wp-image-62655\" srcset=\"https:\/\/tierheim-moers.de\/Wordpress\/wp-content\/uploads\/2026\/01\/Madita10-1024x1024.jpg 1024w, https:\/\/tierheim-moers.de\/Wordpress\/wp-content\/uploads\/2026\/01\/Madita10-300x300.jpg 300w, https:\/\/tierheim-moers.de\/Wordpress\/wp-content\/uploads\/2026\/01\/Madita10-150x150.jpg 150w, https:\/\/tierheim-moers.de\/Wordpress\/wp-content\/uploads\/2026\/01\/Madita10-768x768.jpg 768w, https:\/\/tierheim-moers.de\/Wordpress\/wp-content\/uploads\/2026\/01\/Madita10-1536x1536.jpg 1536w, https:\/\/tierheim-moers.de\/Wordpress\/wp-content\/uploads\/2026\/01\/Madita10-2048x2048.jpg 2048w, https:\/\/tierheim-moers.de\/Wordpress\/wp-content\/uploads\/2026\/01\/Madita10-432x432.jpg 432w, https:\/\/tierheim-moers.de\/Wordpress\/wp-content\/uploads\/2026\/01\/Madita10-268x268.jpg 268w, https:\/\/tierheim-moers.de\/Wordpress\/wp-content\/uploads\/2026\/01\/Madita10-700x700.jpg 700w, https:\/\/tierheim-moers.de\/Wordpress\/wp-content\/uploads\/2026\/01\/Madita10-1320x1320.jpg 1320w, https:\/\/tierheim-moers.de\/Wordpress\/wp-content\/uploads\/2026\/01\/Madita10-45x45.jpg 45w\" sizes=\"(max-width: 1024px) 100vw, 1024px\" \/><\/a><\/figure>\n\n\n\n<figure class=\"wp-block-image size-large\"><a href=\"https:\/\/tierheim-moers.de\/Wordpress\/wp-content\/uploads\/2026\/01\/Madita8-scaled.jpg\"><img decoding=\"async\" width=\"1024\" height=\"1024\" data-id=\"62653\" src=\"https:\/\/tierheim-moers.de\/Wordpress\/wp-content\/uploads\/2026\/01\/Madita8-1024x1024.jpg\" alt=\"\" class=\"wp-image-62653\" srcset=\"https:\/\/tierheim-moers.de\/Wordpress\/wp-content\/uploads\/2026\/01\/Madita8-1024x1024.jpg 1024w, https:\/\/tierheim-moers.de\/Wordpress\/wp-content\/uploads\/2026\/01\/Madita8-300x300.jpg 300w, https:\/\/tierheim-moers.de\/Wordpress\/wp-content\/uploads\/2026\/01\/Madita8-150x150.jpg 150w, https:\/\/tierheim-moers.de\/Wordpress\/wp-content\/uploads\/2026\/01\/Madita8-768x768.jpg 768w, https:\/\/tierheim-moers.de\/Wordpress\/wp-content\/uploads\/2026\/01\/Madita8-1536x1536.jpg 1536w, https:\/\/tierheim-moers.de\/Wordpress\/wp-content\/uploads\/2026\/01\/Madita8-2048x2048.jpg 2048w, https:\/\/tierheim-moers.de\/Wordpress\/wp-content\/uploads\/2026\/01\/Madita8-432x432.jpg 432w, https:\/\/tierheim-moers.de\/Wordpress\/wp-content\/uploads\/2026\/01\/Madita8-268x268.jpg 268w, https:\/\/tierheim-moers.de\/Wordpress\/wp-content\/uploads\/2026\/01\/Madita8-700x700.jpg 700w, https:\/\/tierheim-moers.de\/Wordpress\/wp-content\/uploads\/2026\/01\/Madita8-1320x1320.jpg 1320w, https:\/\/tierheim-moers.de\/Wordpress\/wp-content\/uploads\/2026\/01\/Madita8-45x45.jpg 45w\" sizes=\"(max-width: 1024px) 100vw, 1024px\" \/><\/a><\/figure>\n<\/figure>\n\n\n\n<p><\/p>\n\n\n\n<p>Die Feger-Einsch\u00e4tzung ist geblieben, die Intensit\u00e4t nochmal um 1-2 Stufen hochgesetzt worden. <\/p>\n\n\n\n<p>Madita ist eine unfassbare s\u00fc\u00dfe Jungkatze mit ebenso unfassbar viel Energie. Eigentlich sieht man das ganze Flausen-Potenzial schon in ihrem Blick. <\/p>\n\n\n\n<p>Was sucht sie nun? Die Unstimmigkeiten im kurzen Zuhause waren keiner grunds\u00e4tzlichen Unvertr\u00e4glichkeit geschuldet, sondern zu gro\u00dfen Abweichungen in Temperament und Charakter. Auch im Katzenhaus wurde sie von ihren Mitbewohnern als &#8220;nervig&#8221; eingestuft und hat sich viel eigene Besch\u00e4ftigung gesucht &#8230; mal hat sie die Mitbewohner ge\u00e4rgert &#8230; mal einen Sicherheitscheck f\u00fcr die Einrichtung durchgef\u00fchrt.<\/p>\n\n\n\n<p>Erst als jetzt zwei Jungkater mit \u00e4hnlich wenig sinnvollen Ideen dazukamen, hat Madita &#8220;ihren Meister&#8221; gefunden.<\/p>\n\n\n\n<p><\/p>\n\n\n\n<figure class=\"wp-block-image size-large is-resized\"><a href=\"https:\/\/tierheim-moers.de\/Wordpress\/wp-content\/uploads\/2026\/01\/Madita7-scaled.jpg\"><img loading=\"lazy\" decoding=\"async\" width=\"1024\" height=\"717\" src=\"https:\/\/tierheim-moers.de\/Wordpress\/wp-content\/uploads\/2026\/01\/Madita7-1024x717.jpg\" alt=\"\" class=\"wp-image-62652\" style=\"aspect-ratio:1.428191913288348;width:587px;height:auto\" srcset=\"https:\/\/tierheim-moers.de\/Wordpress\/wp-content\/uploads\/2026\/01\/Madita7-1024x717.jpg 1024w, https:\/\/tierheim-moers.de\/Wordpress\/wp-content\/uploads\/2026\/01\/Madita7-300x210.jpg 300w, https:\/\/tierheim-moers.de\/Wordpress\/wp-content\/uploads\/2026\/01\/Madita7-768x538.jpg 768w, https:\/\/tierheim-moers.de\/Wordpress\/wp-content\/uploads\/2026\/01\/Madita7-1536x1075.jpg 1536w, https:\/\/tierheim-moers.de\/Wordpress\/wp-content\/uploads\/2026\/01\/Madita7-2048x1434.jpg 2048w, https:\/\/tierheim-moers.de\/Wordpress\/wp-content\/uploads\/2026\/01\/Madita7-700x490.jpg 700w, https:\/\/tierheim-moers.de\/Wordpress\/wp-content\/uploads\/2026\/01\/Madita7-1320x924.jpg 1320w\" sizes=\"(max-width: 1024px) 100vw, 1024px\" \/><\/a><\/figure>\n\n\n\n<p><\/p>\n\n\n\n<p>Die h\u00fcbsche Jungkatze, die im \u00fcbrigen bei angemessener Auslastung auch sehr verschmust ist, sucht nun ein Zuhause, in dem eine Katze\/Kater im Alter von 8 Monaten bis 1,5 Jahren auf sie wartet, um gemeinsam richtig zu toben und Quatsch zu machen, um dann auch gemeinsam chillen zu k\u00f6nnen.<\/p>\n\n\n\n<p>Wir denken, dass sp\u00e4terer Freigang in einem daf\u00fcr geeigneten Umfeld ihrem Naturell entspricht. <\/p>\n\n\n\n<p><em><strong>Spontane Besuche sind leider nicht m\u00f6glich. Bei Interesse an Madita stehen die vermittelnden Kollegen f\u00fcr telefonische Erstgespr\u00e4che von Montag bis Freitag von 14 \u2013 17 Uhr und Samstag von 13 \u2013 16 Uhr zur Verf\u00fcgung.<\/strong><\/em><\/p>\n\n\n\n<p><em><strong>Wir bitten darum, sich an diese Zeiten zu halten, da nach den regul\u00e4ren Telefonzeiten alle Gespr\u00e4che in den Notdienst umgeleitet werden und dieser nat\u00fcrlich Notf\u00e4llen vorbehalten ist.<\/strong><\/em><\/p>\n\n\n\n<p><em><strong>Alternativ erreichen Sie die vermittelnden Kollegen auch per Email: tierpfleger@tierheim-moers.de<\/strong><\/em>&nbsp;<strong><em>(Bitte immer mit Angabe einer Telefonnummer)<\/em><\/strong><\/p>\n\n\n\n<div style=\"height:87px\" aria-hidden=\"true\" class=\"wp-block-spacer\"><\/div>\n\n\n\n<p><strong>25.11.2025<\/strong><\/p>\n\n\n\n<p>Madita wurde nicht vermisst, daf\u00fcr aber gechipt, geimpft und kastriert. Inzwischen ist die junge Katze ins Katzenhaus gezogen und zeigt sich dort ein wilder Feger. Sie ist aufmerksam, verspielt und verschmust. W\u00e4hrend Maditas dollen f\u00fcnf Minuten suchen die gem\u00fctlicheren Mitbewohner sich gerne ein Pl\u00e4tzchen, wo sie ihre Ruhe haben.<\/p>\n\n\n\n<p><\/p>\n\n\n\n<figure class=\"wp-block-gallery has-nested-images columns-default is-cropped wp-block-gallery-2 is-layout-flex wp-block-gallery-is-layout-flex\">\n<figure class=\"wp-block-image size-large\"><a href=\"https:\/\/tierheim-moers.de\/Wordpress\/wp-content\/uploads\/2025\/11\/Madita3-1-scaled.jpg\"><img loading=\"lazy\" decoding=\"async\" width=\"989\" height=\"1024\" data-id=\"62237\" src=\"https:\/\/tierheim-moers.de\/Wordpress\/wp-content\/uploads\/2025\/11\/Madita3-1-989x1024.jpg\" alt=\"\" class=\"wp-image-62237\" srcset=\"https:\/\/tierheim-moers.de\/Wordpress\/wp-content\/uploads\/2025\/11\/Madita3-1-989x1024.jpg 989w, https:\/\/tierheim-moers.de\/Wordpress\/wp-content\/uploads\/2025\/11\/Madita3-1-290x300.jpg 290w, https:\/\/tierheim-moers.de\/Wordpress\/wp-content\/uploads\/2025\/11\/Madita3-1-768x795.jpg 768w, https:\/\/tierheim-moers.de\/Wordpress\/wp-content\/uploads\/2025\/11\/Madita3-1-1484x1536.jpg 1484w, https:\/\/tierheim-moers.de\/Wordpress\/wp-content\/uploads\/2025\/11\/Madita3-1-1979x2048.jpg 1979w, https:\/\/tierheim-moers.de\/Wordpress\/wp-content\/uploads\/2025\/11\/Madita3-1-700x725.jpg 700w, https:\/\/tierheim-moers.de\/Wordpress\/wp-content\/uploads\/2025\/11\/Madita3-1-1320x1366.jpg 1320w\" sizes=\"(max-width: 989px) 100vw, 989px\" \/><\/a><\/figure>\n\n\n\n<figure class=\"wp-block-image size-large\"><a href=\"https:\/\/tierheim-moers.de\/Wordpress\/wp-content\/uploads\/2025\/11\/Madita4.jpg\"><img loading=\"lazy\" decoding=\"async\" width=\"1024\" height=\"705\" data-id=\"62236\" src=\"https:\/\/tierheim-moers.de\/Wordpress\/wp-content\/uploads\/2025\/11\/Madita4-1024x705.jpg\" alt=\"\" class=\"wp-image-62236\" srcset=\"https:\/\/tierheim-moers.de\/Wordpress\/wp-content\/uploads\/2025\/11\/Madita4-1024x705.jpg 1024w, https:\/\/tierheim-moers.de\/Wordpress\/wp-content\/uploads\/2025\/11\/Madita4-300x206.jpg 300w, https:\/\/tierheim-moers.de\/Wordpress\/wp-content\/uploads\/2025\/11\/Madita4-768x529.jpg 768w, https:\/\/tierheim-moers.de\/Wordpress\/wp-content\/uploads\/2025\/11\/Madita4-1536x1057.jpg 1536w, https:\/\/tierheim-moers.de\/Wordpress\/wp-content\/uploads\/2025\/11\/Madita4-700x482.jpg 700w, https:\/\/tierheim-moers.de\/Wordpress\/wp-content\/uploads\/2025\/11\/Madita4-1320x909.jpg 1320w, https:\/\/tierheim-moers.de\/Wordpress\/wp-content\/uploads\/2025\/11\/Madita4.jpg 2034w\" sizes=\"(max-width: 1024px) 100vw, 1024px\" \/><\/a><\/figure>\n<\/figure>\n\n\n\n<p><\/p>\n\n\n\n<p>Als aufgeschlossene Jungkatze sollte Madita nicht in Einzelhaltung gehen.<\/p>\n\n\n\n<p><em><strong>Spontane Besuche sind leider nicht m\u00f6glich. Bei Interesse an Madita stehen die vermittelnden Kollegen f\u00fcr telefonische Erstgespr\u00e4che von Montag bis Freitag von 14 \u2013 17 Uhr und Samstag von 13 \u2013 16 Uhr zur Verf\u00fcgung.<\/strong><\/em><\/p>\n\n\n\n<p><em><strong>Wir bitten darum, sich an diese Zeiten zu halten, da nach den regul\u00e4ren Telefonzeiten alle Gespr\u00e4che in den Notdienst umgeleitet werden und dieser nat\u00fcrlich Notf\u00e4llen vorbehalten ist.<\/strong><\/em><\/p>\n\n\n\n<p><em><strong>Alternativ erreichen Sie die vermittelnden Kollegen auch per Email: tierpfleger@tierheim-moers.de<\/strong><\/em>&nbsp;<strong><em>(Bitte immer mit Angabe einer Telefonnummer)<\/em><\/strong><\/p>\n\n\n\n<div style=\"height:91px\" aria-hidden=\"true\" class=\"wp-block-spacer\"><\/div>\n\n\n\n<p><strong>04.11.2025<\/strong><\/p>\n\n\n\n<p>Diese weibliche Katze wurde heute auf dem Parkplatz des Lauersforter Waldes in 47447 Moers gesichert. Wer die Katze kennt oder vermisst, kann sich bitte direkt telefonisch im Tierheim melden.<\/p>\n\n\n\n<p><img loading=\"lazy\" decoding=\"async\" height=\"16\" width=\"16\" alt=\"&#x203c;&#xfe0f;\" src=\"https:\/\/static.xx.fbcdn.net\/images\/emoji.php\/v9\/t77\/1\/16\/203c.png\"> Gem\u00e4\u00df Katzenschutzverordnung des Kreises Wesel m\u00fcssen Freig\u00e4nger kastriert, gekennzeichnet und registriert sein <img loading=\"lazy\" decoding=\"async\" height=\"16\" width=\"16\" alt=\"&#x203c;&#xfe0f;\" src=\"https:\/\/static.xx.fbcdn.net\/images\/emoji.php\/v9\/t77\/1\/16\/203c.png\"><\/p>\n\n\n\n<p><\/p>\n\n\n\n<figure class=\"wp-block-gallery has-nested-images columns-default is-cropped wp-block-gallery-3 is-layout-flex wp-block-gallery-is-layout-flex\">\n<figure class=\"wp-block-image size-large\"><a href=\"https:\/\/tierheim-moers.de\/Wordpress\/wp-content\/uploads\/2025\/11\/Madita2-scaled.jpg\"><img loading=\"lazy\" decoding=\"async\" width=\"1001\" height=\"1024\" data-id=\"62017\" src=\"https:\/\/tierheim-moers.de\/Wordpress\/wp-content\/uploads\/2025\/11\/Madita2-1001x1024.jpg\" alt=\"\" class=\"wp-image-62017\" srcset=\"https:\/\/tierheim-moers.de\/Wordpress\/wp-content\/uploads\/2025\/11\/Madita2-1001x1024.jpg 1001w, https:\/\/tierheim-moers.de\/Wordpress\/wp-content\/uploads\/2025\/11\/Madita2-293x300.jpg 293w, https:\/\/tierheim-moers.de\/Wordpress\/wp-content\/uploads\/2025\/11\/Madita2-768x786.jpg 768w, https:\/\/tierheim-moers.de\/Wordpress\/wp-content\/uploads\/2025\/11\/Madita2-1501x1536.jpg 1501w, https:\/\/tierheim-moers.de\/Wordpress\/wp-content\/uploads\/2025\/11\/Madita2-2002x2048.jpg 2002w, https:\/\/tierheim-moers.de\/Wordpress\/wp-content\/uploads\/2025\/11\/Madita2-700x716.jpg 700w, https:\/\/tierheim-moers.de\/Wordpress\/wp-content\/uploads\/2025\/11\/Madita2-1320x1351.jpg 1320w, https:\/\/tierheim-moers.de\/Wordpress\/wp-content\/uploads\/2025\/11\/Madita2-45x45.jpg 45w\" sizes=\"(max-width: 1001px) 100vw, 1001px\" \/><\/a><\/figure>\n\n\n\n<figure class=\"wp-block-image size-large\"><a href=\"https:\/\/tierheim-moers.de\/Wordpress\/wp-content\/uploads\/2025\/11\/Madita.jpg\"><img loading=\"lazy\" decoding=\"async\" width=\"944\" height=\"1024\" data-id=\"62016\" src=\"https:\/\/tierheim-moers.de\/Wordpress\/wp-content\/uploads\/2025\/11\/Madita-944x1024.jpg\" alt=\"\" class=\"wp-image-62016\" srcset=\"https:\/\/tierheim-moers.de\/Wordpress\/wp-content\/uploads\/2025\/11\/Madita-944x1024.jpg 944w, https:\/\/tierheim-moers.de\/Wordpress\/wp-content\/uploads\/2025\/11\/Madita-276x300.jpg 276w, https:\/\/tierheim-moers.de\/Wordpress\/wp-content\/uploads\/2025\/11\/Madita-768x833.jpg 768w, https:\/\/tierheim-moers.de\/Wordpress\/wp-content\/uploads\/2025\/11\/Madita-1415x1536.jpg 1415w, https:\/\/tierheim-moers.de\/Wordpress\/wp-content\/uploads\/2025\/11\/Madita-1887x2048.jpg 1887w, https:\/\/tierheim-moers.de\/Wordpress\/wp-content\/uploads\/2025\/11\/Madita-700x760.jpg 700w, https:\/\/tierheim-moers.de\/Wordpress\/wp-content\/uploads\/2025\/11\/Madita-1320x1433.jpg 1320w\" sizes=\"(max-width: 944px) 100vw, 944px\" \/><\/a><\/figure>\n<\/figure>\n<div class=\"shariff shariff-align-flex-start shariff-widget-align-center\" data-url=\"https%3A%2F%2Ftierheim-moers.de%2FWordpress%2Ffundkatze-aus-moers-vom-04-11-2025-madita%2F\" data-timestamp=\"1769011644\" data-hidezero=\"1\" data-backendurl=\"https:\/\/tierheim-moers.de\/Wordpress\/wp-json\/shariff\/v1\/share_counts?\"><ul class=\"shariff-buttons theme-round orientation-horizontal buttonsize-small\"><li class=\"shariff-button facebook shariff-nocustomcolor\" style=\"background-color:#4273c8\"><a href=\"https:\/\/www.facebook.com\/sharer\/sharer.php?u=https%3A%2F%2Ftierheim-moers.de%2FWordpress%2Ffundkatze-aus-moers-vom-04-11-2025-madita%2F\" title=\"Bei Facebook teilen\" aria-label=\"Bei Facebook teilen\" role=\"button\" rel=\"nofollow\" class=\"shariff-link\" style=\"; background-color:#3b5998; color:#fff\" target=\"_blank\"><span class=\"shariff-icon\" style=\"\"><svg width=\"32px\" height=\"20px\" xmlns=\"http:\/\/www.w3.org\/2000\/svg\" viewBox=\"0 0 18 32\"><path fill=\"#3b5998\" d=\"M17.1 0.2v4.7h-2.8q-1.5 0-2.1 0.6t-0.5 1.9v3.4h5.2l-0.7 5.3h-4.5v13.6h-5.5v-13.6h-4.5v-5.3h4.5v-3.9q0-3.3 1.9-5.2t5-1.8q2.6 0 4.1 0.2z\"\/><\/svg><\/span><\/a><\/li><li class=\"shariff-button twitter shariff-nocustomcolor\" style=\"background-color:#595959\"><a href=\"https:\/\/twitter.com\/share?url=https%3A%2F%2Ftierheim-moers.de%2FWordpress%2Ffundkatze-aus-moers-vom-04-11-2025-madita%2F&text=Madita%20%E2%80%A6%20sucht%20Partner%20zum%20gemeinsamen%20%E2%80%9Cwild%20sein%E2%80%9D%20%E2%80%93%20Vermittelt%2021.01.2026\" title=\"Bei X teilen\" aria-label=\"Bei X teilen\" role=\"button\" rel=\"noopener nofollow\" class=\"shariff-link\" style=\"; background-color:#000; color:#fff\" target=\"_blank\"><span class=\"shariff-icon\" style=\"\"><svg width=\"32px\" height=\"20px\" xmlns=\"http:\/\/www.w3.org\/2000\/svg\" viewBox=\"0 0 24 24\"><path fill=\"#000\" d=\"M14.258 10.152L23.176 0h-2.113l-7.747 8.813L7.133 0H0l9.352 13.328L0 23.973h2.113l8.176-9.309 6.531 9.309h7.133zm-2.895 3.293l-.949-1.328L2.875 1.56h3.246l6.086 8.523.945 1.328 7.91 11.078h-3.246zm0 0\"\/><\/svg><\/span><\/a><\/li><li class=\"shariff-button whatsapp shariff-nocustomcolor\" style=\"background-color:#5cbe4a\"><a href=\"https:\/\/api.whatsapp.com\/send?text=https%3A%2F%2Ftierheim-moers.de%2FWordpress%2Ffundkatze-aus-moers-vom-04-11-2025-madita%2F%20Madita%20%E2%80%A6%20sucht%20Partner%20zum%20gemeinsamen%20%E2%80%9Cwild%20sein%E2%80%9D%20%E2%80%93%20Vermittelt%2021.01.2026\" title=\"Bei Whatsapp teilen\" aria-label=\"Bei Whatsapp teilen\" role=\"button\" rel=\"noopener nofollow\" class=\"shariff-link\" style=\"; background-color:#34af23; color:#fff\" target=\"_blank\"><span class=\"shariff-icon\" style=\"\"><svg width=\"32px\" height=\"20px\" xmlns=\"http:\/\/www.w3.org\/2000\/svg\" viewBox=\"0 0 32 32\"><path fill=\"#34af23\" d=\"M17.6 17.4q0.2 0 1.7 0.8t1.6 0.9q0 0.1 0 0.3 0 0.6-0.3 1.4-0.3 0.7-1.3 1.2t-1.8 0.5q-1 0-3.4-1.1-1.7-0.8-3-2.1t-2.6-3.3q-1.3-1.9-1.3-3.5v-0.1q0.1-1.6 1.3-2.8 0.4-0.4 0.9-0.4 0.1 0 0.3 0t0.3 0q0.3 0 0.5 0.1t0.3 0.5q0.1 0.4 0.6 1.6t0.4 1.3q0 0.4-0.6 1t-0.6 0.8q0 0.1 0.1 0.3 0.6 1.3 1.8 2.4 1 0.9 2.7 1.8 0.2 0.1 0.4 0.1 0.3 0 1-0.9t0.9-0.9zM14 26.9q2.3 0 4.3-0.9t3.6-2.4 2.4-3.6 0.9-4.3-0.9-4.3-2.4-3.6-3.6-2.4-4.3-0.9-4.3 0.9-3.6 2.4-2.4 3.6-0.9 4.3q0 3.6 2.1 6.6l-1.4 4.2 4.3-1.4q2.8 1.9 6.2 1.9zM14 2.2q2.7 0 5.2 1.1t4.3 2.9 2.9 4.3 1.1 5.2-1.1 5.2-2.9 4.3-4.3 2.9-5.2 1.1q-3.5 0-6.5-1.7l-7.4 2.4 2.4-7.2q-1.9-3.2-1.9-6.9 0-2.7 1.1-5.2t2.9-4.3 4.3-2.9 5.2-1.1z\"\/><\/svg><\/span><\/a><\/li><li class=\"shariff-button sms shariff-nocustomcolor shariff-mobile\" style=\"background-color:#d7d9d8\"><a href=\"sms:?&body=https%3A%2F%2Ftierheim-moers.de%2FWordpress%2Ffundkatze-aus-moers-vom-04-11-2025-madita%2F\" title=\"Per SMS teilen\" aria-label=\"Per SMS teilen\" role=\"button\" rel=\"noopener nofollow\" class=\"shariff-link\" style=\"; background-color:#a1e877; color:#fff\" target=\"_blank\"><span class=\"shariff-icon\" style=\"\"><svg xmlns=\"http:\/\/www.w3.org\/2000\/svg\" width=\"510\" height=\"510\" viewBox=\"0 0 510 510\"><path fill=\"#a1e877\" d=\"M459 0H51C23 0 0 23 0 51v459l102-102h357c28.1 0 51-22.9 51-51V51C510 23 487.1 0 459 0zM178.5 229.5h-51v-51h51V229.5zM280.5 229.5h-51v-51h51V229.5zM382.5 229.5h-51v-51h51V229.5z\"\/><\/svg><\/span><\/a><\/li><\/ul><\/div>","protected":false},"excerpt":{"rendered":"<p>Januar 2026 Madita kam im Dezember 2025 aus der Vermittlung zur\u00fcck, da ein unausgewogenes Energieverh\u00e4ltnis zu Unstimmigkeiten unter den Katzendamen gef\u00fchrt hat. Wir haben den kleinen Feger nun erstmal etwas beobachtet, um ein genaueres Partner-Profil erstellen zu k\u00f6nnen. Die Feger-Einsch\u00e4tzung ist geblieben, die Intensit\u00e4t nochmal um 1-2 Stufen hochgesetzt worden. &#8230;<\/p>\n","protected":false},"author":7,"featured_media":62652,"comment_status":"closed","ping_status":"open","sticky":false,"template":"","format":"standard","meta":{"ngg_post_thumbnail":0,"footnotes":""},"categories":[10],"tags":[],"class_list":["post-62026","post","type-post","status-publish","format-standard","has-post-thumbnail","hentry","category-vermittelt","column","threecol","has-thumbnail"],"yoast_head":"<!-- This site is optimized with the Yoast SEO plugin v24.6 - https:\/\/yoast.com\/wordpress\/plugins\/seo\/ -->\n<title>Madita ... sucht Partner zum gemeinsamen &quot;wild sein&quot; - Vermittelt 21.01.2026 | TIERHEIM MOERS<\/title>\n<meta name=\"robots\" content=\"index, follow, max-snippet:-1, max-image-preview:large, max-video-preview:-1\" \/>\n<link rel=\"canonical\" href=\"https:\/\/tierheim-moers.de\/Wordpress\/fundkatze-aus-moers-vom-04-11-2025-madita\/\" \/>\n<meta property=\"og:locale\" content=\"de_DE\" \/>\n<meta property=\"og:type\" content=\"article\" \/>\n<meta property=\"og:title\" content=\"Madita ... sucht Partner zum gemeinsamen &quot;wild sein&quot; - Vermittelt 21.01.2026 | TIERHEIM MOERS\" \/>\n<meta property=\"og:description\" content=\"Januar 2026 Madita kam im Dezember 2025 aus der Vermittlung zur\u00fcck, da ein unausgewogenes Energieverh\u00e4ltnis zu Unstimmigkeiten unter den Katzendamen gef\u00fchrt hat. &#8230;\" \/>\n<meta property=\"og:url\" content=\"https:\/\/tierheim-moers.de\/Wordpress\/fundkatze-aus-moers-vom-04-11-2025-madita\/\" \/>\n<meta property=\"og:site_name\" content=\"TIERHEIM MOERS\" \/>\n<meta property=\"article:publisher\" content=\"https:\/\/de-de.facebook.com\/moers.tierheim\" \/>\n<meta property=\"article:published_time\" content=\"2026-01-21T14:07:21+00:00\" \/>\n<meta property=\"article:modified_time\" content=\"2026-01-21T14:07:24+00:00\" \/>\n<meta property=\"og:image\" content=\"https:\/\/tierheim-moers.de\/Wordpress\/wp-content\/uploads\/2026\/01\/Madita7-scaled.jpg\" \/>\n\t<meta property=\"og:image:width\" content=\"2560\" \/>\n\t<meta property=\"og:image:height\" content=\"1792\" \/>\n\t<meta property=\"og:image:type\" content=\"image\/jpeg\" \/>\n<meta name=\"author\" content=\"Kathrin Novotny\" \/>\n<meta name=\"twitter:card\" content=\"summary_large_image\" \/>\n<meta name=\"twitter:label1\" content=\"Verfasst von\" \/>\n\t<meta name=\"twitter:data1\" content=\"Kathrin Novotny\" \/>\n\t<meta name=\"twitter:label2\" content=\"Gesch\u00e4tzte Lesezeit\" \/>\n\t<meta name=\"twitter:data2\" content=\"5\u00a0Minuten\" \/>\n<script type=\"application\/ld+json\" class=\"yoast-schema-graph\">{\"@context\":\"https:\/\/schema.org\",\"@graph\":[{\"@type\":\"Article\",\"@id\":\"https:\/\/tierheim-moers.de\/Wordpress\/fundkatze-aus-moers-vom-04-11-2025-madita\/#article\",\"isPartOf\":{\"@id\":\"https:\/\/tierheim-moers.de\/Wordpress\/fundkatze-aus-moers-vom-04-11-2025-madita\/\"},\"author\":{\"name\":\"Kathrin Novotny\",\"@id\":\"https:\/\/tierheim-moers.de\/Wordpress\/#\/schema\/person\/167de77fdd5ff85153606cdd34a5ffbc\"},\"headline\":\"Madita &#8230; sucht Partner zum gemeinsamen &#8220;wild sein&#8221; &#8211; Vermittelt 21.01.2026\",\"datePublished\":\"2026-01-21T14:07:21+00:00\",\"dateModified\":\"2026-01-21T14:07:24+00:00\",\"mainEntityOfPage\":{\"@id\":\"https:\/\/tierheim-moers.de\/Wordpress\/fundkatze-aus-moers-vom-04-11-2025-madita\/\"},\"wordCount\":498,\"publisher\":{\"@id\":\"https:\/\/tierheim-moers.de\/Wordpress\/#organization\"},\"image\":{\"@id\":\"https:\/\/tierheim-moers.de\/Wordpress\/fundkatze-aus-moers-vom-04-11-2025-madita\/#primaryimage\"},\"thumbnailUrl\":\"https:\/\/tierheim-moers.de\/Wordpress\/wp-content\/uploads\/2026\/01\/Madita7-scaled.jpg\",\"articleSection\":[\"Vermittelt\"],\"inLanguage\":\"de\"},{\"@type\":\"WebPage\",\"@id\":\"https:\/\/tierheim-moers.de\/Wordpress\/fundkatze-aus-moers-vom-04-11-2025-madita\/\",\"url\":\"https:\/\/tierheim-moers.de\/Wordpress\/fundkatze-aus-moers-vom-04-11-2025-madita\/\",\"name\":\"Madita ... sucht Partner zum gemeinsamen \\\"wild sein\\\" - Vermittelt 21.01.2026 | TIERHEIM MOERS\",\"isPartOf\":{\"@id\":\"https:\/\/tierheim-moers.de\/Wordpress\/#website\"},\"primaryImageOfPage\":{\"@id\":\"https:\/\/tierheim-moers.de\/Wordpress\/fundkatze-aus-moers-vom-04-11-2025-madita\/#primaryimage\"},\"image\":{\"@id\":\"https:\/\/tierheim-moers.de\/Wordpress\/fundkatze-aus-moers-vom-04-11-2025-madita\/#primaryimage\"},\"thumbnailUrl\":\"https:\/\/tierheim-moers.de\/Wordpress\/wp-content\/uploads\/2026\/01\/Madita7-scaled.jpg\",\"datePublished\":\"2026-01-21T14:07:21+00:00\",\"dateModified\":\"2026-01-21T14:07:24+00:00\",\"breadcrumb\":{\"@id\":\"https:\/\/tierheim-moers.de\/Wordpress\/fundkatze-aus-moers-vom-04-11-2025-madita\/#breadcrumb\"},\"inLanguage\":\"de\",\"potentialAction\":[{\"@type\":\"ReadAction\",\"target\":[\"https:\/\/tierheim-moers.de\/Wordpress\/fundkatze-aus-moers-vom-04-11-2025-madita\/\"]}]},{\"@type\":\"ImageObject\",\"inLanguage\":\"de\",\"@id\":\"https:\/\/tierheim-moers.de\/Wordpress\/fundkatze-aus-moers-vom-04-11-2025-madita\/#primaryimage\",\"url\":\"https:\/\/tierheim-moers.de\/Wordpress\/wp-content\/uploads\/2026\/01\/Madita7-scaled.jpg\",\"contentUrl\":\"https:\/\/tierheim-moers.de\/Wordpress\/wp-content\/uploads\/2026\/01\/Madita7-scaled.jpg\",\"width\":2560,\"height\":1792},{\"@type\":\"BreadcrumbList\",\"@id\":\"https:\/\/tierheim-moers.de\/Wordpress\/fundkatze-aus-moers-vom-04-11-2025-madita\/#breadcrumb\",\"itemListElement\":[{\"@type\":\"ListItem\",\"position\":1,\"name\":\"Startseite\",\"item\":\"https:\/\/tierheim-moers.de\/Wordpress\/\"},{\"@type\":\"ListItem\",\"position\":2,\"name\":\"Madita &#8230; sucht Partner zum gemeinsamen &#8220;wild sein&#8221; &#8211; Vermittelt 21.01.2026\"}]},{\"@type\":\"WebSite\",\"@id\":\"https:\/\/tierheim-moers.de\/Wordpress\/#website\",\"url\":\"https:\/\/tierheim-moers.de\/Wordpress\/\",\"name\":\"Tierheim Moers\",\"description\":\"Tierheim | Hundepension | Tierschutz | Moers\",\"publisher\":{\"@id\":\"https:\/\/tierheim-moers.de\/Wordpress\/#organization\"},\"potentialAction\":[{\"@type\":\"SearchAction\",\"target\":{\"@type\":\"EntryPoint\",\"urlTemplate\":\"https:\/\/tierheim-moers.de\/Wordpress\/?s={search_term_string}\"},\"query-input\":{\"@type\":\"PropertyValueSpecification\",\"valueRequired\":true,\"valueName\":\"search_term_string\"}}],\"inLanguage\":\"de\"},{\"@type\":\"Organization\",\"@id\":\"https:\/\/tierheim-moers.de\/Wordpress\/#organization\",\"name\":\"Tierheim Moers\",\"url\":\"https:\/\/tierheim-moers.de\/Wordpress\/\",\"logo\":{\"@type\":\"ImageObject\",\"inLanguage\":\"de\",\"@id\":\"https:\/\/tierheim-moers.de\/Wordpress\/#\/schema\/logo\/image\/\",\"url\":\"https:\/\/tierheim-moers.de\/Wordpress\/wp-content\/uploads\/2014\/04\/Logo-TSV-Moers-V01-RGB-300.png\",\"contentUrl\":\"https:\/\/tierheim-moers.de\/Wordpress\/wp-content\/uploads\/2014\/04\/Logo-TSV-Moers-V01-RGB-300.png\",\"width\":1052,\"height\":1038,\"caption\":\"Tierheim Moers\"},\"image\":{\"@id\":\"https:\/\/tierheim-moers.de\/Wordpress\/#\/schema\/logo\/image\/\"},\"sameAs\":[\"https:\/\/de-de.facebook.com\/moers.tierheim\"]},{\"@type\":\"Person\",\"@id\":\"https:\/\/tierheim-moers.de\/Wordpress\/#\/schema\/person\/167de77fdd5ff85153606cdd34a5ffbc\",\"name\":\"Kathrin Novotny\",\"image\":{\"@type\":\"ImageObject\",\"inLanguage\":\"de\",\"@id\":\"https:\/\/tierheim-moers.de\/Wordpress\/#\/schema\/person\/image\/\",\"url\":\"https:\/\/secure.gravatar.com\/avatar\/8dbd3a3cd58d0e299cb5bd95a6d53c79eebe36713eda62bbb3c41a749d06346f?s=96&d=mm&r=g\",\"contentUrl\":\"https:\/\/secure.gravatar.com\/avatar\/8dbd3a3cd58d0e299cb5bd95a6d53c79eebe36713eda62bbb3c41a749d06346f?s=96&d=mm&r=g\",\"caption\":\"Kathrin Novotny\"},\"url\":\"https:\/\/tierheim-moers.de\/Wordpress\/author\/kathrin\/\"}]}<\/script>\n<!-- \/ Yoast SEO plugin. -->","yoast_head_json":{"title":"Madita ... sucht Partner zum gemeinsamen \"wild sein\" - Vermittelt 21.01.2026 | TIERHEIM MOERS","robots":{"index":"index","follow":"follow","max-snippet":"max-snippet:-1","max-image-preview":"max-image-preview:large","max-video-preview":"max-video-preview:-1"},"canonical":"https:\/\/tierheim-moers.de\/Wordpress\/fundkatze-aus-moers-vom-04-11-2025-madita\/","og_locale":"de_DE","og_type":"article","og_title":"Madita ... sucht Partner zum gemeinsamen \"wild sein\" - Vermittelt 21.01.2026 | TIERHEIM MOERS","og_description":"Januar 2026 Madita kam im Dezember 2025 aus der Vermittlung zur\u00fcck, da ein unausgewogenes Energieverh\u00e4ltnis zu Unstimmigkeiten unter den Katzendamen gef\u00fchrt hat. &#8230;","og_url":"https:\/\/tierheim-moers.de\/Wordpress\/fundkatze-aus-moers-vom-04-11-2025-madita\/","og_site_name":"TIERHEIM MOERS","article_publisher":"https:\/\/de-de.facebook.com\/moers.tierheim","article_published_time":"2026-01-21T14:07:21+00:00","article_modified_time":"2026-01-21T14:07:24+00:00","og_image":[{"width":2560,"height":1792,"url":"https:\/\/tierheim-moers.de\/Wordpress\/wp-content\/uploads\/2026\/01\/Madita7-scaled.jpg","type":"image\/jpeg"}],"author":"Kathrin Novotny","twitter_card":"summary_large_image","twitter_misc":{"Verfasst von":"Kathrin Novotny","Gesch\u00e4tzte Lesezeit":"5\u00a0Minuten"},"schema":{"@context":"https:\/\/schema.org","@graph":[{"@type":"Article","@id":"https:\/\/tierheim-moers.de\/Wordpress\/fundkatze-aus-moers-vom-04-11-2025-madita\/#article","isPartOf":{"@id":"https:\/\/tierheim-moers.de\/Wordpress\/fundkatze-aus-moers-vom-04-11-2025-madita\/"},"author":{"name":"Kathrin Novotny","@id":"https:\/\/tierheim-moers.de\/Wordpress\/#\/schema\/person\/167de77fdd5ff85153606cdd34a5ffbc"},"headline":"Madita &#8230; sucht Partner zum gemeinsamen &#8220;wild sein&#8221; &#8211; Vermittelt 21.01.2026","datePublished":"2026-01-21T14:07:21+00:00","dateModified":"2026-01-21T14:07:24+00:00","mainEntityOfPage":{"@id":"https:\/\/tierheim-moers.de\/Wordpress\/fundkatze-aus-moers-vom-04-11-2025-madita\/"},"wordCount":498,"publisher":{"@id":"https:\/\/tierheim-moers.de\/Wordpress\/#organization"},"image":{"@id":"https:\/\/tierheim-moers.de\/Wordpress\/fundkatze-aus-moers-vom-04-11-2025-madita\/#primaryimage"},"thumbnailUrl":"https:\/\/tierheim-moers.de\/Wordpress\/wp-content\/uploads\/2026\/01\/Madita7-scaled.jpg","articleSection":["Vermittelt"],"inLanguage":"de"},{"@type":"WebPage","@id":"https:\/\/tierheim-moers.de\/Wordpress\/fundkatze-aus-moers-vom-04-11-2025-madita\/","url":"https:\/\/tierheim-moers.de\/Wordpress\/fundkatze-aus-moers-vom-04-11-2025-madita\/","name":"Madita ... sucht Partner zum gemeinsamen \"wild sein\" - Vermittelt 21.01.2026 | TIERHEIM MOERS","isPartOf":{"@id":"https:\/\/tierheim-moers.de\/Wordpress\/#website"},"primaryImageOfPage":{"@id":"https:\/\/tierheim-moers.de\/Wordpress\/fundkatze-aus-moers-vom-04-11-2025-madita\/#primaryimage"},"image":{"@id":"https:\/\/tierheim-moers.de\/Wordpress\/fundkatze-aus-moers-vom-04-11-2025-madita\/#primaryimage"},"thumbnailUrl":"https:\/\/tierheim-moers.de\/Wordpress\/wp-content\/uploads\/2026\/01\/Madita7-scaled.jpg","datePublished":"2026-01-21T14:07:21+00:00","dateModified":"2026-01-21T14:07:24+00:00","breadcrumb":{"@id":"https:\/\/tierheim-moers.de\/Wordpress\/fundkatze-aus-moers-vom-04-11-2025-madita\/#breadcrumb"},"inLanguage":"de","potentialAction":[{"@type":"ReadAction","target":["https:\/\/tierheim-moers.de\/Wordpress\/fundkatze-aus-moers-vom-04-11-2025-madita\/"]}]},{"@type":"ImageObject","inLanguage":"de","@id":"https:\/\/tierheim-moers.de\/Wordpress\/fundkatze-aus-moers-vom-04-11-2025-madita\/#primaryimage","url":"https:\/\/tierheim-moers.de\/Wordpress\/wp-content\/uploads\/2026\/01\/Madita7-scaled.jpg","contentUrl":"https:\/\/tierheim-moers.de\/Wordpress\/wp-content\/uploads\/2026\/01\/Madita7-scaled.jpg","width":2560,"height":1792},{"@type":"BreadcrumbList","@id":"https:\/\/tierheim-moers.de\/Wordpress\/fundkatze-aus-moers-vom-04-11-2025-madita\/#breadcrumb","itemListElement":[{"@type":"ListItem","position":1,"name":"Startseite","item":"https:\/\/tierheim-moers.de\/Wordpress\/"},{"@type":"ListItem","position":2,"name":"Madita &#8230; sucht Partner zum gemeinsamen &#8220;wild sein&#8221; &#8211; Vermittelt 21.01.2026"}]},{"@type":"WebSite","@id":"https:\/\/tierheim-moers.de\/Wordpress\/#website","url":"https:\/\/tierheim-moers.de\/Wordpress\/","name":"Tierheim Moers","description":"Tierheim | Hundepension | Tierschutz | Moers","publisher":{"@id":"https:\/\/tierheim-moers.de\/Wordpress\/#organization"},"potentialAction":[{"@type":"SearchAction","target":{"@type":"EntryPoint","urlTemplate":"https:\/\/tierheim-moers.de\/Wordpress\/?s={search_term_string}"},"query-input":{"@type":"PropertyValueSpecification","valueRequired":true,"valueName":"search_term_string"}}],"inLanguage":"de"},{"@type":"Organization","@id":"https:\/\/tierheim-moers.de\/Wordpress\/#organization","name":"Tierheim Moers","url":"https:\/\/tierheim-moers.de\/Wordpress\/","logo":{"@type":"ImageObject","inLanguage":"de","@id":"https:\/\/tierheim-moers.de\/Wordpress\/#\/schema\/logo\/image\/","url":"https:\/\/tierheim-moers.de\/Wordpress\/wp-content\/uploads\/2014\/04\/Logo-TSV-Moers-V01-RGB-300.png","contentUrl":"https:\/\/tierheim-moers.de\/Wordpress\/wp-content\/uploads\/2014\/04\/Logo-TSV-Moers-V01-RGB-300.png","width":1052,"height":1038,"caption":"Tierheim Moers"},"image":{"@id":"https:\/\/tierheim-moers.de\/Wordpress\/#\/schema\/logo\/image\/"},"sameAs":["https:\/\/de-de.facebook.com\/moers.tierheim"]},{"@type":"Person","@id":"https:\/\/tierheim-moers.de\/Wordpress\/#\/schema\/person\/167de77fdd5ff85153606cdd34a5ffbc","name":"Kathrin Novotny","image":{"@type":"ImageObject","inLanguage":"de","@id":"https:\/\/tierheim-moers.de\/Wordpress\/#\/schema\/person\/image\/","url":"https:\/\/secure.gravatar.com\/avatar\/8dbd3a3cd58d0e299cb5bd95a6d53c79eebe36713eda62bbb3c41a749d06346f?s=96&d=mm&r=g","contentUrl":"https:\/\/secure.gravatar.com\/avatar\/8dbd3a3cd58d0e299cb5bd95a6d53c79eebe36713eda62bbb3c41a749d06346f?s=96&d=mm&r=g","caption":"Kathrin Novotny"},"url":"https:\/\/tierheim-moers.de\/Wordpress\/author\/kathrin\/"}]}},"_links":{"self":[{"href":"https:\/\/tierheim-moers.de\/Wordpress\/wp-json\/wp\/v2\/posts\/62026","targetHints":{"allow":["GET"]}}],"collection":[{"href":"https:\/\/tierheim-moers.de\/Wordpress\/wp-json\/wp\/v2\/posts"}],"about":[{"href":"https:\/\/tierheim-moers.de\/Wordpress\/wp-json\/wp\/v2\/types\/post"}],"author":[{"embeddable":true,"href":"https:\/\/tierheim-moers.de\/Wordpress\/wp-json\/wp\/v2\/users\/7"}],"replies":[{"embeddable":true,"href":"https:\/\/tierheim-moers.de\/Wordpress\/wp-json\/wp\/v2\/comments?post=62026"}],"version-history":[{"count":5,"href":"https:\/\/tierheim-moers.de\/Wordpress\/wp-json\/wp\/v2\/posts\/62026\/revisions"}],"predecessor-version":[{"id":62742,"href":"https:\/\/tierheim-moers.de\/Wordpress\/wp-json\/wp\/v2\/posts\/62026\/revisions\/62742"}],"wp:featuredmedia":[{"embeddable":true,"href":"https:\/\/tierheim-moers.de\/Wordpress\/wp-json\/wp\/v2\/media\/62652"}],"wp:attachment":[{"href":"https:\/\/tierheim-moers.de\/Wordpress\/wp-json\/wp\/v2\/media?parent=62026"}],"wp:term":[{"taxonomy":"category","embeddable":true,"href":"https:\/\/tierheim-moers.de\/Wordpress\/wp-json\/wp\/v2\/categories?post=62026"},{"taxonomy":"post_tag","embeddable":true,"href":"https:\/\/tierheim-moers.de\/Wordpress\/wp-json\/wp\/v2\/tags?post=62026"}],"curies":[{"name":"wp","href":"https:\/\/api.w.org\/{rel}","templated":true}]}}