{"id":62987,"date":"2026-02-21T17:39:52","date_gmt":"2026-02-21T15:39:52","guid":{"rendered":"https:\/\/tierheim-moers.de\/Wordpress\/?p=62987"},"modified":"2026-02-21T17:39:55","modified_gmt":"2026-02-21T15:39:55","slug":"timon-schnurrt-im-schrank","status":"publish","type":"post","link":"https:\/\/tierheim-moers.de\/Wordpress\/timon-schnurrt-im-schrank\/","title":{"rendered":"Timon &#8230; schnurrt im Schrank &#8211; Vermittelt 21.02.2026"},"content":{"rendered":"\n<div style=\"height:72px\" aria-hidden=\"true\" class=\"wp-block-spacer\"><\/div>\n\n\n\n<p>Februar 2026<\/p>\n\n\n\n<p>Der noch 6j\u00e4hrige Timon musste seine ersten drei Wochen bei uns auf der Krankenstation verbringen, da er einen gr\u00f6\u00dferen Zahnarzttermin wahrnehmen und sich anschlie\u00dfend erholen musste.<\/p>\n\n\n\n<p><\/p>\n\n\n\n<figure class=\"wp-block-gallery has-nested-images columns-default is-cropped wp-block-gallery-1 is-layout-flex wp-block-gallery-is-layout-flex\">\n<figure class=\"wp-block-image size-large\"><a href=\"https:\/\/tierheim-moers.de\/Wordpress\/wp-content\/uploads\/2026\/02\/20260207_1313411-scaled.jpg\"><img fetchpriority=\"high\" decoding=\"async\" width=\"961\" height=\"1024\" data-id=\"62980\" src=\"https:\/\/tierheim-moers.de\/Wordpress\/wp-content\/uploads\/2026\/02\/20260207_1313411-961x1024.jpg\" alt=\"\" class=\"wp-image-62980\" srcset=\"https:\/\/tierheim-moers.de\/Wordpress\/wp-content\/uploads\/2026\/02\/20260207_1313411-961x1024.jpg 961w, https:\/\/tierheim-moers.de\/Wordpress\/wp-content\/uploads\/2026\/02\/20260207_1313411-281x300.jpg 281w, https:\/\/tierheim-moers.de\/Wordpress\/wp-content\/uploads\/2026\/02\/20260207_1313411-768x819.jpg 768w, https:\/\/tierheim-moers.de\/Wordpress\/wp-content\/uploads\/2026\/02\/20260207_1313411-1441x1536.jpg 1441w, https:\/\/tierheim-moers.de\/Wordpress\/wp-content\/uploads\/2026\/02\/20260207_1313411-1921x2048.jpg 1921w, https:\/\/tierheim-moers.de\/Wordpress\/wp-content\/uploads\/2026\/02\/20260207_1313411-700x746.jpg 700w, https:\/\/tierheim-moers.de\/Wordpress\/wp-content\/uploads\/2026\/02\/20260207_1313411-1320x1407.jpg 1320w\" sizes=\"(max-width: 961px) 100vw, 961px\" \/><\/a><\/figure>\n\n\n\n<figure class=\"wp-block-image size-large\"><a href=\"https:\/\/tierheim-moers.de\/Wordpress\/wp-content\/uploads\/2026\/02\/20260207_1317291-scaled.jpg\"><img decoding=\"async\" width=\"865\" height=\"1024\" data-id=\"62984\" src=\"https:\/\/tierheim-moers.de\/Wordpress\/wp-content\/uploads\/2026\/02\/20260207_1317291-865x1024.jpg\" alt=\"\" class=\"wp-image-62984\" srcset=\"https:\/\/tierheim-moers.de\/Wordpress\/wp-content\/uploads\/2026\/02\/20260207_1317291-865x1024.jpg 865w, https:\/\/tierheim-moers.de\/Wordpress\/wp-content\/uploads\/2026\/02\/20260207_1317291-253x300.jpg 253w, https:\/\/tierheim-moers.de\/Wordpress\/wp-content\/uploads\/2026\/02\/20260207_1317291-768x909.jpg 768w, https:\/\/tierheim-moers.de\/Wordpress\/wp-content\/uploads\/2026\/02\/20260207_1317291-1297x1536.jpg 1297w, https:\/\/tierheim-moers.de\/Wordpress\/wp-content\/uploads\/2026\/02\/20260207_1317291-1730x2048.jpg 1730w, https:\/\/tierheim-moers.de\/Wordpress\/wp-content\/uploads\/2026\/02\/20260207_1317291-700x829.jpg 700w, https:\/\/tierheim-moers.de\/Wordpress\/wp-content\/uploads\/2026\/02\/20260207_1317291-1320x1563.jpg 1320w\" sizes=\"(max-width: 865px) 100vw, 865px\" \/><\/a><\/figure>\n<\/figure>\n\n\n\n<p><\/p>\n\n\n\n<p>Jetzt sucht er erstmal Sicherheit im Schrank, l\u00e4sst sich jedoch mit ein bisschen Zureden und einer Streicheleinheit leicht hervorlocken.<\/p>\n\n\n\n<p>Der (etwas zu) pfundige Kater ist ausgesprochen verschmust. Wenn er erstmal seinen Schnurrmotor anschmei\u00dft wird h\u00f6rbar, wie sehr er die Zuwendung genie\u00dft.<\/p>\n\n\n\n<p>Die anderen Katzen interessieren ihn bisher wenig. Wir k\u00f6nnten uns vorstellen, dass er gut mit oder neben einer \u00e4hnlich entspannten Erstkatze leben k\u00f6nnte.<\/p>\n\n\n\n<p><\/p>\n\n\n\n<figure class=\"wp-block-gallery has-nested-images columns-default is-cropped wp-block-gallery-2 is-layout-flex wp-block-gallery-is-layout-flex\">\n<figure class=\"wp-block-image size-large\"><a href=\"https:\/\/tierheim-moers.de\/Wordpress\/wp-content\/uploads\/2026\/02\/20260207_1316241-scaled.jpg\"><img decoding=\"async\" width=\"933\" height=\"1024\" data-id=\"62983\" src=\"https:\/\/tierheim-moers.de\/Wordpress\/wp-content\/uploads\/2026\/02\/20260207_1316241-933x1024.jpg\" alt=\"\" class=\"wp-image-62983\" srcset=\"https:\/\/tierheim-moers.de\/Wordpress\/wp-content\/uploads\/2026\/02\/20260207_1316241-933x1024.jpg 933w, https:\/\/tierheim-moers.de\/Wordpress\/wp-content\/uploads\/2026\/02\/20260207_1316241-273x300.jpg 273w, https:\/\/tierheim-moers.de\/Wordpress\/wp-content\/uploads\/2026\/02\/20260207_1316241-768x843.jpg 768w, https:\/\/tierheim-moers.de\/Wordpress\/wp-content\/uploads\/2026\/02\/20260207_1316241-1399x1536.jpg 1399w, https:\/\/tierheim-moers.de\/Wordpress\/wp-content\/uploads\/2026\/02\/20260207_1316241-1865x2048.jpg 1865w, https:\/\/tierheim-moers.de\/Wordpress\/wp-content\/uploads\/2026\/02\/20260207_1316241-700x769.jpg 700w, https:\/\/tierheim-moers.de\/Wordpress\/wp-content\/uploads\/2026\/02\/20260207_1316241-1320x1449.jpg 1320w\" sizes=\"(max-width: 933px) 100vw, 933px\" \/><\/a><\/figure>\n\n\n\n<figure class=\"wp-block-image size-large\"><a href=\"https:\/\/tierheim-moers.de\/Wordpress\/wp-content\/uploads\/2026\/02\/20260207_1315581.jpg\"><img loading=\"lazy\" decoding=\"async\" width=\"1024\" height=\"1018\" data-id=\"62982\" src=\"https:\/\/tierheim-moers.de\/Wordpress\/wp-content\/uploads\/2026\/02\/20260207_1315581-1024x1018.jpg\" alt=\"\" class=\"wp-image-62982\" srcset=\"https:\/\/tierheim-moers.de\/Wordpress\/wp-content\/uploads\/2026\/02\/20260207_1315581-1024x1018.jpg 1024w, https:\/\/tierheim-moers.de\/Wordpress\/wp-content\/uploads\/2026\/02\/20260207_1315581-300x298.jpg 300w, https:\/\/tierheim-moers.de\/Wordpress\/wp-content\/uploads\/2026\/02\/20260207_1315581-150x150.jpg 150w, https:\/\/tierheim-moers.de\/Wordpress\/wp-content\/uploads\/2026\/02\/20260207_1315581-768x764.jpg 768w, https:\/\/tierheim-moers.de\/Wordpress\/wp-content\/uploads\/2026\/02\/20260207_1315581-1536x1527.jpg 1536w, https:\/\/tierheim-moers.de\/Wordpress\/wp-content\/uploads\/2026\/02\/20260207_1315581-2048x2036.jpg 2048w, https:\/\/tierheim-moers.de\/Wordpress\/wp-content\/uploads\/2026\/02\/20260207_1315581-700x696.jpg 700w, https:\/\/tierheim-moers.de\/Wordpress\/wp-content\/uploads\/2026\/02\/20260207_1315581-1320x1312.jpg 1320w, https:\/\/tierheim-moers.de\/Wordpress\/wp-content\/uploads\/2026\/02\/20260207_1315581-45x45.jpg 45w\" sizes=\"(max-width: 1024px) 100vw, 1024px\" \/><\/a><\/figure>\n<\/figure>\n\n\n\n<p><\/p>\n\n\n\n<p>Timon sucht ein Zuhause mit viel Streichelpotential und einem abgesicherten Balkon.<\/p>\n\n\n\n<p><strong><em>Spontane Besuche sind leider nicht m\u00f6glich. Bei Interesse an Timon stehen die vermittelnden Kollegen f\u00fcr telefonische Erstgespr\u00e4che von Montag bis Freitag von 14 \u2013 17 Uhr und Samstag von 13 \u2013 16 Uhr zur Verf\u00fcgung.<\/em><\/strong><\/p>\n\n\n\n<p><strong><em>Wir bitten darum, sich an diese Zeiten zu halten, da nach den regul\u00e4ren Telefonzeiten alle Gespr\u00e4che in den Notdienst umgeleitet werden und dieser nat\u00fcrlich Notf\u00e4llen vorbehalten ist.<\/em><\/strong><\/p>\n\n\n\n<p><strong><em>Alternativ erreichen Sie die vermittelnden Kollegen auch per Email: tierpfleger@tierheim-moers.de<\/em><\/strong><\/p>\n<div class=\"shariff shariff-align-flex-start shariff-widget-align-center\" data-url=\"https%3A%2F%2Ftierheim-moers.de%2FWordpress%2Ftimon-schnurrt-im-schrank%2F\" data-timestamp=\"1771695595\" data-hidezero=\"1\" data-backendurl=\"https:\/\/tierheim-moers.de\/Wordpress\/wp-json\/shariff\/v1\/share_counts?\"><ul class=\"shariff-buttons theme-round orientation-horizontal buttonsize-small\"><li class=\"shariff-button facebook shariff-nocustomcolor\" style=\"background-color:#4273c8\"><a href=\"https:\/\/www.facebook.com\/sharer\/sharer.php?u=https%3A%2F%2Ftierheim-moers.de%2FWordpress%2Ftimon-schnurrt-im-schrank%2F\" title=\"Bei Facebook teilen\" aria-label=\"Bei Facebook teilen\" role=\"button\" rel=\"nofollow\" class=\"shariff-link\" style=\"; background-color:#3b5998; color:#fff\" target=\"_blank\"><span class=\"shariff-icon\" style=\"\"><svg width=\"32px\" height=\"20px\" xmlns=\"http:\/\/www.w3.org\/2000\/svg\" viewBox=\"0 0 18 32\"><path fill=\"#3b5998\" d=\"M17.1 0.2v4.7h-2.8q-1.5 0-2.1 0.6t-0.5 1.9v3.4h5.2l-0.7 5.3h-4.5v13.6h-5.5v-13.6h-4.5v-5.3h4.5v-3.9q0-3.3 1.9-5.2t5-1.8q2.6 0 4.1 0.2z\"\/><\/svg><\/span><\/a><\/li><li class=\"shariff-button twitter shariff-nocustomcolor\" style=\"background-color:#595959\"><a href=\"https:\/\/twitter.com\/share?url=https%3A%2F%2Ftierheim-moers.de%2FWordpress%2Ftimon-schnurrt-im-schrank%2F&text=Timon%20%E2%80%A6%20schnurrt%20im%20Schrank%20%E2%80%93%20Vermittelt%2021.02.2026\" title=\"Bei X teilen\" aria-label=\"Bei X teilen\" role=\"button\" rel=\"noopener nofollow\" class=\"shariff-link\" style=\"; background-color:#000; color:#fff\" target=\"_blank\"><span class=\"shariff-icon\" style=\"\"><svg width=\"32px\" height=\"20px\" xmlns=\"http:\/\/www.w3.org\/2000\/svg\" viewBox=\"0 0 24 24\"><path fill=\"#000\" d=\"M14.258 10.152L23.176 0h-2.113l-7.747 8.813L7.133 0H0l9.352 13.328L0 23.973h2.113l8.176-9.309 6.531 9.309h7.133zm-2.895 3.293l-.949-1.328L2.875 1.56h3.246l6.086 8.523.945 1.328 7.91 11.078h-3.246zm0 0\"\/><\/svg><\/span><\/a><\/li><li class=\"shariff-button whatsapp shariff-nocustomcolor\" style=\"background-color:#5cbe4a\"><a href=\"https:\/\/api.whatsapp.com\/send?text=https%3A%2F%2Ftierheim-moers.de%2FWordpress%2Ftimon-schnurrt-im-schrank%2F%20Timon%20%E2%80%A6%20schnurrt%20im%20Schrank%20%E2%80%93%20Vermittelt%2021.02.2026\" title=\"Bei Whatsapp teilen\" aria-label=\"Bei Whatsapp teilen\" role=\"button\" rel=\"noopener nofollow\" class=\"shariff-link\" style=\"; background-color:#34af23; color:#fff\" target=\"_blank\"><span class=\"shariff-icon\" style=\"\"><svg width=\"32px\" height=\"20px\" xmlns=\"http:\/\/www.w3.org\/2000\/svg\" viewBox=\"0 0 32 32\"><path fill=\"#34af23\" d=\"M17.6 17.4q0.2 0 1.7 0.8t1.6 0.9q0 0.1 0 0.3 0 0.6-0.3 1.4-0.3 0.7-1.3 1.2t-1.8 0.5q-1 0-3.4-1.1-1.7-0.8-3-2.1t-2.6-3.3q-1.3-1.9-1.3-3.5v-0.1q0.1-1.6 1.3-2.8 0.4-0.4 0.9-0.4 0.1 0 0.3 0t0.3 0q0.3 0 0.5 0.1t0.3 0.5q0.1 0.4 0.6 1.6t0.4 1.3q0 0.4-0.6 1t-0.6 0.8q0 0.1 0.1 0.3 0.6 1.3 1.8 2.4 1 0.9 2.7 1.8 0.2 0.1 0.4 0.1 0.3 0 1-0.9t0.9-0.9zM14 26.9q2.3 0 4.3-0.9t3.6-2.4 2.4-3.6 0.9-4.3-0.9-4.3-2.4-3.6-3.6-2.4-4.3-0.9-4.3 0.9-3.6 2.4-2.4 3.6-0.9 4.3q0 3.6 2.1 6.6l-1.4 4.2 4.3-1.4q2.8 1.9 6.2 1.9zM14 2.2q2.7 0 5.2 1.1t4.3 2.9 2.9 4.3 1.1 5.2-1.1 5.2-2.9 4.3-4.3 2.9-5.2 1.1q-3.5 0-6.5-1.7l-7.4 2.4 2.4-7.2q-1.9-3.2-1.9-6.9 0-2.7 1.1-5.2t2.9-4.3 4.3-2.9 5.2-1.1z\"\/><\/svg><\/span><\/a><\/li><li class=\"shariff-button sms shariff-nocustomcolor shariff-mobile\" style=\"background-color:#d7d9d8\"><a href=\"sms:?&body=https%3A%2F%2Ftierheim-moers.de%2FWordpress%2Ftimon-schnurrt-im-schrank%2F\" title=\"Per SMS teilen\" aria-label=\"Per SMS teilen\" role=\"button\" rel=\"noopener nofollow\" class=\"shariff-link\" style=\"; background-color:#a1e877; color:#fff\" target=\"_blank\"><span class=\"shariff-icon\" style=\"\"><svg xmlns=\"http:\/\/www.w3.org\/2000\/svg\" width=\"510\" height=\"510\" viewBox=\"0 0 510 510\"><path fill=\"#a1e877\" d=\"M459 0H51C23 0 0 23 0 51v459l102-102h357c28.1 0 51-22.9 51-51V51C510 23 487.1 0 459 0zM178.5 229.5h-51v-51h51V229.5zM280.5 229.5h-51v-51h51V229.5zM382.5 229.5h-51v-51h51V229.5z\"\/><\/svg><\/span><\/a><\/li><\/ul><\/div>","protected":false},"excerpt":{"rendered":"<p>Februar 2026 Der noch 6j\u00e4hrige Timon musste seine ersten drei Wochen bei uns auf der Krankenstation verbringen, da er einen gr\u00f6\u00dferen Zahnarzttermin wahrnehmen und sich anschlie\u00dfend erholen musste. Jetzt sucht er erstmal Sicherheit im Schrank, l\u00e4sst sich jedoch mit ein bisschen Zureden und einer Streicheleinheit leicht hervorlocken. Der (etwas zu) &#8230;<\/p>\n","protected":false},"author":7,"featured_media":62981,"comment_status":"closed","ping_status":"open","sticky":false,"template":"","format":"standard","meta":{"ngg_post_thumbnail":0,"footnotes":""},"categories":[10],"tags":[],"class_list":["post-62987","post","type-post","status-publish","format-standard","has-post-thumbnail","hentry","category-vermittelt","column","threecol","has-thumbnail"],"yoast_head":"<!-- This site is optimized with the Yoast SEO plugin v24.6 - https:\/\/yoast.com\/wordpress\/plugins\/seo\/ -->\n<title>Timon ... schnurrt im Schrank - Vermittelt 21.02.2026 | TIERHEIM MOERS<\/title>\n<meta name=\"robots\" content=\"index, follow, max-snippet:-1, max-image-preview:large, max-video-preview:-1\" \/>\n<link rel=\"canonical\" href=\"https:\/\/tierheim-moers.de\/Wordpress\/timon-schnurrt-im-schrank\/\" \/>\n<meta property=\"og:locale\" content=\"de_DE\" \/>\n<meta property=\"og:type\" content=\"article\" \/>\n<meta property=\"og:title\" content=\"Timon ... schnurrt im Schrank - Vermittelt 21.02.2026 | TIERHEIM MOERS\" \/>\n<meta property=\"og:description\" content=\"Februar 2026 Der noch 6j\u00e4hrige Timon musste seine ersten drei Wochen bei uns auf der Krankenstation verbringen, da er einen gr\u00f6\u00dferen Zahnarzttermin &#8230;\" \/>\n<meta property=\"og:url\" content=\"https:\/\/tierheim-moers.de\/Wordpress\/timon-schnurrt-im-schrank\/\" \/>\n<meta property=\"og:site_name\" content=\"TIERHEIM MOERS\" \/>\n<meta property=\"article:publisher\" content=\"https:\/\/de-de.facebook.com\/moers.tierheim\" \/>\n<meta property=\"article:published_time\" content=\"2026-02-21T15:39:52+00:00\" \/>\n<meta property=\"article:modified_time\" content=\"2026-02-21T15:39:55+00:00\" \/>\n<meta property=\"og:image\" content=\"https:\/\/tierheim-moers.de\/Wordpress\/wp-content\/uploads\/2026\/02\/20260207_1314571-scaled.jpg\" \/>\n\t<meta property=\"og:image:width\" content=\"2560\" \/>\n\t<meta property=\"og:image:height\" content=\"1662\" \/>\n\t<meta property=\"og:image:type\" content=\"image\/jpeg\" \/>\n<meta name=\"author\" content=\"Kathrin Novotny\" \/>\n<meta name=\"twitter:card\" content=\"summary_large_image\" \/>\n<meta name=\"twitter:label1\" content=\"Verfasst von\" \/>\n\t<meta name=\"twitter:data1\" content=\"Kathrin Novotny\" \/>\n\t<meta name=\"twitter:label2\" content=\"Gesch\u00e4tzte Lesezeit\" \/>\n\t<meta name=\"twitter:data2\" content=\"2\u00a0Minuten\" \/>\n<script type=\"application\/ld+json\" class=\"yoast-schema-graph\">{\"@context\":\"https:\/\/schema.org\",\"@graph\":[{\"@type\":\"Article\",\"@id\":\"https:\/\/tierheim-moers.de\/Wordpress\/timon-schnurrt-im-schrank\/#article\",\"isPartOf\":{\"@id\":\"https:\/\/tierheim-moers.de\/Wordpress\/timon-schnurrt-im-schrank\/\"},\"author\":{\"name\":\"Kathrin Novotny\",\"@id\":\"https:\/\/tierheim-moers.de\/Wordpress\/#\/schema\/person\/167de77fdd5ff85153606cdd34a5ffbc\"},\"headline\":\"Timon &#8230; schnurrt im Schrank &#8211; Vermittelt 21.02.2026\",\"datePublished\":\"2026-02-21T15:39:52+00:00\",\"dateModified\":\"2026-02-21T15:39:55+00:00\",\"mainEntityOfPage\":{\"@id\":\"https:\/\/tierheim-moers.de\/Wordpress\/timon-schnurrt-im-schrank\/\"},\"wordCount\":193,\"publisher\":{\"@id\":\"https:\/\/tierheim-moers.de\/Wordpress\/#organization\"},\"image\":{\"@id\":\"https:\/\/tierheim-moers.de\/Wordpress\/timon-schnurrt-im-schrank\/#primaryimage\"},\"thumbnailUrl\":\"https:\/\/tierheim-moers.de\/Wordpress\/wp-content\/uploads\/2026\/02\/20260207_1314571-scaled.jpg\",\"articleSection\":[\"Vermittelt\"],\"inLanguage\":\"de\"},{\"@type\":\"WebPage\",\"@id\":\"https:\/\/tierheim-moers.de\/Wordpress\/timon-schnurrt-im-schrank\/\",\"url\":\"https:\/\/tierheim-moers.de\/Wordpress\/timon-schnurrt-im-schrank\/\",\"name\":\"Timon ... schnurrt im Schrank - Vermittelt 21.02.2026 | TIERHEIM MOERS\",\"isPartOf\":{\"@id\":\"https:\/\/tierheim-moers.de\/Wordpress\/#website\"},\"primaryImageOfPage\":{\"@id\":\"https:\/\/tierheim-moers.de\/Wordpress\/timon-schnurrt-im-schrank\/#primaryimage\"},\"image\":{\"@id\":\"https:\/\/tierheim-moers.de\/Wordpress\/timon-schnurrt-im-schrank\/#primaryimage\"},\"thumbnailUrl\":\"https:\/\/tierheim-moers.de\/Wordpress\/wp-content\/uploads\/2026\/02\/20260207_1314571-scaled.jpg\",\"datePublished\":\"2026-02-21T15:39:52+00:00\",\"dateModified\":\"2026-02-21T15:39:55+00:00\",\"breadcrumb\":{\"@id\":\"https:\/\/tierheim-moers.de\/Wordpress\/timon-schnurrt-im-schrank\/#breadcrumb\"},\"inLanguage\":\"de\",\"potentialAction\":[{\"@type\":\"ReadAction\",\"target\":[\"https:\/\/tierheim-moers.de\/Wordpress\/timon-schnurrt-im-schrank\/\"]}]},{\"@type\":\"ImageObject\",\"inLanguage\":\"de\",\"@id\":\"https:\/\/tierheim-moers.de\/Wordpress\/timon-schnurrt-im-schrank\/#primaryimage\",\"url\":\"https:\/\/tierheim-moers.de\/Wordpress\/wp-content\/uploads\/2026\/02\/20260207_1314571-scaled.jpg\",\"contentUrl\":\"https:\/\/tierheim-moers.de\/Wordpress\/wp-content\/uploads\/2026\/02\/20260207_1314571-scaled.jpg\",\"width\":2560,\"height\":1662},{\"@type\":\"BreadcrumbList\",\"@id\":\"https:\/\/tierheim-moers.de\/Wordpress\/timon-schnurrt-im-schrank\/#breadcrumb\",\"itemListElement\":[{\"@type\":\"ListItem\",\"position\":1,\"name\":\"Startseite\",\"item\":\"https:\/\/tierheim-moers.de\/Wordpress\/\"},{\"@type\":\"ListItem\",\"position\":2,\"name\":\"Timon &#8230; schnurrt im Schrank &#8211; Vermittelt 21.02.2026\"}]},{\"@type\":\"WebSite\",\"@id\":\"https:\/\/tierheim-moers.de\/Wordpress\/#website\",\"url\":\"https:\/\/tierheim-moers.de\/Wordpress\/\",\"name\":\"Tierheim Moers\",\"description\":\"Tierheim | Hundepension | Tierschutz | Moers\",\"publisher\":{\"@id\":\"https:\/\/tierheim-moers.de\/Wordpress\/#organization\"},\"potentialAction\":[{\"@type\":\"SearchAction\",\"target\":{\"@type\":\"EntryPoint\",\"urlTemplate\":\"https:\/\/tierheim-moers.de\/Wordpress\/?s={search_term_string}\"},\"query-input\":{\"@type\":\"PropertyValueSpecification\",\"valueRequired\":true,\"valueName\":\"search_term_string\"}}],\"inLanguage\":\"de\"},{\"@type\":\"Organization\",\"@id\":\"https:\/\/tierheim-moers.de\/Wordpress\/#organization\",\"name\":\"Tierheim Moers\",\"url\":\"https:\/\/tierheim-moers.de\/Wordpress\/\",\"logo\":{\"@type\":\"ImageObject\",\"inLanguage\":\"de\",\"@id\":\"https:\/\/tierheim-moers.de\/Wordpress\/#\/schema\/logo\/image\/\",\"url\":\"https:\/\/tierheim-moers.de\/Wordpress\/wp-content\/uploads\/2014\/04\/Logo-TSV-Moers-V01-RGB-300.png\",\"contentUrl\":\"https:\/\/tierheim-moers.de\/Wordpress\/wp-content\/uploads\/2014\/04\/Logo-TSV-Moers-V01-RGB-300.png\",\"width\":1052,\"height\":1038,\"caption\":\"Tierheim Moers\"},\"image\":{\"@id\":\"https:\/\/tierheim-moers.de\/Wordpress\/#\/schema\/logo\/image\/\"},\"sameAs\":[\"https:\/\/de-de.facebook.com\/moers.tierheim\"]},{\"@type\":\"Person\",\"@id\":\"https:\/\/tierheim-moers.de\/Wordpress\/#\/schema\/person\/167de77fdd5ff85153606cdd34a5ffbc\",\"name\":\"Kathrin Novotny\",\"image\":{\"@type\":\"ImageObject\",\"inLanguage\":\"de\",\"@id\":\"https:\/\/tierheim-moers.de\/Wordpress\/#\/schema\/person\/image\/\",\"url\":\"https:\/\/secure.gravatar.com\/avatar\/8dbd3a3cd58d0e299cb5bd95a6d53c79eebe36713eda62bbb3c41a749d06346f?s=96&d=mm&r=g\",\"contentUrl\":\"https:\/\/secure.gravatar.com\/avatar\/8dbd3a3cd58d0e299cb5bd95a6d53c79eebe36713eda62bbb3c41a749d06346f?s=96&d=mm&r=g\",\"caption\":\"Kathrin Novotny\"},\"url\":\"https:\/\/tierheim-moers.de\/Wordpress\/author\/kathrin\/\"}]}<\/script>\n<!-- \/ Yoast SEO plugin. -->","yoast_head_json":{"title":"Timon ... schnurrt im Schrank - Vermittelt 21.02.2026 | TIERHEIM MOERS","robots":{"index":"index","follow":"follow","max-snippet":"max-snippet:-1","max-image-preview":"max-image-preview:large","max-video-preview":"max-video-preview:-1"},"canonical":"https:\/\/tierheim-moers.de\/Wordpress\/timon-schnurrt-im-schrank\/","og_locale":"de_DE","og_type":"article","og_title":"Timon ... schnurrt im Schrank - Vermittelt 21.02.2026 | TIERHEIM MOERS","og_description":"Februar 2026 Der noch 6j\u00e4hrige Timon musste seine ersten drei Wochen bei uns auf der Krankenstation verbringen, da er einen gr\u00f6\u00dferen Zahnarzttermin &#8230;","og_url":"https:\/\/tierheim-moers.de\/Wordpress\/timon-schnurrt-im-schrank\/","og_site_name":"TIERHEIM MOERS","article_publisher":"https:\/\/de-de.facebook.com\/moers.tierheim","article_published_time":"2026-02-21T15:39:52+00:00","article_modified_time":"2026-02-21T15:39:55+00:00","og_image":[{"width":2560,"height":1662,"url":"https:\/\/tierheim-moers.de\/Wordpress\/wp-content\/uploads\/2026\/02\/20260207_1314571-scaled.jpg","type":"image\/jpeg"}],"author":"Kathrin Novotny","twitter_card":"summary_large_image","twitter_misc":{"Verfasst von":"Kathrin Novotny","Gesch\u00e4tzte Lesezeit":"2\u00a0Minuten"},"schema":{"@context":"https:\/\/schema.org","@graph":[{"@type":"Article","@id":"https:\/\/tierheim-moers.de\/Wordpress\/timon-schnurrt-im-schrank\/#article","isPartOf":{"@id":"https:\/\/tierheim-moers.de\/Wordpress\/timon-schnurrt-im-schrank\/"},"author":{"name":"Kathrin Novotny","@id":"https:\/\/tierheim-moers.de\/Wordpress\/#\/schema\/person\/167de77fdd5ff85153606cdd34a5ffbc"},"headline":"Timon &#8230; schnurrt im Schrank &#8211; Vermittelt 21.02.2026","datePublished":"2026-02-21T15:39:52+00:00","dateModified":"2026-02-21T15:39:55+00:00","mainEntityOfPage":{"@id":"https:\/\/tierheim-moers.de\/Wordpress\/timon-schnurrt-im-schrank\/"},"wordCount":193,"publisher":{"@id":"https:\/\/tierheim-moers.de\/Wordpress\/#organization"},"image":{"@id":"https:\/\/tierheim-moers.de\/Wordpress\/timon-schnurrt-im-schrank\/#primaryimage"},"thumbnailUrl":"https:\/\/tierheim-moers.de\/Wordpress\/wp-content\/uploads\/2026\/02\/20260207_1314571-scaled.jpg","articleSection":["Vermittelt"],"inLanguage":"de"},{"@type":"WebPage","@id":"https:\/\/tierheim-moers.de\/Wordpress\/timon-schnurrt-im-schrank\/","url":"https:\/\/tierheim-moers.de\/Wordpress\/timon-schnurrt-im-schrank\/","name":"Timon ... schnurrt im Schrank - Vermittelt 21.02.2026 | TIERHEIM MOERS","isPartOf":{"@id":"https:\/\/tierheim-moers.de\/Wordpress\/#website"},"primaryImageOfPage":{"@id":"https:\/\/tierheim-moers.de\/Wordpress\/timon-schnurrt-im-schrank\/#primaryimage"},"image":{"@id":"https:\/\/tierheim-moers.de\/Wordpress\/timon-schnurrt-im-schrank\/#primaryimage"},"thumbnailUrl":"https:\/\/tierheim-moers.de\/Wordpress\/wp-content\/uploads\/2026\/02\/20260207_1314571-scaled.jpg","datePublished":"2026-02-21T15:39:52+00:00","dateModified":"2026-02-21T15:39:55+00:00","breadcrumb":{"@id":"https:\/\/tierheim-moers.de\/Wordpress\/timon-schnurrt-im-schrank\/#breadcrumb"},"inLanguage":"de","potentialAction":[{"@type":"ReadAction","target":["https:\/\/tierheim-moers.de\/Wordpress\/timon-schnurrt-im-schrank\/"]}]},{"@type":"ImageObject","inLanguage":"de","@id":"https:\/\/tierheim-moers.de\/Wordpress\/timon-schnurrt-im-schrank\/#primaryimage","url":"https:\/\/tierheim-moers.de\/Wordpress\/wp-content\/uploads\/2026\/02\/20260207_1314571-scaled.jpg","contentUrl":"https:\/\/tierheim-moers.de\/Wordpress\/wp-content\/uploads\/2026\/02\/20260207_1314571-scaled.jpg","width":2560,"height":1662},{"@type":"BreadcrumbList","@id":"https:\/\/tierheim-moers.de\/Wordpress\/timon-schnurrt-im-schrank\/#breadcrumb","itemListElement":[{"@type":"ListItem","position":1,"name":"Startseite","item":"https:\/\/tierheim-moers.de\/Wordpress\/"},{"@type":"ListItem","position":2,"name":"Timon &#8230; schnurrt im Schrank &#8211; Vermittelt 21.02.2026"}]},{"@type":"WebSite","@id":"https:\/\/tierheim-moers.de\/Wordpress\/#website","url":"https:\/\/tierheim-moers.de\/Wordpress\/","name":"Tierheim Moers","description":"Tierheim | Hundepension | Tierschutz | Moers","publisher":{"@id":"https:\/\/tierheim-moers.de\/Wordpress\/#organization"},"potentialAction":[{"@type":"SearchAction","target":{"@type":"EntryPoint","urlTemplate":"https:\/\/tierheim-moers.de\/Wordpress\/?s={search_term_string}"},"query-input":{"@type":"PropertyValueSpecification","valueRequired":true,"valueName":"search_term_string"}}],"inLanguage":"de"},{"@type":"Organization","@id":"https:\/\/tierheim-moers.de\/Wordpress\/#organization","name":"Tierheim Moers","url":"https:\/\/tierheim-moers.de\/Wordpress\/","logo":{"@type":"ImageObject","inLanguage":"de","@id":"https:\/\/tierheim-moers.de\/Wordpress\/#\/schema\/logo\/image\/","url":"https:\/\/tierheim-moers.de\/Wordpress\/wp-content\/uploads\/2014\/04\/Logo-TSV-Moers-V01-RGB-300.png","contentUrl":"https:\/\/tierheim-moers.de\/Wordpress\/wp-content\/uploads\/2014\/04\/Logo-TSV-Moers-V01-RGB-300.png","width":1052,"height":1038,"caption":"Tierheim Moers"},"image":{"@id":"https:\/\/tierheim-moers.de\/Wordpress\/#\/schema\/logo\/image\/"},"sameAs":["https:\/\/de-de.facebook.com\/moers.tierheim"]},{"@type":"Person","@id":"https:\/\/tierheim-moers.de\/Wordpress\/#\/schema\/person\/167de77fdd5ff85153606cdd34a5ffbc","name":"Kathrin Novotny","image":{"@type":"ImageObject","inLanguage":"de","@id":"https:\/\/tierheim-moers.de\/Wordpress\/#\/schema\/person\/image\/","url":"https:\/\/secure.gravatar.com\/avatar\/8dbd3a3cd58d0e299cb5bd95a6d53c79eebe36713eda62bbb3c41a749d06346f?s=96&d=mm&r=g","contentUrl":"https:\/\/secure.gravatar.com\/avatar\/8dbd3a3cd58d0e299cb5bd95a6d53c79eebe36713eda62bbb3c41a749d06346f?s=96&d=mm&r=g","caption":"Kathrin Novotny"},"url":"https:\/\/tierheim-moers.de\/Wordpress\/author\/kathrin\/"}]}},"_links":{"self":[{"href":"https:\/\/tierheim-moers.de\/Wordpress\/wp-json\/wp\/v2\/posts\/62987","targetHints":{"allow":["GET"]}}],"collection":[{"href":"https:\/\/tierheim-moers.de\/Wordpress\/wp-json\/wp\/v2\/posts"}],"about":[{"href":"https:\/\/tierheim-moers.de\/Wordpress\/wp-json\/wp\/v2\/types\/post"}],"author":[{"embeddable":true,"href":"https:\/\/tierheim-moers.de\/Wordpress\/wp-json\/wp\/v2\/users\/7"}],"replies":[{"embeddable":true,"href":"https:\/\/tierheim-moers.de\/Wordpress\/wp-json\/wp\/v2\/comments?post=62987"}],"version-history":[{"count":2,"href":"https:\/\/tierheim-moers.de\/Wordpress\/wp-json\/wp\/v2\/posts\/62987\/revisions"}],"predecessor-version":[{"id":63117,"href":"https:\/\/tierheim-moers.de\/Wordpress\/wp-json\/wp\/v2\/posts\/62987\/revisions\/63117"}],"wp:featuredmedia":[{"embeddable":true,"href":"https:\/\/tierheim-moers.de\/Wordpress\/wp-json\/wp\/v2\/media\/62981"}],"wp:attachment":[{"href":"https:\/\/tierheim-moers.de\/Wordpress\/wp-json\/wp\/v2\/media?parent=62987"}],"wp:term":[{"taxonomy":"category","embeddable":true,"href":"https:\/\/tierheim-moers.de\/Wordpress\/wp-json\/wp\/v2\/categories?post=62987"},{"taxonomy":"post_tag","embeddable":true,"href":"https:\/\/tierheim-moers.de\/Wordpress\/wp-json\/wp\/v2\/tags?post=62987"}],"curies":[{"name":"wp","href":"https:\/\/api.w.org\/{rel}","templated":true}]}}