{"id":65033,"date":"2026-08-21T18:09:24","date_gmt":"2026-08-21T16:09:24","guid":{"rendered":"https:\/\/tierheim-moers.de\/Wordpress\/?p=65033"},"modified":"2026-08-21T18:09:27","modified_gmt":"2026-08-21T16:09:27","slug":"oli-einstein-vom-himmel-geschickt","status":"publish","type":"post","link":"https:\/\/tierheim-moers.de\/Wordpress\/oli-einstein-vom-himmel-geschickt\/","title":{"rendered":"Oli (Einstein) &#8230; vom Himmel geschickt"},"content":{"rendered":"\n<div style=\"height:100px\" aria-hidden=\"true\" class=\"wp-block-spacer\"><\/div>\n\n\n\n<p class=\"wp-block-paragraph\"><strong>August 2026<\/strong><\/p>\n\n\n\n<p class=\"wp-block-paragraph\">Liebes Pflegeteam, ich bin\u00b4s:&nbsp; Oli Einstein,<\/p>\n\n\n\n<p class=\"wp-block-paragraph\">ich habe mich nach einer guten Woche in meinem F\u00fcr-Immer-Zuhause eingelebt. Meine Leute behaupten, dass ich eine Inkarnation aus allen Katzen sei, die jemals ihr Heim geteilt haben. Kater Leo h\u00e4tte mich geschickt und das mit seinen Kumpels ausgeheckt mit einem Auftrag von ganz oben. Leo ist am 15.7.26 \u00fcber die Regenbogenbr\u00fccke gewandert zu seinem Buddy Max.<\/p>\n\n\n\n<p class=\"wp-block-paragraph\">Zuerst wollten die neuen Dosen\u00f6ffner kein Tier mehr, wegen der Trauer, aber dann konnte Leo sie doch mit dem Katzentestament \u00fcberzeugen.<\/p>\n\n\n\n<p class=\"wp-block-paragraph\">Jetzt komme ich langsam zur Ruhe, hab\u00b4 viel Schlaf nachzuholen, weil ich in den ersten Tagen meinen Leuten auf Schritt und Tritt gefolgt bin. Auf dem Balkon sitzen wir auch \u00f6fter zusammen, aber mein Lieblingsplatz ist die K\u00fcche. Ich habe einen gesegneten Appetit.<\/p>\n\n\n\n<p class=\"wp-block-paragraph\">F\u00fcr etwas Aufregung habe ich allerdings auch schon gesorgt, als ich mich am Brett hochgezogen habe, das zum Schutz auf dem Herd liegt. Polternd ist es zu Boden gekracht, aber ich habe mir nichts getan. Jetzt ist es gleich zweifach abgesichert.<\/p>\n\n\n\n<p class=\"wp-block-paragraph\">Meinen Menschen ist nicht entgangen, dass ich taub bin, sie sagen, dass diese Tatsache auch Vorteile mit sich bringt. Wenn es z.B. Silvester laut wird, br\u00e4uchte ich mich nicht zu f\u00fcrchten. Von Natur aus bin ich eh nicht der \u00e4ngstliche Typ. Ich bin auch f\u00fcr Besucher offen.<\/p>\n\n\n\n<p class=\"wp-block-paragraph\">Meist schlafe ich noch auf dem Boden, zeige mich von der besten Seite, aber das Bett ist auch sch\u00f6n weich. Daran kann ich mich gew\u00f6hnen. Rainer und Claudia sind ehrlich gesagt ganz verz\u00fcckt, wenn ich mich dort r\u00e4kele.<\/p>\n\n\n\n<p class=\"wp-block-paragraph\">Die neuen Dosen\u00f6ffner sind ganz ok, aber ich m\u00f6chte nicht vers\u00e4umen, mich ganz herzlich f\u00fcr die \u201eKurzzeitpflege\u201c &nbsp;und Rundumbetreuung bei euch im Heim zu bedanken, f\u00fcr die liebevolle F\u00fcrsorge meiner Pfleger und Beschmuser. Ihr habt mir die Wartezeit angenehm gestaltet und verk\u00fcrzt. Jetzt bin ich angekommen! Vielen lieben Dank. Wir sehen uns bei der Nachsorge!<\/p>\n\n\n\n<p class=\"wp-block-paragraph\">Euer Einstein, jetzt Oli Einstein Mit Rainer und Claudia<\/p>\n\n\n\n<p class=\"wp-block-paragraph\"><\/p>\n\n\n\n<figure class=\"wp-block-gallery has-nested-images columns-default is-cropped wp-block-gallery-1 is-layout-flex wp-block-gallery-is-layout-flex\">\n<figure class=\"wp-block-image size-large\"><a href=\"https:\/\/tierheim-moers.de\/Wordpress\/wp-content\/uploads\/2026\/08\/Einstein.jpeg\"><img fetchpriority=\"high\" decoding=\"async\" width=\"621\" height=\"1024\" data-id=\"65031\" src=\"https:\/\/tierheim-moers.de\/Wordpress\/wp-content\/uploads\/2026\/08\/Einstein-621x1024.jpeg\" alt=\"\" class=\"wp-image-65031\"\/><\/a><\/figure>\n\n\n\n<figure class=\"wp-block-image size-large\"><a href=\"https:\/\/tierheim-moers.de\/Wordpress\/wp-content\/uploads\/2026\/08\/Einstein2.jpeg\"><img decoding=\"async\" width=\"492\" height=\"654\" data-id=\"65032\" src=\"https:\/\/tierheim-moers.de\/Wordpress\/wp-content\/uploads\/2026\/08\/Einstein2.jpeg\" alt=\"\" class=\"wp-image-65032\" srcset=\"https:\/\/tierheim-moers.de\/Wordpress\/wp-content\/uploads\/2026\/08\/Einstein2.jpeg 492w, https:\/\/tierheim-moers.de\/Wordpress\/wp-content\/uploads\/2026\/08\/Einstein2-226x300.jpeg 226w\" sizes=\"(max-width: 492px) 100vw, 492px\" \/><\/a><\/figure>\n<\/figure>\n<div class=\"shariff shariff-align-flex-start shariff-widget-align-center\" data-url=\"https%3A%2F%2Ftierheim-moers.de%2FWordpress%2Foli-einstein-vom-himmel-geschickt%2F\" data-timestamp=\"1787335767\" data-hidezero=\"1\" data-backendurl=\"https:\/\/tierheim-moers.de\/Wordpress\/wp-json\/shariff\/v1\/share_counts?\"><ul class=\"shariff-buttons theme-round orientation-horizontal buttonsize-small\"><li class=\"shariff-button facebook shariff-nocustomcolor\" style=\"background-color:#4273c8\"><a href=\"https:\/\/www.facebook.com\/sharer\/sharer.php?u=https%3A%2F%2Ftierheim-moers.de%2FWordpress%2Foli-einstein-vom-himmel-geschickt%2F\" title=\"Bei Facebook teilen\" aria-label=\"Bei Facebook teilen\" role=\"button\" rel=\"nofollow\" class=\"shariff-link\" style=\"; background-color:#3b5998; color:#fff\" target=\"_blank\"><span class=\"shariff-icon\" style=\"\"><svg width=\"32px\" height=\"20px\" xmlns=\"http:\/\/www.w3.org\/2000\/svg\" viewBox=\"0 0 18 32\"><path fill=\"#3b5998\" d=\"M17.1 0.2v4.7h-2.8q-1.5 0-2.1 0.6t-0.5 1.9v3.4h5.2l-0.7 5.3h-4.5v13.6h-5.5v-13.6h-4.5v-5.3h4.5v-3.9q0-3.3 1.9-5.2t5-1.8q2.6 0 4.1 0.2z\"\/><\/svg><\/span><\/a><\/li><li class=\"shariff-button twitter shariff-nocustomcolor\" style=\"background-color:#595959\"><a href=\"https:\/\/twitter.com\/share?url=https%3A%2F%2Ftierheim-moers.de%2FWordpress%2Foli-einstein-vom-himmel-geschickt%2F&text=Oli%20%28Einstein%29%20%E2%80%A6%20vom%20Himmel%20geschickt\" title=\"Bei X teilen\" aria-label=\"Bei X teilen\" role=\"button\" rel=\"noopener nofollow\" class=\"shariff-link\" style=\"; background-color:#000; color:#fff\" target=\"_blank\"><span class=\"shariff-icon\" style=\"\"><svg width=\"32px\" height=\"20px\" xmlns=\"http:\/\/www.w3.org\/2000\/svg\" viewBox=\"0 0 24 24\"><path fill=\"#000\" d=\"M14.258 10.152L23.176 0h-2.113l-7.747 8.813L7.133 0H0l9.352 13.328L0 23.973h2.113l8.176-9.309 6.531 9.309h7.133zm-2.895 3.293l-.949-1.328L2.875 1.56h3.246l6.086 8.523.945 1.328 7.91 11.078h-3.246zm0 0\"\/><\/svg><\/span><\/a><\/li><li class=\"shariff-button whatsapp shariff-nocustomcolor\" style=\"background-color:#5cbe4a\"><a href=\"https:\/\/api.whatsapp.com\/send?text=https%3A%2F%2Ftierheim-moers.de%2FWordpress%2Foli-einstein-vom-himmel-geschickt%2F%20Oli%20%28Einstein%29%20%E2%80%A6%20vom%20Himmel%20geschickt\" title=\"Bei Whatsapp teilen\" aria-label=\"Bei Whatsapp teilen\" role=\"button\" rel=\"noopener nofollow\" class=\"shariff-link\" style=\"; background-color:#34af23; color:#fff\" target=\"_blank\"><span class=\"shariff-icon\" style=\"\"><svg width=\"32px\" height=\"20px\" xmlns=\"http:\/\/www.w3.org\/2000\/svg\" viewBox=\"0 0 32 32\"><path fill=\"#34af23\" d=\"M17.6 17.4q0.2 0 1.7 0.8t1.6 0.9q0 0.1 0 0.3 0 0.6-0.3 1.4-0.3 0.7-1.3 1.2t-1.8 0.5q-1 0-3.4-1.1-1.7-0.8-3-2.1t-2.6-3.3q-1.3-1.9-1.3-3.5v-0.1q0.1-1.6 1.3-2.8 0.4-0.4 0.9-0.4 0.1 0 0.3 0t0.3 0q0.3 0 0.5 0.1t0.3 0.5q0.1 0.4 0.6 1.6t0.4 1.3q0 0.4-0.6 1t-0.6 0.8q0 0.1 0.1 0.3 0.6 1.3 1.8 2.4 1 0.9 2.7 1.8 0.2 0.1 0.4 0.1 0.3 0 1-0.9t0.9-0.9zM14 26.9q2.3 0 4.3-0.9t3.6-2.4 2.4-3.6 0.9-4.3-0.9-4.3-2.4-3.6-3.6-2.4-4.3-0.9-4.3 0.9-3.6 2.4-2.4 3.6-0.9 4.3q0 3.6 2.1 6.6l-1.4 4.2 4.3-1.4q2.8 1.9 6.2 1.9zM14 2.2q2.7 0 5.2 1.1t4.3 2.9 2.9 4.3 1.1 5.2-1.1 5.2-2.9 4.3-4.3 2.9-5.2 1.1q-3.5 0-6.5-1.7l-7.4 2.4 2.4-7.2q-1.9-3.2-1.9-6.9 0-2.7 1.1-5.2t2.9-4.3 4.3-2.9 5.2-1.1z\"\/><\/svg><\/span><\/a><\/li><li class=\"shariff-button sms shariff-nocustomcolor shariff-mobile\" style=\"background-color:#d7d9d8\"><a href=\"sms:?&body=https%3A%2F%2Ftierheim-moers.de%2FWordpress%2Foli-einstein-vom-himmel-geschickt%2F\" title=\"Per SMS teilen\" aria-label=\"Per SMS teilen\" role=\"button\" rel=\"noopener nofollow\" class=\"shariff-link\" style=\"; background-color:#a1e877; color:#fff\" target=\"_blank\"><span class=\"shariff-icon\" style=\"\"><svg xmlns=\"http:\/\/www.w3.org\/2000\/svg\" width=\"510\" height=\"510\" viewBox=\"0 0 510 510\"><path fill=\"#a1e877\" d=\"M459 0H51C23 0 0 23 0 51v459l102-102h357c28.1 0 51-22.9 51-51V51C510 23 487.1 0 459 0zM178.5 229.5h-51v-51h51V229.5zM280.5 229.5h-51v-51h51V229.5zM382.5 229.5h-51v-51h51V229.5z\"\/><\/svg><\/span><\/a><\/li><\/ul><\/div>","protected":false},"excerpt":{"rendered":"<p>August 2026 Liebes Pflegeteam, ich bin\u00b4s:&nbsp; Oli Einstein, ich habe mich nach einer guten Woche in meinem F\u00fcr-Immer-Zuhause eingelebt. Meine Leute behaupten, dass ich eine Inkarnation aus allen Katzen sei, die jemals ihr Heim geteilt haben. Kater Leo h\u00e4tte mich geschickt und das mit seinen Kumpels ausgeheckt mit einem Auftrag &#8230;<\/p>\n","protected":false},"author":7,"featured_media":65031,"comment_status":"closed","ping_status":"open","sticky":false,"template":"","format":"standard","meta":{"ngg_post_thumbnail":0,"footnotes":""},"categories":[32],"tags":[],"class_list":["post-65033","post","type-post","status-publish","format-standard","has-post-thumbnail","hentry","category-erfolgsgeschichten","column","threecol","has-thumbnail"],"yoast_head":"<!-- This site is optimized with the Yoast SEO plugin v24.6 - https:\/\/yoast.com\/wordpress\/plugins\/seo\/ -->\n<title>Oli (Einstein) ... vom Himmel geschickt | TIERHEIM MOERS<\/title>\n<meta name=\"robots\" content=\"index, follow, max-snippet:-1, max-image-preview:large, max-video-preview:-1\" \/>\n<link rel=\"canonical\" href=\"https:\/\/tierheim-moers.de\/Wordpress\/oli-einstein-vom-himmel-geschickt\/\" \/>\n<meta property=\"og:locale\" content=\"de_DE\" \/>\n<meta property=\"og:type\" content=\"article\" \/>\n<meta property=\"og:title\" content=\"Oli (Einstein) ... vom Himmel geschickt | TIERHEIM MOERS\" \/>\n<meta property=\"og:description\" content=\"August 2026 Liebes Pflegeteam, ich bin\u00b4s:&nbsp; Oli Einstein, ich habe mich nach einer guten Woche in meinem F\u00fcr-Immer-Zuhause eingelebt. Meine Leute behaupten, &#8230;\" \/>\n<meta property=\"og:url\" content=\"https:\/\/tierheim-moers.de\/Wordpress\/oli-einstein-vom-himmel-geschickt\/\" \/>\n<meta property=\"og:site_name\" content=\"TIERHEIM MOERS\" \/>\n<meta property=\"article:publisher\" content=\"https:\/\/de-de.facebook.com\/moers.tierheim\" \/>\n<meta property=\"article:published_time\" content=\"2026-08-21T16:09:24+00:00\" \/>\n<meta property=\"article:modified_time\" content=\"2026-08-21T16:09:27+00:00\" \/>\n<meta property=\"og:image\" content=\"https:\/\/tierheim-moers.de\/Wordpress\/wp-content\/uploads\/2026\/08\/Einstein-e1787328551490.jpeg\" \/>\n\t<meta property=\"og:image:width\" content=\"883\" \/>\n\t<meta property=\"og:image:height\" content=\"628\" \/>\n\t<meta property=\"og:image:type\" content=\"image\/jpeg\" \/>\n<meta name=\"author\" content=\"Kathrin Novotny\" \/>\n<meta name=\"twitter:card\" content=\"summary_large_image\" \/>\n<meta name=\"twitter:label1\" content=\"Verfasst von\" \/>\n\t<meta name=\"twitter:data1\" content=\"Kathrin Novotny\" \/>\n\t<meta name=\"twitter:label2\" content=\"Gesch\u00e4tzte Lesezeit\" \/>\n\t<meta name=\"twitter:data2\" content=\"3\u00a0Minuten\" \/>\n<script type=\"application\/ld+json\" class=\"yoast-schema-graph\">{\"@context\":\"https:\/\/schema.org\",\"@graph\":[{\"@type\":\"Article\",\"@id\":\"https:\/\/tierheim-moers.de\/Wordpress\/oli-einstein-vom-himmel-geschickt\/#article\",\"isPartOf\":{\"@id\":\"https:\/\/tierheim-moers.de\/Wordpress\/oli-einstein-vom-himmel-geschickt\/\"},\"author\":{\"name\":\"Kathrin Novotny\",\"@id\":\"https:\/\/tierheim-moers.de\/Wordpress\/#\/schema\/person\/167de77fdd5ff85153606cdd34a5ffbc\"},\"headline\":\"Oli (Einstein) &#8230; vom Himmel geschickt\",\"datePublished\":\"2026-08-21T16:09:24+00:00\",\"dateModified\":\"2026-08-21T16:09:27+00:00\",\"mainEntityOfPage\":{\"@id\":\"https:\/\/tierheim-moers.de\/Wordpress\/oli-einstein-vom-himmel-geschickt\/\"},\"wordCount\":346,\"publisher\":{\"@id\":\"https:\/\/tierheim-moers.de\/Wordpress\/#organization\"},\"image\":{\"@id\":\"https:\/\/tierheim-moers.de\/Wordpress\/oli-einstein-vom-himmel-geschickt\/#primaryimage\"},\"thumbnailUrl\":\"https:\/\/tierheim-moers.de\/Wordpress\/wp-content\/uploads\/2026\/08\/Einstein-e1787328551490.jpeg\",\"articleSection\":[\"Erfolgsgeschichten\"],\"inLanguage\":\"de\"},{\"@type\":\"WebPage\",\"@id\":\"https:\/\/tierheim-moers.de\/Wordpress\/oli-einstein-vom-himmel-geschickt\/\",\"url\":\"https:\/\/tierheim-moers.de\/Wordpress\/oli-einstein-vom-himmel-geschickt\/\",\"name\":\"Oli (Einstein) ... vom Himmel geschickt | TIERHEIM MOERS\",\"isPartOf\":{\"@id\":\"https:\/\/tierheim-moers.de\/Wordpress\/#website\"},\"primaryImageOfPage\":{\"@id\":\"https:\/\/tierheim-moers.de\/Wordpress\/oli-einstein-vom-himmel-geschickt\/#primaryimage\"},\"image\":{\"@id\":\"https:\/\/tierheim-moers.de\/Wordpress\/oli-einstein-vom-himmel-geschickt\/#primaryimage\"},\"thumbnailUrl\":\"https:\/\/tierheim-moers.de\/Wordpress\/wp-content\/uploads\/2026\/08\/Einstein-e1787328551490.jpeg\",\"datePublished\":\"2026-08-21T16:09:24+00:00\",\"dateModified\":\"2026-08-21T16:09:27+00:00\",\"breadcrumb\":{\"@id\":\"https:\/\/tierheim-moers.de\/Wordpress\/oli-einstein-vom-himmel-geschickt\/#breadcrumb\"},\"inLanguage\":\"de\",\"potentialAction\":[{\"@type\":\"ReadAction\",\"target\":[\"https:\/\/tierheim-moers.de\/Wordpress\/oli-einstein-vom-himmel-geschickt\/\"]}]},{\"@type\":\"ImageObject\",\"inLanguage\":\"de\",\"@id\":\"https:\/\/tierheim-moers.de\/Wordpress\/oli-einstein-vom-himmel-geschickt\/#primaryimage\",\"url\":\"https:\/\/tierheim-moers.de\/Wordpress\/wp-content\/uploads\/2026\/08\/Einstein-e1787328551490.jpeg\",\"contentUrl\":\"https:\/\/tierheim-moers.de\/Wordpress\/wp-content\/uploads\/2026\/08\/Einstein-e1787328551490.jpeg\",\"width\":883,\"height\":628},{\"@type\":\"BreadcrumbList\",\"@id\":\"https:\/\/tierheim-moers.de\/Wordpress\/oli-einstein-vom-himmel-geschickt\/#breadcrumb\",\"itemListElement\":[{\"@type\":\"ListItem\",\"position\":1,\"name\":\"Startseite\",\"item\":\"https:\/\/tierheim-moers.de\/Wordpress\/\"},{\"@type\":\"ListItem\",\"position\":2,\"name\":\"Oli (Einstein) &#8230; vom Himmel geschickt\"}]},{\"@type\":\"WebSite\",\"@id\":\"https:\/\/tierheim-moers.de\/Wordpress\/#website\",\"url\":\"https:\/\/tierheim-moers.de\/Wordpress\/\",\"name\":\"Tierheim Moers\",\"description\":\"Tierheim | Hundepension | Tierschutz | Moers\",\"publisher\":{\"@id\":\"https:\/\/tierheim-moers.de\/Wordpress\/#organization\"},\"potentialAction\":[{\"@type\":\"SearchAction\",\"target\":{\"@type\":\"EntryPoint\",\"urlTemplate\":\"https:\/\/tierheim-moers.de\/Wordpress\/?s={search_term_string}\"},\"query-input\":{\"@type\":\"PropertyValueSpecification\",\"valueRequired\":true,\"valueName\":\"search_term_string\"}}],\"inLanguage\":\"de\"},{\"@type\":\"Organization\",\"@id\":\"https:\/\/tierheim-moers.de\/Wordpress\/#organization\",\"name\":\"Tierheim Moers\",\"url\":\"https:\/\/tierheim-moers.de\/Wordpress\/\",\"logo\":{\"@type\":\"ImageObject\",\"inLanguage\":\"de\",\"@id\":\"https:\/\/tierheim-moers.de\/Wordpress\/#\/schema\/logo\/image\/\",\"url\":\"https:\/\/tierheim-moers.de\/Wordpress\/wp-content\/uploads\/2014\/04\/Logo-TSV-Moers-V01-RGB-300.png\",\"contentUrl\":\"https:\/\/tierheim-moers.de\/Wordpress\/wp-content\/uploads\/2014\/04\/Logo-TSV-Moers-V01-RGB-300.png\",\"width\":1052,\"height\":1038,\"caption\":\"Tierheim Moers\"},\"image\":{\"@id\":\"https:\/\/tierheim-moers.de\/Wordpress\/#\/schema\/logo\/image\/\"},\"sameAs\":[\"https:\/\/de-de.facebook.com\/moers.tierheim\"]},{\"@type\":\"Person\",\"@id\":\"https:\/\/tierheim-moers.de\/Wordpress\/#\/schema\/person\/167de77fdd5ff85153606cdd34a5ffbc\",\"name\":\"Kathrin Novotny\",\"image\":{\"@type\":\"ImageObject\",\"inLanguage\":\"de\",\"@id\":\"https:\/\/tierheim-moers.de\/Wordpress\/#\/schema\/person\/image\/\",\"url\":\"https:\/\/secure.gravatar.com\/avatar\/8dbd3a3cd58d0e299cb5bd95a6d53c79eebe36713eda62bbb3c41a749d06346f?s=96&d=mm&r=g\",\"contentUrl\":\"https:\/\/secure.gravatar.com\/avatar\/8dbd3a3cd58d0e299cb5bd95a6d53c79eebe36713eda62bbb3c41a749d06346f?s=96&d=mm&r=g\",\"caption\":\"Kathrin Novotny\"},\"url\":\"https:\/\/tierheim-moers.de\/Wordpress\/author\/kathrin\/\"}]}<\/script>\n<!-- \/ Yoast SEO plugin. -->","yoast_head_json":{"title":"Oli (Einstein) ... vom Himmel geschickt | TIERHEIM MOERS","robots":{"index":"index","follow":"follow","max-snippet":"max-snippet:-1","max-image-preview":"max-image-preview:large","max-video-preview":"max-video-preview:-1"},"canonical":"https:\/\/tierheim-moers.de\/Wordpress\/oli-einstein-vom-himmel-geschickt\/","og_locale":"de_DE","og_type":"article","og_title":"Oli (Einstein) ... vom Himmel geschickt | TIERHEIM MOERS","og_description":"August 2026 Liebes Pflegeteam, ich bin\u00b4s:&nbsp; Oli Einstein, ich habe mich nach einer guten Woche in meinem F\u00fcr-Immer-Zuhause eingelebt. Meine Leute behaupten, &#8230;","og_url":"https:\/\/tierheim-moers.de\/Wordpress\/oli-einstein-vom-himmel-geschickt\/","og_site_name":"TIERHEIM MOERS","article_publisher":"https:\/\/de-de.facebook.com\/moers.tierheim","article_published_time":"2026-08-21T16:09:24+00:00","article_modified_time":"2026-08-21T16:09:27+00:00","og_image":[{"width":883,"height":628,"url":"https:\/\/tierheim-moers.de\/Wordpress\/wp-content\/uploads\/2026\/08\/Einstein-e1787328551490.jpeg","type":"image\/jpeg"}],"author":"Kathrin Novotny","twitter_card":"summary_large_image","twitter_misc":{"Verfasst von":"Kathrin Novotny","Gesch\u00e4tzte Lesezeit":"3\u00a0Minuten"},"schema":{"@context":"https:\/\/schema.org","@graph":[{"@type":"Article","@id":"https:\/\/tierheim-moers.de\/Wordpress\/oli-einstein-vom-himmel-geschickt\/#article","isPartOf":{"@id":"https:\/\/tierheim-moers.de\/Wordpress\/oli-einstein-vom-himmel-geschickt\/"},"author":{"name":"Kathrin Novotny","@id":"https:\/\/tierheim-moers.de\/Wordpress\/#\/schema\/person\/167de77fdd5ff85153606cdd34a5ffbc"},"headline":"Oli (Einstein) &#8230; vom Himmel geschickt","datePublished":"2026-08-21T16:09:24+00:00","dateModified":"2026-08-21T16:09:27+00:00","mainEntityOfPage":{"@id":"https:\/\/tierheim-moers.de\/Wordpress\/oli-einstein-vom-himmel-geschickt\/"},"wordCount":346,"publisher":{"@id":"https:\/\/tierheim-moers.de\/Wordpress\/#organization"},"image":{"@id":"https:\/\/tierheim-moers.de\/Wordpress\/oli-einstein-vom-himmel-geschickt\/#primaryimage"},"thumbnailUrl":"https:\/\/tierheim-moers.de\/Wordpress\/wp-content\/uploads\/2026\/08\/Einstein-e1787328551490.jpeg","articleSection":["Erfolgsgeschichten"],"inLanguage":"de"},{"@type":"WebPage","@id":"https:\/\/tierheim-moers.de\/Wordpress\/oli-einstein-vom-himmel-geschickt\/","url":"https:\/\/tierheim-moers.de\/Wordpress\/oli-einstein-vom-himmel-geschickt\/","name":"Oli (Einstein) ... vom Himmel geschickt | TIERHEIM MOERS","isPartOf":{"@id":"https:\/\/tierheim-moers.de\/Wordpress\/#website"},"primaryImageOfPage":{"@id":"https:\/\/tierheim-moers.de\/Wordpress\/oli-einstein-vom-himmel-geschickt\/#primaryimage"},"image":{"@id":"https:\/\/tierheim-moers.de\/Wordpress\/oli-einstein-vom-himmel-geschickt\/#primaryimage"},"thumbnailUrl":"https:\/\/tierheim-moers.de\/Wordpress\/wp-content\/uploads\/2026\/08\/Einstein-e1787328551490.jpeg","datePublished":"2026-08-21T16:09:24+00:00","dateModified":"2026-08-21T16:09:27+00:00","breadcrumb":{"@id":"https:\/\/tierheim-moers.de\/Wordpress\/oli-einstein-vom-himmel-geschickt\/#breadcrumb"},"inLanguage":"de","potentialAction":[{"@type":"ReadAction","target":["https:\/\/tierheim-moers.de\/Wordpress\/oli-einstein-vom-himmel-geschickt\/"]}]},{"@type":"ImageObject","inLanguage":"de","@id":"https:\/\/tierheim-moers.de\/Wordpress\/oli-einstein-vom-himmel-geschickt\/#primaryimage","url":"https:\/\/tierheim-moers.de\/Wordpress\/wp-content\/uploads\/2026\/08\/Einstein-e1787328551490.jpeg","contentUrl":"https:\/\/tierheim-moers.de\/Wordpress\/wp-content\/uploads\/2026\/08\/Einstein-e1787328551490.jpeg","width":883,"height":628},{"@type":"BreadcrumbList","@id":"https:\/\/tierheim-moers.de\/Wordpress\/oli-einstein-vom-himmel-geschickt\/#breadcrumb","itemListElement":[{"@type":"ListItem","position":1,"name":"Startseite","item":"https:\/\/tierheim-moers.de\/Wordpress\/"},{"@type":"ListItem","position":2,"name":"Oli (Einstein) &#8230; vom Himmel geschickt"}]},{"@type":"WebSite","@id":"https:\/\/tierheim-moers.de\/Wordpress\/#website","url":"https:\/\/tierheim-moers.de\/Wordpress\/","name":"Tierheim Moers","description":"Tierheim | Hundepension | Tierschutz | Moers","publisher":{"@id":"https:\/\/tierheim-moers.de\/Wordpress\/#organization"},"potentialAction":[{"@type":"SearchAction","target":{"@type":"EntryPoint","urlTemplate":"https:\/\/tierheim-moers.de\/Wordpress\/?s={search_term_string}"},"query-input":{"@type":"PropertyValueSpecification","valueRequired":true,"valueName":"search_term_string"}}],"inLanguage":"de"},{"@type":"Organization","@id":"https:\/\/tierheim-moers.de\/Wordpress\/#organization","name":"Tierheim Moers","url":"https:\/\/tierheim-moers.de\/Wordpress\/","logo":{"@type":"ImageObject","inLanguage":"de","@id":"https:\/\/tierheim-moers.de\/Wordpress\/#\/schema\/logo\/image\/","url":"https:\/\/tierheim-moers.de\/Wordpress\/wp-content\/uploads\/2014\/04\/Logo-TSV-Moers-V01-RGB-300.png","contentUrl":"https:\/\/tierheim-moers.de\/Wordpress\/wp-content\/uploads\/2014\/04\/Logo-TSV-Moers-V01-RGB-300.png","width":1052,"height":1038,"caption":"Tierheim Moers"},"image":{"@id":"https:\/\/tierheim-moers.de\/Wordpress\/#\/schema\/logo\/image\/"},"sameAs":["https:\/\/de-de.facebook.com\/moers.tierheim"]},{"@type":"Person","@id":"https:\/\/tierheim-moers.de\/Wordpress\/#\/schema\/person\/167de77fdd5ff85153606cdd34a5ffbc","name":"Kathrin Novotny","image":{"@type":"ImageObject","inLanguage":"de","@id":"https:\/\/tierheim-moers.de\/Wordpress\/#\/schema\/person\/image\/","url":"https:\/\/secure.gravatar.com\/avatar\/8dbd3a3cd58d0e299cb5bd95a6d53c79eebe36713eda62bbb3c41a749d06346f?s=96&d=mm&r=g","contentUrl":"https:\/\/secure.gravatar.com\/avatar\/8dbd3a3cd58d0e299cb5bd95a6d53c79eebe36713eda62bbb3c41a749d06346f?s=96&d=mm&r=g","caption":"Kathrin Novotny"},"url":"https:\/\/tierheim-moers.de\/Wordpress\/author\/kathrin\/"}]}},"_links":{"self":[{"href":"https:\/\/tierheim-moers.de\/Wordpress\/wp-json\/wp\/v2\/posts\/65033","targetHints":{"allow":["GET"]}}],"collection":[{"href":"https:\/\/tierheim-moers.de\/Wordpress\/wp-json\/wp\/v2\/posts"}],"about":[{"href":"https:\/\/tierheim-moers.de\/Wordpress\/wp-json\/wp\/v2\/types\/post"}],"author":[{"embeddable":true,"href":"https:\/\/tierheim-moers.de\/Wordpress\/wp-json\/wp\/v2\/users\/7"}],"replies":[{"embeddable":true,"href":"https:\/\/tierheim-moers.de\/Wordpress\/wp-json\/wp\/v2\/comments?post=65033"}],"version-history":[{"count":1,"href":"https:\/\/tierheim-moers.de\/Wordpress\/wp-json\/wp\/v2\/posts\/65033\/revisions"}],"predecessor-version":[{"id":65034,"href":"https:\/\/tierheim-moers.de\/Wordpress\/wp-json\/wp\/v2\/posts\/65033\/revisions\/65034"}],"wp:featuredmedia":[{"embeddable":true,"href":"https:\/\/tierheim-moers.de\/Wordpress\/wp-json\/wp\/v2\/media\/65031"}],"wp:attachment":[{"href":"https:\/\/tierheim-moers.de\/Wordpress\/wp-json\/wp\/v2\/media?parent=65033"}],"wp:term":[{"taxonomy":"category","embeddable":true,"href":"https:\/\/tierheim-moers.de\/Wordpress\/wp-json\/wp\/v2\/categories?post=65033"},{"taxonomy":"post_tag","embeddable":true,"href":"https:\/\/tierheim-moers.de\/Wordpress\/wp-json\/wp\/v2\/tags?post=65033"}],"curies":[{"name":"wp","href":"https:\/\/api.w.org\/{rel}","templated":true}]}}