{"id":6833,"date":"2015-05-04T11:07:32","date_gmt":"2015-05-04T09:07:32","guid":{"rendered":"http:\/\/tierheim-moers.de\/Wordpress\/?p=6833"},"modified":"2015-05-04T11:07:32","modified_gmt":"2015-05-04T09:07:32","slug":"mietzi-und-manni-im-neuen-zuhause","status":"publish","type":"post","link":"https:\/\/tierheim-moers.de\/Wordpress\/mietzi-und-manni-im-neuen-zuhause\/","title":{"rendered":"Mietzi und Manni im neuen Zuhause"},"content":{"rendered":"<figure id=\"attachment_6828\" aria-describedby=\"caption-attachment-6828\" style=\"width: 225px\" class=\"wp-caption alignnone\"><a href=\"http:\/\/tierheim-moers.de\/Wordpress\/wp-content\/uploads\/2014\/04\/image-11-04-15-17_28-9.jpeg\"><img fetchpriority=\"high\" decoding=\"async\" class=\"size-medium wp-image-6828\" alt=\"Mietzi\" src=\"http:\/\/tierheim-moers.de\/Wordpress\/wp-content\/uploads\/2014\/04\/image-11-04-15-17_28-9-225x300.jpeg\" width=\"225\" height=\"300\" srcset=\"https:\/\/tierheim-moers.de\/Wordpress\/wp-content\/uploads\/2014\/04\/image-11-04-15-17_28-9-225x300.jpeg 225w, https:\/\/tierheim-moers.de\/Wordpress\/wp-content\/uploads\/2014\/04\/image-11-04-15-17_28-9-700x933.jpeg 700w, https:\/\/tierheim-moers.de\/Wordpress\/wp-content\/uploads\/2014\/04\/image-11-04-15-17_28-9.jpeg 720w\" sizes=\"(max-width: 225px) 100vw, 225px\" \/><\/a><figcaption id=\"caption-attachment-6828\" class=\"wp-caption-text\">Mietzi<\/figcaption><\/figure>\n<p>Hallo zusammen,<\/p>\n<div>Unsere neuen Dosen\u00f6ffner m\u00f6chten Euch auf diesem Weg kurz mitteilen das wir uns mittlerweile sehr gut eingelebt und unser neues Revier voll in Beschlag genommen haben.<\/div>\n<div>Schmusen,Spielen,Fressen und Schlafen und jede Menge Liebe bekommen wir von den beiden.<\/div>\n<div>Gern k\u00f6nnt Ihr uns auch mal besuchen kommen um unsere Spiel- und Schmusewiese anzuschauen, dass m\u00fcsst ihr aber mit unseren neuen Menschen ausmachen \ud83d\ude09 .<\/div>\n<div><\/div>\n<div><\/div>\n<div><\/div>\n<div>Wir danken Ihnen nochmals f\u00fcr die problemlose Vermittlung und \u00dcbergabe.<\/div>\n<div>Die beiden sind wirklich tolle Tiere und passen super zu uns.<\/div>\n<div>Ein paar Bilder sind im Anhang, welche Sie gern weiter verwenden k\u00f6nnen.<\/div>\n<div><\/div>\n<div>Liebe Gr\u00fc\u00dfe und viele weitere gl\u00fcckliche neue Tierbesitzer w\u00fcnschen<\/div>\n<div>M.H., S.K. und nat\u00fcrlich Mietzi und Manni<\/div>\n<figure id=\"attachment_6827\" aria-describedby=\"caption-attachment-6827\" style=\"width: 225px\" class=\"wp-caption alignnone\"><a href=\"http:\/\/tierheim-moers.de\/Wordpress\/wp-content\/uploads\/2014\/04\/image-11-04-15-17_28-8.jpeg\"><img decoding=\"async\" class=\"size-medium wp-image-6827\" alt=\"Manni\" src=\"http:\/\/tierheim-moers.de\/Wordpress\/wp-content\/uploads\/2014\/04\/image-11-04-15-17_28-8-225x300.jpeg\" width=\"225\" height=\"300\" srcset=\"https:\/\/tierheim-moers.de\/Wordpress\/wp-content\/uploads\/2014\/04\/image-11-04-15-17_28-8-225x300.jpeg 225w, https:\/\/tierheim-moers.de\/Wordpress\/wp-content\/uploads\/2014\/04\/image-11-04-15-17_28-8-700x933.jpeg 700w, https:\/\/tierheim-moers.de\/Wordpress\/wp-content\/uploads\/2014\/04\/image-11-04-15-17_28-8.jpeg 720w\" sizes=\"(max-width: 225px) 100vw, 225px\" \/><\/a><figcaption id=\"caption-attachment-6827\" class=\"wp-caption-text\">Manni<\/figcaption><\/figure>\n<figure id=\"attachment_6826\" aria-describedby=\"caption-attachment-6826\" style=\"width: 225px\" class=\"wp-caption alignnone\"><a href=\"http:\/\/tierheim-moers.de\/Wordpress\/wp-content\/uploads\/2014\/04\/image-11-04-15-17_28-7.jpeg\"><img decoding=\"async\" class=\"size-medium wp-image-6826\" alt=\"Mietzi\" src=\"http:\/\/tierheim-moers.de\/Wordpress\/wp-content\/uploads\/2014\/04\/image-11-04-15-17_28-7-225x300.jpeg\" width=\"225\" height=\"300\" srcset=\"https:\/\/tierheim-moers.de\/Wordpress\/wp-content\/uploads\/2014\/04\/image-11-04-15-17_28-7-225x300.jpeg 225w, https:\/\/tierheim-moers.de\/Wordpress\/wp-content\/uploads\/2014\/04\/image-11-04-15-17_28-7-700x933.jpeg 700w, https:\/\/tierheim-moers.de\/Wordpress\/wp-content\/uploads\/2014\/04\/image-11-04-15-17_28-7.jpeg 720w\" sizes=\"(max-width: 225px) 100vw, 225px\" \/><\/a><figcaption id=\"caption-attachment-6826\" class=\"wp-caption-text\">Mietzi<\/figcaption><\/figure>\n<figure id=\"attachment_6825\" aria-describedby=\"caption-attachment-6825\" style=\"width: 225px\" class=\"wp-caption alignnone\"><a href=\"http:\/\/tierheim-moers.de\/Wordpress\/wp-content\/uploads\/2014\/04\/image-11-04-15-17_28-6.jpeg\"><img loading=\"lazy\" decoding=\"async\" class=\"size-medium wp-image-6825\" alt=\"Mietzi\" src=\"http:\/\/tierheim-moers.de\/Wordpress\/wp-content\/uploads\/2014\/04\/image-11-04-15-17_28-6-225x300.jpeg\" width=\"225\" height=\"300\" srcset=\"https:\/\/tierheim-moers.de\/Wordpress\/wp-content\/uploads\/2014\/04\/image-11-04-15-17_28-6-225x300.jpeg 225w, https:\/\/tierheim-moers.de\/Wordpress\/wp-content\/uploads\/2014\/04\/image-11-04-15-17_28-6-700x933.jpeg 700w, https:\/\/tierheim-moers.de\/Wordpress\/wp-content\/uploads\/2014\/04\/image-11-04-15-17_28-6.jpeg 720w\" sizes=\"(max-width: 225px) 100vw, 225px\" \/><\/a><figcaption id=\"caption-attachment-6825\" class=\"wp-caption-text\">Mietzi<\/figcaption><\/figure>\n<figure id=\"attachment_6824\" aria-describedby=\"caption-attachment-6824\" style=\"width: 225px\" class=\"wp-caption alignnone\"><a href=\"http:\/\/tierheim-moers.de\/Wordpress\/wp-content\/uploads\/2014\/04\/image-11-04-15-17_28-5.jpeg\"><img loading=\"lazy\" decoding=\"async\" class=\"size-medium wp-image-6824\" alt=\"Manni\" src=\"http:\/\/tierheim-moers.de\/Wordpress\/wp-content\/uploads\/2014\/04\/image-11-04-15-17_28-5-225x300.jpeg\" width=\"225\" height=\"300\" srcset=\"https:\/\/tierheim-moers.de\/Wordpress\/wp-content\/uploads\/2014\/04\/image-11-04-15-17_28-5-225x300.jpeg 225w, https:\/\/tierheim-moers.de\/Wordpress\/wp-content\/uploads\/2014\/04\/image-11-04-15-17_28-5-700x933.jpeg 700w, https:\/\/tierheim-moers.de\/Wordpress\/wp-content\/uploads\/2014\/04\/image-11-04-15-17_28-5.jpeg 720w\" sizes=\"(max-width: 225px) 100vw, 225px\" \/><\/a><figcaption id=\"caption-attachment-6824\" class=\"wp-caption-text\">Manni<\/figcaption><\/figure>\n<figure id=\"attachment_6823\" aria-describedby=\"caption-attachment-6823\" style=\"width: 300px\" class=\"wp-caption alignnone\"><a href=\"http:\/\/tierheim-moers.de\/Wordpress\/wp-content\/uploads\/2014\/04\/image-11-04-15-17_28-4.jpeg\"><img loading=\"lazy\" decoding=\"async\" class=\"size-medium wp-image-6823\" alt=\"Mietzi\" src=\"http:\/\/tierheim-moers.de\/Wordpress\/wp-content\/uploads\/2014\/04\/image-11-04-15-17_28-4-300x225.jpeg\" width=\"300\" height=\"225\" srcset=\"https:\/\/tierheim-moers.de\/Wordpress\/wp-content\/uploads\/2014\/04\/image-11-04-15-17_28-4-300x225.jpeg 300w, https:\/\/tierheim-moers.de\/Wordpress\/wp-content\/uploads\/2014\/04\/image-11-04-15-17_28-4-700x525.jpeg 700w, https:\/\/tierheim-moers.de\/Wordpress\/wp-content\/uploads\/2014\/04\/image-11-04-15-17_28-4.jpeg 960w\" sizes=\"(max-width: 300px) 100vw, 300px\" \/><\/a><figcaption id=\"caption-attachment-6823\" class=\"wp-caption-text\">Mietzi<\/figcaption><\/figure>\n<figure id=\"attachment_6822\" aria-describedby=\"caption-attachment-6822\" style=\"width: 225px\" class=\"wp-caption alignnone\"><a href=\"http:\/\/tierheim-moers.de\/Wordpress\/wp-content\/uploads\/2014\/04\/image-11-04-15-17_28-3.jpeg\"><img loading=\"lazy\" decoding=\"async\" class=\"size-medium wp-image-6822\" alt=\"Mietzi\" src=\"http:\/\/tierheim-moers.de\/Wordpress\/wp-content\/uploads\/2014\/04\/image-11-04-15-17_28-3-225x300.jpeg\" width=\"225\" height=\"300\" srcset=\"https:\/\/tierheim-moers.de\/Wordpress\/wp-content\/uploads\/2014\/04\/image-11-04-15-17_28-3-225x300.jpeg 225w, https:\/\/tierheim-moers.de\/Wordpress\/wp-content\/uploads\/2014\/04\/image-11-04-15-17_28-3-700x933.jpeg 700w, https:\/\/tierheim-moers.de\/Wordpress\/wp-content\/uploads\/2014\/04\/image-11-04-15-17_28-3.jpeg 720w\" sizes=\"(max-width: 225px) 100vw, 225px\" \/><\/a><figcaption id=\"caption-attachment-6822\" class=\"wp-caption-text\">Mietzi<\/figcaption><\/figure>\n<figure id=\"attachment_6821\" aria-describedby=\"caption-attachment-6821\" style=\"width: 225px\" class=\"wp-caption alignnone\"><a href=\"http:\/\/tierheim-moers.de\/Wordpress\/wp-content\/uploads\/2014\/04\/image-11-04-15-17_28-2.jpeg\"><img loading=\"lazy\" decoding=\"async\" class=\"size-medium wp-image-6821\" alt=\"Mietzi &amp; Manni\" src=\"http:\/\/tierheim-moers.de\/Wordpress\/wp-content\/uploads\/2014\/04\/image-11-04-15-17_28-2-225x300.jpeg\" width=\"225\" height=\"300\" srcset=\"https:\/\/tierheim-moers.de\/Wordpress\/wp-content\/uploads\/2014\/04\/image-11-04-15-17_28-2-225x300.jpeg 225w, https:\/\/tierheim-moers.de\/Wordpress\/wp-content\/uploads\/2014\/04\/image-11-04-15-17_28-2-700x933.jpeg 700w, https:\/\/tierheim-moers.de\/Wordpress\/wp-content\/uploads\/2014\/04\/image-11-04-15-17_28-2.jpeg 720w\" sizes=\"(max-width: 225px) 100vw, 225px\" \/><\/a><figcaption id=\"caption-attachment-6821\" class=\"wp-caption-text\">Mietzi &amp; Manni<\/figcaption><\/figure>\n<div class=\"shariff shariff-align-flex-start shariff-widget-align-center\" data-url=\"https%3A%2F%2Ftierheim-moers.de%2FWordpress%2Fmietzi-und-manni-im-neuen-zuhause%2F\" data-timestamp=\"1430737652\" data-hidezero=\"1\" data-backendurl=\"https:\/\/tierheim-moers.de\/Wordpress\/wp-json\/shariff\/v1\/share_counts?\"><ul class=\"shariff-buttons theme-round orientation-horizontal buttonsize-small\"><li class=\"shariff-button facebook shariff-nocustomcolor\" style=\"background-color:#4273c8\"><a href=\"https:\/\/www.facebook.com\/sharer\/sharer.php?u=https%3A%2F%2Ftierheim-moers.de%2FWordpress%2Fmietzi-und-manni-im-neuen-zuhause%2F\" title=\"Bei Facebook teilen\" aria-label=\"Bei Facebook teilen\" role=\"button\" rel=\"nofollow\" class=\"shariff-link\" style=\"; background-color:#3b5998; color:#fff\" target=\"_blank\"><span class=\"shariff-icon\" style=\"\"><svg width=\"32px\" height=\"20px\" xmlns=\"http:\/\/www.w3.org\/2000\/svg\" viewBox=\"0 0 18 32\"><path fill=\"#3b5998\" d=\"M17.1 0.2v4.7h-2.8q-1.5 0-2.1 0.6t-0.5 1.9v3.4h5.2l-0.7 5.3h-4.5v13.6h-5.5v-13.6h-4.5v-5.3h4.5v-3.9q0-3.3 1.9-5.2t5-1.8q2.6 0 4.1 0.2z\"\/><\/svg><\/span><\/a><\/li><li class=\"shariff-button twitter shariff-nocustomcolor\" style=\"background-color:#595959\"><a href=\"https:\/\/twitter.com\/share?url=https%3A%2F%2Ftierheim-moers.de%2FWordpress%2Fmietzi-und-manni-im-neuen-zuhause%2F&text=Mietzi%20und%20Manni%20im%20neuen%20Zuhause\" title=\"Bei X teilen\" aria-label=\"Bei X teilen\" role=\"button\" rel=\"noopener nofollow\" class=\"shariff-link\" style=\"; background-color:#000; color:#fff\" target=\"_blank\"><span class=\"shariff-icon\" style=\"\"><svg width=\"32px\" height=\"20px\" xmlns=\"http:\/\/www.w3.org\/2000\/svg\" viewBox=\"0 0 24 24\"><path fill=\"#000\" d=\"M14.258 10.152L23.176 0h-2.113l-7.747 8.813L7.133 0H0l9.352 13.328L0 23.973h2.113l8.176-9.309 6.531 9.309h7.133zm-2.895 3.293l-.949-1.328L2.875 1.56h3.246l6.086 8.523.945 1.328 7.91 11.078h-3.246zm0 0\"\/><\/svg><\/span><\/a><\/li><li class=\"shariff-button whatsapp shariff-nocustomcolor\" style=\"background-color:#5cbe4a\"><a href=\"https:\/\/api.whatsapp.com\/send?text=https%3A%2F%2Ftierheim-moers.de%2FWordpress%2Fmietzi-und-manni-im-neuen-zuhause%2F%20Mietzi%20und%20Manni%20im%20neuen%20Zuhause\" title=\"Bei Whatsapp teilen\" aria-label=\"Bei Whatsapp teilen\" role=\"button\" rel=\"noopener nofollow\" class=\"shariff-link\" style=\"; background-color:#34af23; color:#fff\" target=\"_blank\"><span class=\"shariff-icon\" style=\"\"><svg width=\"32px\" height=\"20px\" xmlns=\"http:\/\/www.w3.org\/2000\/svg\" viewBox=\"0 0 32 32\"><path fill=\"#34af23\" d=\"M17.6 17.4q0.2 0 1.7 0.8t1.6 0.9q0 0.1 0 0.3 0 0.6-0.3 1.4-0.3 0.7-1.3 1.2t-1.8 0.5q-1 0-3.4-1.1-1.7-0.8-3-2.1t-2.6-3.3q-1.3-1.9-1.3-3.5v-0.1q0.1-1.6 1.3-2.8 0.4-0.4 0.9-0.4 0.1 0 0.3 0t0.3 0q0.3 0 0.5 0.1t0.3 0.5q0.1 0.4 0.6 1.6t0.4 1.3q0 0.4-0.6 1t-0.6 0.8q0 0.1 0.1 0.3 0.6 1.3 1.8 2.4 1 0.9 2.7 1.8 0.2 0.1 0.4 0.1 0.3 0 1-0.9t0.9-0.9zM14 26.9q2.3 0 4.3-0.9t3.6-2.4 2.4-3.6 0.9-4.3-0.9-4.3-2.4-3.6-3.6-2.4-4.3-0.9-4.3 0.9-3.6 2.4-2.4 3.6-0.9 4.3q0 3.6 2.1 6.6l-1.4 4.2 4.3-1.4q2.8 1.9 6.2 1.9zM14 2.2q2.7 0 5.2 1.1t4.3 2.9 2.9 4.3 1.1 5.2-1.1 5.2-2.9 4.3-4.3 2.9-5.2 1.1q-3.5 0-6.5-1.7l-7.4 2.4 2.4-7.2q-1.9-3.2-1.9-6.9 0-2.7 1.1-5.2t2.9-4.3 4.3-2.9 5.2-1.1z\"\/><\/svg><\/span><\/a><\/li><li class=\"shariff-button sms shariff-nocustomcolor shariff-mobile\" style=\"background-color:#d7d9d8\"><a href=\"sms:?&body=https%3A%2F%2Ftierheim-moers.de%2FWordpress%2Fmietzi-und-manni-im-neuen-zuhause%2F\" title=\"Per SMS teilen\" aria-label=\"Per SMS teilen\" role=\"button\" rel=\"noopener nofollow\" class=\"shariff-link\" style=\"; background-color:#a1e877; color:#fff\" target=\"_blank\"><span class=\"shariff-icon\" style=\"\"><svg xmlns=\"http:\/\/www.w3.org\/2000\/svg\" width=\"510\" height=\"510\" viewBox=\"0 0 510 510\"><path fill=\"#a1e877\" d=\"M459 0H51C23 0 0 23 0 51v459l102-102h357c28.1 0 51-22.9 51-51V51C510 23 487.1 0 459 0zM178.5 229.5h-51v-51h51V229.5zM280.5 229.5h-51v-51h51V229.5zM382.5 229.5h-51v-51h51V229.5z\"\/><\/svg><\/span><\/a><\/li><\/ul><\/div>","protected":false},"excerpt":{"rendered":"<p>Hallo zusammen, Unsere neuen Dosen\u00f6ffner m\u00f6chten Euch auf diesem Weg kurz mitteilen das wir uns mittlerweile sehr gut eingelebt und unser neues Revier voll in Beschlag genommen haben. Schmusen,Spielen,Fressen und Schlafen und jede Menge Liebe bekommen wir von den beiden. Gern k\u00f6nnt Ihr uns auch mal besuchen kommen um unsere &#8230;<\/p>\n","protected":false},"author":4,"featured_media":6820,"comment_status":"closed","ping_status":"open","sticky":false,"template":"","format":"standard","meta":{"ngg_post_thumbnail":0,"footnotes":""},"categories":[32],"tags":[],"class_list":["post-6833","post","type-post","status-publish","format-standard","has-post-thumbnail","hentry","category-erfolgsgeschichten","column","threecol","has-thumbnail"],"yoast_head":"<!-- This site is optimized with the Yoast SEO plugin v24.6 - https:\/\/yoast.com\/wordpress\/plugins\/seo\/ -->\n<title>Mietzi und Manni im neuen Zuhause | TIERHEIM MOERS<\/title>\n<meta name=\"robots\" content=\"index, follow, max-snippet:-1, max-image-preview:large, max-video-preview:-1\" \/>\n<link rel=\"canonical\" href=\"https:\/\/tierheim-moers.de\/Wordpress\/mietzi-und-manni-im-neuen-zuhause\/\" \/>\n<meta property=\"og:locale\" content=\"de_DE\" \/>\n<meta property=\"og:type\" content=\"article\" \/>\n<meta property=\"og:title\" content=\"Mietzi und Manni im neuen Zuhause | TIERHEIM MOERS\" \/>\n<meta property=\"og:description\" content=\"Hallo zusammen, Unsere neuen Dosen\u00f6ffner m\u00f6chten Euch auf diesem Weg kurz mitteilen das wir uns mittlerweile sehr gut eingelebt und unser neues &#8230;\" \/>\n<meta property=\"og:url\" content=\"https:\/\/tierheim-moers.de\/Wordpress\/mietzi-und-manni-im-neuen-zuhause\/\" \/>\n<meta property=\"og:site_name\" content=\"TIERHEIM MOERS\" \/>\n<meta property=\"article:publisher\" content=\"https:\/\/de-de.facebook.com\/moers.tierheim\" \/>\n<meta property=\"article:published_time\" content=\"2015-05-04T09:07:32+00:00\" \/>\n<meta property=\"og:image\" content=\"https:\/\/tierheim-moers.de\/Wordpress\/wp-content\/uploads\/2014\/04\/image-11-04-15-17_28-1.jpeg\" \/>\n\t<meta property=\"og:image:width\" content=\"720\" \/>\n\t<meta property=\"og:image:height\" content=\"960\" \/>\n\t<meta property=\"og:image:type\" content=\"image\/jpeg\" \/>\n<meta name=\"author\" content=\"Gisela Kuhnen\" \/>\n<meta name=\"twitter:card\" content=\"summary_large_image\" \/>\n<meta name=\"twitter:label1\" content=\"Verfasst von\" \/>\n\t<meta name=\"twitter:data1\" content=\"Gisela Kuhnen\" \/>\n\t<meta name=\"twitter:label2\" content=\"Gesch\u00e4tzte Lesezeit\" \/>\n\t<meta name=\"twitter:data2\" content=\"1\u00a0Minute\" \/>\n<script type=\"application\/ld+json\" class=\"yoast-schema-graph\">{\"@context\":\"https:\/\/schema.org\",\"@graph\":[{\"@type\":\"Article\",\"@id\":\"https:\/\/tierheim-moers.de\/Wordpress\/mietzi-und-manni-im-neuen-zuhause\/#article\",\"isPartOf\":{\"@id\":\"https:\/\/tierheim-moers.de\/Wordpress\/mietzi-und-manni-im-neuen-zuhause\/\"},\"author\":{\"name\":\"Gisela Kuhnen\",\"@id\":\"https:\/\/tierheim-moers.de\/Wordpress\/#\/schema\/person\/35ad410ed2d8620d4f57f813585b0d8e\"},\"headline\":\"Mietzi und Manni im neuen Zuhause\",\"datePublished\":\"2015-05-04T09:07:32+00:00\",\"mainEntityOfPage\":{\"@id\":\"https:\/\/tierheim-moers.de\/Wordpress\/mietzi-und-manni-im-neuen-zuhause\/\"},\"wordCount\":198,\"publisher\":{\"@id\":\"https:\/\/tierheim-moers.de\/Wordpress\/#organization\"},\"image\":{\"@id\":\"https:\/\/tierheim-moers.de\/Wordpress\/mietzi-und-manni-im-neuen-zuhause\/#primaryimage\"},\"thumbnailUrl\":\"https:\/\/tierheim-moers.de\/Wordpress\/wp-content\/uploads\/2014\/04\/image-11-04-15-17_28-1.jpeg\",\"articleSection\":[\"Erfolgsgeschichten\"],\"inLanguage\":\"de\"},{\"@type\":\"WebPage\",\"@id\":\"https:\/\/tierheim-moers.de\/Wordpress\/mietzi-und-manni-im-neuen-zuhause\/\",\"url\":\"https:\/\/tierheim-moers.de\/Wordpress\/mietzi-und-manni-im-neuen-zuhause\/\",\"name\":\"Mietzi und Manni im neuen Zuhause | TIERHEIM MOERS\",\"isPartOf\":{\"@id\":\"https:\/\/tierheim-moers.de\/Wordpress\/#website\"},\"primaryImageOfPage\":{\"@id\":\"https:\/\/tierheim-moers.de\/Wordpress\/mietzi-und-manni-im-neuen-zuhause\/#primaryimage\"},\"image\":{\"@id\":\"https:\/\/tierheim-moers.de\/Wordpress\/mietzi-und-manni-im-neuen-zuhause\/#primaryimage\"},\"thumbnailUrl\":\"https:\/\/tierheim-moers.de\/Wordpress\/wp-content\/uploads\/2014\/04\/image-11-04-15-17_28-1.jpeg\",\"datePublished\":\"2015-05-04T09:07:32+00:00\",\"breadcrumb\":{\"@id\":\"https:\/\/tierheim-moers.de\/Wordpress\/mietzi-und-manni-im-neuen-zuhause\/#breadcrumb\"},\"inLanguage\":\"de\",\"potentialAction\":[{\"@type\":\"ReadAction\",\"target\":[\"https:\/\/tierheim-moers.de\/Wordpress\/mietzi-und-manni-im-neuen-zuhause\/\"]}]},{\"@type\":\"ImageObject\",\"inLanguage\":\"de\",\"@id\":\"https:\/\/tierheim-moers.de\/Wordpress\/mietzi-und-manni-im-neuen-zuhause\/#primaryimage\",\"url\":\"https:\/\/tierheim-moers.de\/Wordpress\/wp-content\/uploads\/2014\/04\/image-11-04-15-17_28-1.jpeg\",\"contentUrl\":\"https:\/\/tierheim-moers.de\/Wordpress\/wp-content\/uploads\/2014\/04\/image-11-04-15-17_28-1.jpeg\",\"width\":720,\"height\":960,\"caption\":\"Mietzi & Manni\"},{\"@type\":\"BreadcrumbList\",\"@id\":\"https:\/\/tierheim-moers.de\/Wordpress\/mietzi-und-manni-im-neuen-zuhause\/#breadcrumb\",\"itemListElement\":[{\"@type\":\"ListItem\",\"position\":1,\"name\":\"Startseite\",\"item\":\"https:\/\/tierheim-moers.de\/Wordpress\/\"},{\"@type\":\"ListItem\",\"position\":2,\"name\":\"Mietzi und Manni im neuen Zuhause\"}]},{\"@type\":\"WebSite\",\"@id\":\"https:\/\/tierheim-moers.de\/Wordpress\/#website\",\"url\":\"https:\/\/tierheim-moers.de\/Wordpress\/\",\"name\":\"Tierheim Moers\",\"description\":\"Tierheim | Hundepension | Tierschutz | Moers\",\"publisher\":{\"@id\":\"https:\/\/tierheim-moers.de\/Wordpress\/#organization\"},\"potentialAction\":[{\"@type\":\"SearchAction\",\"target\":{\"@type\":\"EntryPoint\",\"urlTemplate\":\"https:\/\/tierheim-moers.de\/Wordpress\/?s={search_term_string}\"},\"query-input\":{\"@type\":\"PropertyValueSpecification\",\"valueRequired\":true,\"valueName\":\"search_term_string\"}}],\"inLanguage\":\"de\"},{\"@type\":\"Organization\",\"@id\":\"https:\/\/tierheim-moers.de\/Wordpress\/#organization\",\"name\":\"Tierheim Moers\",\"url\":\"https:\/\/tierheim-moers.de\/Wordpress\/\",\"logo\":{\"@type\":\"ImageObject\",\"inLanguage\":\"de\",\"@id\":\"https:\/\/tierheim-moers.de\/Wordpress\/#\/schema\/logo\/image\/\",\"url\":\"https:\/\/tierheim-moers.de\/Wordpress\/wp-content\/uploads\/2014\/04\/Logo-TSV-Moers-V01-RGB-300.png\",\"contentUrl\":\"https:\/\/tierheim-moers.de\/Wordpress\/wp-content\/uploads\/2014\/04\/Logo-TSV-Moers-V01-RGB-300.png\",\"width\":1052,\"height\":1038,\"caption\":\"Tierheim Moers\"},\"image\":{\"@id\":\"https:\/\/tierheim-moers.de\/Wordpress\/#\/schema\/logo\/image\/\"},\"sameAs\":[\"https:\/\/de-de.facebook.com\/moers.tierheim\"]},{\"@type\":\"Person\",\"@id\":\"https:\/\/tierheim-moers.de\/Wordpress\/#\/schema\/person\/35ad410ed2d8620d4f57f813585b0d8e\",\"name\":\"Gisela Kuhnen\",\"image\":{\"@type\":\"ImageObject\",\"inLanguage\":\"de\",\"@id\":\"https:\/\/tierheim-moers.de\/Wordpress\/#\/schema\/person\/image\/\",\"url\":\"https:\/\/secure.gravatar.com\/avatar\/807ca84b4538291e2f5dc665ed240a0d4d7ab8f22360ec427a82fe926980b31a?s=96&d=mm&r=g\",\"contentUrl\":\"https:\/\/secure.gravatar.com\/avatar\/807ca84b4538291e2f5dc665ed240a0d4d7ab8f22360ec427a82fe926980b31a?s=96&d=mm&r=g\",\"caption\":\"Gisela Kuhnen\"},\"url\":\"https:\/\/tierheim-moers.de\/Wordpress\/author\/gisela-kuhnen\/\"}]}<\/script>\n<!-- \/ Yoast SEO plugin. -->","yoast_head_json":{"title":"Mietzi und Manni im neuen Zuhause | TIERHEIM MOERS","robots":{"index":"index","follow":"follow","max-snippet":"max-snippet:-1","max-image-preview":"max-image-preview:large","max-video-preview":"max-video-preview:-1"},"canonical":"https:\/\/tierheim-moers.de\/Wordpress\/mietzi-und-manni-im-neuen-zuhause\/","og_locale":"de_DE","og_type":"article","og_title":"Mietzi und Manni im neuen Zuhause | TIERHEIM MOERS","og_description":"Hallo zusammen, Unsere neuen Dosen\u00f6ffner m\u00f6chten Euch auf diesem Weg kurz mitteilen das wir uns mittlerweile sehr gut eingelebt und unser neues &#8230;","og_url":"https:\/\/tierheim-moers.de\/Wordpress\/mietzi-und-manni-im-neuen-zuhause\/","og_site_name":"TIERHEIM MOERS","article_publisher":"https:\/\/de-de.facebook.com\/moers.tierheim","article_published_time":"2015-05-04T09:07:32+00:00","og_image":[{"width":720,"height":960,"url":"https:\/\/tierheim-moers.de\/Wordpress\/wp-content\/uploads\/2014\/04\/image-11-04-15-17_28-1.jpeg","type":"image\/jpeg"}],"author":"Gisela Kuhnen","twitter_card":"summary_large_image","twitter_misc":{"Verfasst von":"Gisela Kuhnen","Gesch\u00e4tzte Lesezeit":"1\u00a0Minute"},"schema":{"@context":"https:\/\/schema.org","@graph":[{"@type":"Article","@id":"https:\/\/tierheim-moers.de\/Wordpress\/mietzi-und-manni-im-neuen-zuhause\/#article","isPartOf":{"@id":"https:\/\/tierheim-moers.de\/Wordpress\/mietzi-und-manni-im-neuen-zuhause\/"},"author":{"name":"Gisela Kuhnen","@id":"https:\/\/tierheim-moers.de\/Wordpress\/#\/schema\/person\/35ad410ed2d8620d4f57f813585b0d8e"},"headline":"Mietzi und Manni im neuen Zuhause","datePublished":"2015-05-04T09:07:32+00:00","mainEntityOfPage":{"@id":"https:\/\/tierheim-moers.de\/Wordpress\/mietzi-und-manni-im-neuen-zuhause\/"},"wordCount":198,"publisher":{"@id":"https:\/\/tierheim-moers.de\/Wordpress\/#organization"},"image":{"@id":"https:\/\/tierheim-moers.de\/Wordpress\/mietzi-und-manni-im-neuen-zuhause\/#primaryimage"},"thumbnailUrl":"https:\/\/tierheim-moers.de\/Wordpress\/wp-content\/uploads\/2014\/04\/image-11-04-15-17_28-1.jpeg","articleSection":["Erfolgsgeschichten"],"inLanguage":"de"},{"@type":"WebPage","@id":"https:\/\/tierheim-moers.de\/Wordpress\/mietzi-und-manni-im-neuen-zuhause\/","url":"https:\/\/tierheim-moers.de\/Wordpress\/mietzi-und-manni-im-neuen-zuhause\/","name":"Mietzi und Manni im neuen Zuhause | TIERHEIM MOERS","isPartOf":{"@id":"https:\/\/tierheim-moers.de\/Wordpress\/#website"},"primaryImageOfPage":{"@id":"https:\/\/tierheim-moers.de\/Wordpress\/mietzi-und-manni-im-neuen-zuhause\/#primaryimage"},"image":{"@id":"https:\/\/tierheim-moers.de\/Wordpress\/mietzi-und-manni-im-neuen-zuhause\/#primaryimage"},"thumbnailUrl":"https:\/\/tierheim-moers.de\/Wordpress\/wp-content\/uploads\/2014\/04\/image-11-04-15-17_28-1.jpeg","datePublished":"2015-05-04T09:07:32+00:00","breadcrumb":{"@id":"https:\/\/tierheim-moers.de\/Wordpress\/mietzi-und-manni-im-neuen-zuhause\/#breadcrumb"},"inLanguage":"de","potentialAction":[{"@type":"ReadAction","target":["https:\/\/tierheim-moers.de\/Wordpress\/mietzi-und-manni-im-neuen-zuhause\/"]}]},{"@type":"ImageObject","inLanguage":"de","@id":"https:\/\/tierheim-moers.de\/Wordpress\/mietzi-und-manni-im-neuen-zuhause\/#primaryimage","url":"https:\/\/tierheim-moers.de\/Wordpress\/wp-content\/uploads\/2014\/04\/image-11-04-15-17_28-1.jpeg","contentUrl":"https:\/\/tierheim-moers.de\/Wordpress\/wp-content\/uploads\/2014\/04\/image-11-04-15-17_28-1.jpeg","width":720,"height":960,"caption":"Mietzi & Manni"},{"@type":"BreadcrumbList","@id":"https:\/\/tierheim-moers.de\/Wordpress\/mietzi-und-manni-im-neuen-zuhause\/#breadcrumb","itemListElement":[{"@type":"ListItem","position":1,"name":"Startseite","item":"https:\/\/tierheim-moers.de\/Wordpress\/"},{"@type":"ListItem","position":2,"name":"Mietzi und Manni im neuen Zuhause"}]},{"@type":"WebSite","@id":"https:\/\/tierheim-moers.de\/Wordpress\/#website","url":"https:\/\/tierheim-moers.de\/Wordpress\/","name":"Tierheim Moers","description":"Tierheim | Hundepension | Tierschutz | Moers","publisher":{"@id":"https:\/\/tierheim-moers.de\/Wordpress\/#organization"},"potentialAction":[{"@type":"SearchAction","target":{"@type":"EntryPoint","urlTemplate":"https:\/\/tierheim-moers.de\/Wordpress\/?s={search_term_string}"},"query-input":{"@type":"PropertyValueSpecification","valueRequired":true,"valueName":"search_term_string"}}],"inLanguage":"de"},{"@type":"Organization","@id":"https:\/\/tierheim-moers.de\/Wordpress\/#organization","name":"Tierheim Moers","url":"https:\/\/tierheim-moers.de\/Wordpress\/","logo":{"@type":"ImageObject","inLanguage":"de","@id":"https:\/\/tierheim-moers.de\/Wordpress\/#\/schema\/logo\/image\/","url":"https:\/\/tierheim-moers.de\/Wordpress\/wp-content\/uploads\/2014\/04\/Logo-TSV-Moers-V01-RGB-300.png","contentUrl":"https:\/\/tierheim-moers.de\/Wordpress\/wp-content\/uploads\/2014\/04\/Logo-TSV-Moers-V01-RGB-300.png","width":1052,"height":1038,"caption":"Tierheim Moers"},"image":{"@id":"https:\/\/tierheim-moers.de\/Wordpress\/#\/schema\/logo\/image\/"},"sameAs":["https:\/\/de-de.facebook.com\/moers.tierheim"]},{"@type":"Person","@id":"https:\/\/tierheim-moers.de\/Wordpress\/#\/schema\/person\/35ad410ed2d8620d4f57f813585b0d8e","name":"Gisela Kuhnen","image":{"@type":"ImageObject","inLanguage":"de","@id":"https:\/\/tierheim-moers.de\/Wordpress\/#\/schema\/person\/image\/","url":"https:\/\/secure.gravatar.com\/avatar\/807ca84b4538291e2f5dc665ed240a0d4d7ab8f22360ec427a82fe926980b31a?s=96&d=mm&r=g","contentUrl":"https:\/\/secure.gravatar.com\/avatar\/807ca84b4538291e2f5dc665ed240a0d4d7ab8f22360ec427a82fe926980b31a?s=96&d=mm&r=g","caption":"Gisela Kuhnen"},"url":"https:\/\/tierheim-moers.de\/Wordpress\/author\/gisela-kuhnen\/"}]}},"_links":{"self":[{"href":"https:\/\/tierheim-moers.de\/Wordpress\/wp-json\/wp\/v2\/posts\/6833","targetHints":{"allow":["GET"]}}],"collection":[{"href":"https:\/\/tierheim-moers.de\/Wordpress\/wp-json\/wp\/v2\/posts"}],"about":[{"href":"https:\/\/tierheim-moers.de\/Wordpress\/wp-json\/wp\/v2\/types\/post"}],"author":[{"embeddable":true,"href":"https:\/\/tierheim-moers.de\/Wordpress\/wp-json\/wp\/v2\/users\/4"}],"replies":[{"embeddable":true,"href":"https:\/\/tierheim-moers.de\/Wordpress\/wp-json\/wp\/v2\/comments?post=6833"}],"version-history":[{"count":2,"href":"https:\/\/tierheim-moers.de\/Wordpress\/wp-json\/wp\/v2\/posts\/6833\/revisions"}],"predecessor-version":[{"id":6835,"href":"https:\/\/tierheim-moers.de\/Wordpress\/wp-json\/wp\/v2\/posts\/6833\/revisions\/6835"}],"wp:featuredmedia":[{"embeddable":true,"href":"https:\/\/tierheim-moers.de\/Wordpress\/wp-json\/wp\/v2\/media\/6820"}],"wp:attachment":[{"href":"https:\/\/tierheim-moers.de\/Wordpress\/wp-json\/wp\/v2\/media?parent=6833"}],"wp:term":[{"taxonomy":"category","embeddable":true,"href":"https:\/\/tierheim-moers.de\/Wordpress\/wp-json\/wp\/v2\/categories?post=6833"},{"taxonomy":"post_tag","embeddable":true,"href":"https:\/\/tierheim-moers.de\/Wordpress\/wp-json\/wp\/v2\/tags?post=6833"}],"curies":[{"name":"wp","href":"https:\/\/api.w.org\/{rel}","templated":true}]}}